{"id":275429,"date":"2025-07-26T15:06:10","date_gmt":"2025-07-26T15:06:10","guid":{"rendered":"https:\/\/www.europesays.com\/fr\/275429\/"},"modified":"2025-07-26T15:06:10","modified_gmt":"2025-07-26T15:06:10","slug":"atp-renzo-furlan-sinner-et-alcaraz-ont-une-destinee-mais-il-arrive-toujours-quelque-chose-dans-le-tennis-ce-pourrait-meme-etre-un-musetti-au-talent-extraordinaire-ou-un-shelton","status":"publish","type":"post","link":"https:\/\/www.europesays.com\/fr\/275429\/","title":{"rendered":"ATP > Renzo Furlan : \u00ab\u00a0Sinner et Alcaraz ont une destin\u00e9e mais il arrive toujours quelque chose dans le tennis. Ce pourrait m\u00eame \u00eatre un Musetti, au talent extraordinaire, ou un Shelton\u00a0\u00bb"},"content":{"rendered":"<p>Ancien coach de Paolini, Renzo a \u00e9t\u00e9 inter\u00adrog\u00e9 par nos confr\u00e8res <strong><a href=\"https:\/\/www.ubitennis.com\/blog\/2025\/07\/26\/wta-palermo-furlan-sinner-e-un-djokovic-2-0-per-us-open-mi-aspetto-fonseca\/?feed_id=53027&amp;_unique_id=6884b5781b677\" data-wpel-link=\"external\" target=\"_blank\" rel=\"nofollow external noopener\">d\u2019Ubitennis. <\/a><\/strong>Renzo s\u2019est prononc\u00e9 au sujet du poten\u00adtiel de Jannik Sinner.<\/p>\n<p>\u00ab\u202f<strong>Je consi\u00add\u00e8re\u00a0 Sinner comme un Novak Djokovic 2.0, c\u2019est mon avis. C\u2019est une version bien plus \u00e9volu\u00e9e d\u2019Agassi et de Djokovic. Alcaraz comme lui ont tous deux envie de s\u2019imiter, de progresser, et ils s\u2019ob\u00adservent beau\u00adcoup. Cela alimente leur riva\u00adlit\u00e9.\u00a0En termes de ressources, ce sont eux qui en ont clai\u00adre\u00adment plus que les autres.\u00a0Ils semblent destin\u00e9s, au moins dans les ann\u00e9es \u00e0 venir, \u00e0 devenir les deux r\u00e9f\u00e9\u00adrences du tennis mondial. Mais le tennis r\u00e9serve toujours des surprises\u202f; quel\u00adqu\u2019un arri\u00advera toujours. Ce pour\u00adrait m\u00eame \u00eatre un Musetti, au talent extra\u00ador\u00addi\u00adnaire, ou un Shelton. Quelque chose arrivera\u202f\u00bb<\/strong><\/p>\n<p class=\"post-published-date\" style=\"color: silver; font-size: 75%; text-align: left;\">Publi\u00e9 le samedi 26 juillet 2025 \u00e0 15:55<\/p>\n","protected":false},"excerpt":{"rendered":"Ancien coach de Paolini, Renzo a \u00e9t\u00e9 inter\u00adrog\u00e9 par nos confr\u00e8res d\u2019Ubitennis. Renzo s\u2019est prononc\u00e9 au sujet du&hellip;\n","protected":false},"author":2,"featured_media":251965,"comment_status":"","ping_status":"","sticky":false,"template":"","format":"standard","meta":{"footnotes":""},"categories":[1415],"tags":[18937,1744,105,1011,27,2126,2127,60,1467],"class_list":{"0":"post-275429","1":"post","2":"type-post","3":"status-publish","4":"format-standard","5":"has-post-thumbnail","7":"category-tennis","8":"tag-agassi","9":"tag-alcaraz","10":"tag-djokovic","11":"tag-fr","12":"tag-france","13":"tag-paolini","14":"tag-sinner","15":"tag-sports","16":"tag-tennis"},"share_on_mastodon":{"url":"https:\/\/pubeurope.com\/@fr\/114920160106455317","error":""},"_links":{"self":[{"href":"https:\/\/www.europesays.com\/fr\/wp-json\/wp\/v2\/posts\/275429","targetHints":{"allow":["GET"]}}],"collection":[{"href":"https:\/\/www.europesays.com\/fr\/wp-json\/wp\/v2\/posts"}],"about":[{"href":"https:\/\/www.europesays.com\/fr\/wp-json\/wp\/v2\/types\/post"}],"author":[{"embeddable":true,"href":"https:\/\/www.europesays.com\/fr\/wp-json\/wp\/v2\/users\/2"}],"replies":[{"embeddable":true,"href":"https:\/\/www.europesays.com\/fr\/wp-json\/wp\/v2\/comments?post=275429"}],"version-history":[{"count":0,"href":"https:\/\/www.europesays.com\/fr\/wp-json\/wp\/v2\/posts\/275429\/revisions"}],"wp:featuredmedia":[{"embeddable":true,"href":"https:\/\/www.europesays.com\/fr\/wp-json\/wp\/v2\/media\/251965"}],"wp:attachment":[{"href":"https:\/\/www.europesays.com\/fr\/wp-json\/wp\/v2\/media?parent=275429"}],"wp:term":[{"taxonomy":"category","embeddable":true,"href":"https:\/\/www.europesays.com\/fr\/wp-json\/wp\/v2\/categories?post=275429"},{"taxonomy":"post_tag","embeddable":true,"href":"https:\/\/www.europesays.com\/fr\/wp-json\/wp\/v2\/tags?post=275429"}],"curies":[{"name":"wp","href":"https:\/\/api.w.org\/{rel}","templated":true}]}}