{"id":27543,"date":"2025-04-15T20:46:13","date_gmt":"2025-04-15T20:46:13","guid":{"rendered":"https:\/\/www.europesays.com\/fr\/27543\/"},"modified":"2025-04-15T20:46:13","modified_gmt":"2025-04-15T20:46:13","slug":"le-theatre-sebastopol-de-lille-accueillera-le-spectacle-orso-et-le-secret-des-etoiles-le-dimanche-29-mars-2026","status":"publish","type":"post","link":"https:\/\/www.europesays.com\/fr\/27543\/","title":{"rendered":"Le Th\u00e9\u00e2tre S\u00e9bastopol de Lille accueillera le spectacle \u00ab\u00a0Orso et le secret des \u00e9toiles\u00a0\u00bb le dimanche 29 mars 2026"},"content":{"rendered":"<p style=\"text-align: justify;\"><strong>Dimanche 29 mars 2026 \u00e0 14h &amp; 17h30, <\/strong>le <strong>Th\u00e9\u00e2tre S\u00e9bastopol de Lille <\/strong>accueillera le <strong>spectacle<\/strong> <strong>\u00ab\u00a0Orso et le secret des \u00e9toiles\u00a0\u00bb.<\/strong><\/p>\n<p><img loading=\"lazy\" decoding=\"async\" width=\"1024\" height=\"1024\" src=\"https:\/\/www.europesays.com\/fr\/wp-content\/uploads\/2025\/04\/orso_et_le_secret_des_etoiles-1024x1024.jpg\" alt=\"\" class=\"wp-image-84036\" style=\"aspect-ratio:1;width:400px;height:auto\"  \/><\/p>\n<p style=\"text-align: justify;\">Spectacle \u00ab\u00a0Orso et le secret des \u00e9toiles\u00a0\u00bb<br \/><strong>Orso et le Secret des \u00c9toiles<\/strong> est un spectacle musical dr\u00f4le et \u00e9mouvant qui s\u00e9duira petits et grands r\u00eaveurs.<\/p>\n<p style=\"text-align: justify;\">Avec la participation de <strong>Claudia Tagbo<\/strong> dans le r\u00f4le du Soleil et les chansons de <strong>Ga\u00ebtan Roussel \/ Pierre-Dominique Burgaud<\/strong>, <strong>Anna Chedid, Martin Luminet.<\/strong>..<\/p>\n<p style=\"text-align: justify;\">\u00c9crit par<strong> Sylvie Gaillard<\/strong> et mis en sc\u00e8ne par <strong>Ludovic Marcato<\/strong> (Cirque de Paname: Le Monde de Jal\u00e8ya\u2026).<br \/>Pendant que nous dormons paisiblement, l\u00e0-haut dans le ciel une \u00e9quipe pas comme les autres veille sur nos nuits.<\/p>\n<p style=\"text-align: justify;\">Mais un jour, catastrophe : le sable magique du marchand de sable a disparu, et sans lui, plus de r\u00eaves\u2026 Orso, l\u2019apprenti du Ma\u00eetre du Temps, va devoir affronter sa peur de la nuit pour d\u00e9couvrir ce qu\u2019il s\u2019est pass\u00e9 et retrouver le sable magique. Une v\u00e9ritable course contre la montre s\u2019engage alors, avant que le Soleil ne se couche.<\/p>\n<p style=\"text-align: justify;\"><strong>Orso et le Secret des \u00c9toiles<\/strong> est une com\u00e9die musicale qui parle des peurs nocturnes, du temps et de la confiance en soi. Le spectacle est port\u00e9 par une troupe de com\u00e9diens.nes et chanteurs.euses \u00e9poustouflants.es.\u00a0<\/p>\n<p style=\"text-align: justify;\">Un marchand de sable superstar, une f\u00e9e des \u00e9toiles faussement surmen\u00e9e, un Soleil\u2026 bien trop flamboyant, des crabes intenables, et une catapulte \u00e0 \u00e9toiles filantes\u2026<\/p>\n<p style=\"text-align: justify;\"><strong>Orso et le Secret des \u00c9toiles<\/strong> revisite avec humour et \u00e9nergie les personnages classiques de nos nuits dans des d\u00e9cors sublimes et des costumes spectaculaires.<\/p>\n<p><img loading=\"lazy\" decoding=\"async\" class=\"tie-appear\" src=\"https:\/\/www.europesays.com\/fr\/wp-content\/uploads\/2025\/04\/1744722321_833_arrow.png\" alt=\"Puce\" width=\"9\" height=\"9\"\/> Les <strong>billets<\/strong> sont en vente dans les <strong>points de vente habituels. Les tarifs <\/strong>se situent entre<strong> 39\u20ac <\/strong>et <strong>49\u20ac.<\/strong><\/p>\n<p><img loading=\"lazy\" decoding=\"async\" class=\"tie-appear\" src=\"https:\/\/www.europesays.com\/fr\/wp-content\/uploads\/2025\/04\/1744722321_833_arrow.png\" alt=\"Puce\" width=\"9\" height=\"9\"\/> <a href=\"http:\/\/www.nuitsdartistes.com\/\" target=\"_blank\" rel=\"noreferrer noopener\">Site internet de Nuits d\u2019Artistes<\/a><\/p>\n<p>\u00a0<\/p>\n<p class=\"has-text-align-right\">Source : Nuits d\u2019Artistes \/ Images : DR \u2013 \u00a9 Mediavision Live<\/p>\n","protected":false},"excerpt":{"rendered":"Dimanche 29 mars 2026 \u00e0 14h &amp; 17h30, le Th\u00e9\u00e2tre S\u00e9bastopol de Lille accueillera le spectacle \u00ab\u00a0Orso et&hellip;\n","protected":false},"author":2,"featured_media":27544,"comment_status":"","ping_status":"","sticky":false,"template":"","format":"standard","meta":{"footnotes":""},"categories":[2815],"tags":[9694,1111,11,1777,674,1011,27,811,1307,12,9695,25,3140,9429],"class_list":{"0":"post-27543","1":"post","2":"type-post","3":"status-publish","4":"format-standard","5":"has-post-thumbnail","7":"category-lille","8":"tag-29-mars-2026","9":"tag-actu","10":"tag-actualites","11":"tag-eu","12":"tag-europe","13":"tag-fr","14":"tag-france","15":"tag-hauts-de-france","16":"tag-lille","17":"tag-news","18":"tag-orso-et-le-secret-des-etoiles","19":"tag-republique-francaise","20":"tag-spectacle","21":"tag-theatre-sebastopol"},"share_on_mastodon":{"url":"https:\/\/pubeurope.com\/@fr\/114343941575812028","error":""},"_links":{"self":[{"href":"https:\/\/www.europesays.com\/fr\/wp-json\/wp\/v2\/posts\/27543","targetHints":{"allow":["GET"]}}],"collection":[{"href":"https:\/\/www.europesays.com\/fr\/wp-json\/wp\/v2\/posts"}],"about":[{"href":"https:\/\/www.europesays.com\/fr\/wp-json\/wp\/v2\/types\/post"}],"author":[{"embeddable":true,"href":"https:\/\/www.europesays.com\/fr\/wp-json\/wp\/v2\/users\/2"}],"replies":[{"embeddable":true,"href":"https:\/\/www.europesays.com\/fr\/wp-json\/wp\/v2\/comments?post=27543"}],"version-history":[{"count":0,"href":"https:\/\/www.europesays.com\/fr\/wp-json\/wp\/v2\/posts\/27543\/revisions"}],"wp:featuredmedia":[{"embeddable":true,"href":"https:\/\/www.europesays.com\/fr\/wp-json\/wp\/v2\/media\/27544"}],"wp:attachment":[{"href":"https:\/\/www.europesays.com\/fr\/wp-json\/wp\/v2\/media?parent=27543"}],"wp:term":[{"taxonomy":"category","embeddable":true,"href":"https:\/\/www.europesays.com\/fr\/wp-json\/wp\/v2\/categories?post=27543"},{"taxonomy":"post_tag","embeddable":true,"href":"https:\/\/www.europesays.com\/fr\/wp-json\/wp\/v2\/tags?post=27543"}],"curies":[{"name":"wp","href":"https:\/\/api.w.org\/{rel}","templated":true}]}}