{"id":275430,"date":"2025-07-26T15:08:11","date_gmt":"2025-07-26T15:08:11","guid":{"rendered":"https:\/\/www.europesays.com\/fr\/275430\/"},"modified":"2025-07-26T15:08:11","modified_gmt":"2025-07-26T15:08:11","slug":"zarco-sent-honda-coince-et-attend-des-nouveautes-au-plus-vite","status":"publish","type":"post","link":"https:\/\/www.europesays.com\/fr\/275430\/","title":{"rendered":"Zarco sent Honda \u00ab\u00a0coinc\u00e9\u00a0\u00bb et attend des nouveaut\u00e9s au plus vite"},"content":{"rendered":"<p>Honda a montr\u00e9 de gros signes de progr\u00e8s en d\u00e9but de saison, et <a href=\"https:\/\/fr.motorsport.com\/driver\/johann-zarco\/96107\/\" target=\"_blank\" rel=\"noopener\">Johann Zarco<\/a> a m\u00eame profit\u00e9 de circonstances de course particuli\u00e8res pour s&rsquo;offrir une magnifique victoire au GP de France puis un podium \u00e0 Silverstone. Cela se traduit avec un total de 147 points au championnat des constructeurs, pr\u00e8s du double des 75 engrang\u00e9s sur la totalit\u00e9 de la saison 2024.<\/p>\n<p>\u00c0 titre personnel, Zarco se f\u00e9licite d&rsquo;avoir \u00e9t\u00e9 r\u00e9guli\u00e8rement un candidat \u00e0 la premi\u00e8re moiti\u00e9 de classement. \u00ab\u00a0Je suis \u00e0 la huiti\u00e8me position [au championnat], j&rsquo;ai souvent confirm\u00e9 ce top 10\u00a0\u00bb, a soulign\u00e9 le Fran\u00e7ais au moment de dresser le bilan de la premi\u00e8re moiti\u00e9 de saison. \u00ab\u00a0J&rsquo;avais annonc\u00e9 en d\u00e9but d&rsquo;ann\u00e9e que si on pouvait faire de bonnes choses avec cette moto, on pourrait \u00eatre dans le top 10, et cela a \u00e9t\u00e9 le cas, avec deux r\u00e9sultats exceptionnels, une premi\u00e8re et une deuxi\u00e8me place, en France et en Angleterre.\u00a0\u00bb<\/p>\n<p>Pour autant, Zarco a <a href=\"https:\/\/fr.motorsport.com\/motogp\/news\/mir-zarco-honda-pietiner-performances\/10739046\/\" target=\"_blank\" rel=\"noopener\">vu Honda plafonner depuis quelques Grands Prix<\/a>. Class\u00e9 cinq fois dans ce fameux top 10 en course principale lors des sept premi\u00e8res \u00e9preuves de l&rsquo;ann\u00e9e, il n&rsquo;a plus atteint ces positions lors des cinq suivantes. Une r\u00e9gression qui va de pair avec une concurrence qui progresse, alors que la Honda n&rsquo;a pas re\u00e7u d&rsquo;\u00e9volution. Le pilote LCR juge donc des changements indispensables.<\/p>\n<p>\u00ab\u00a0J&rsquo;esp\u00e8re que quand on entamera la deuxi\u00e8me moiti\u00e9 de la saison, on aura des \u00e9volutions de la part de Honda, qui sont vraiment n\u00e9cessaires. On a eu des \u00e9volutions en d\u00e9but d&rsquo;ann\u00e9e mais depuis trop de mois, on est coinc\u00e9s dans une chose avec laquelle il est tr\u00e8s difficile d&rsquo;aller plus loin. Quand j&rsquo;essaie d&rsquo;attaquer un peu plus, la limite est souvent la chute. Ou il faut ralentir et juste attendre. J&rsquo;esp\u00e8re que nous aurons quelques \u00e9volutions \u00e0 partir de l&rsquo;Autriche cette ann\u00e9e.\u00a0\u00bb<\/p>\n<p>   <img decoding=\"async\" draggable=\"false\" src=\"https:\/\/www.europesays.com\/fr\/wp-content\/uploads\/2025\/07\/1753542491_434_joan-mir-honda-hrc.jpg\" alt=\"Joan Mir, Honda HRC\" width=\"1200\" height=\"800\" loading=\"lazy\"\/> <\/p>\n<p class=\"title\">Joan Mir<\/p>\n<p class=\"photographer\">Photo de: Gold and Goose Photography \/ LAT Images \/ via Getty Images<\/p>\n<p>Le constat est exactement le m\u00eame dans l&rsquo;\u00e9quipe officielle, avec un <a href=\"https:\/\/fr.motorsport.com\/driver\/joan-mir\/289392\/\" target=\"_blank\" rel=\"noopener\">Joan Mir<\/a> qui d\u00e9plore aussi l&rsquo;absence de nouveaut\u00e9s sur la RC213V. \u00ab\u00a0On n&rsquo;a pas am\u00e9lior\u00e9 la moto depuis le d\u00e9but de l&rsquo;ann\u00e9e\u00a0\u00bb, a r\u00e9sum\u00e9 le champion du monde 2020. \u00ab\u00a0On a fait de gros progr\u00e8s en d\u00e9but d&rsquo;ann\u00e9e, on \u00e9tait super optimistes, et maintenant on est \u00e0 mi-saison et on attend des nouveaut\u00e9s pour continuer \u00e0 progresser.\u00a0\u00bb\u00a0<\/p>\n<p>Zarco estime \u00eatre arriv\u00e9 aux limites de ce que sa machine actuelle peut faire actuellement. Il est d\u00e9sormais bien au fait des r\u00e9glages les plus efficaces et se sent \u00e0 court de solutions pour faire mieux\u00a0: \u00ab\u00a0Je pense qu&rsquo;on conna\u00eet assez bien notre moto pour changer des choses quand on a du mal ou quand on a besoin de faire quelque chose de mieux. Mais pour le moment, avec la moto que l&rsquo;on a, on est vraiment \u00e0 la limite.\u00a0\u00bb<\/p>\n<p>\u00ab\u00a0Au Mugello et \u00e0 Assen, on a test\u00e9 des r\u00e9glages vraiment diff\u00e9rents, \u00e7a n&rsquo;a pas fonctionn\u00e9. On est revenus \u00e0 des r\u00e9glages qui fonctionnaient un peu mieux, j&rsquo;ai retrouv\u00e9 le top 10.\u00a0\u00bb<\/p>\n<p>Lire aussi :<\/p>\n<p>Dans cet article<\/p>\n<p>Soyez le premier inform\u00e9 et souscrivez aux alertes mails pour recevoir les infos en temps r\u00e9el<\/p>\n<p>    S&rsquo;abonner aux alertes de news<\/p>\n","protected":false},"excerpt":{"rendered":"Honda a montr\u00e9 de gros signes de progr\u00e8s en d\u00e9but de saison, et Johann Zarco a m\u00eame profit\u00e9&hellip;\n","protected":false},"author":2,"featured_media":275431,"comment_status":"","ping_status":"","sticky":false,"template":"","format":"standard","meta":{"footnotes":""},"categories":[1413],"tags":[1011,27,3345,3346,1741,1457,1456,1458,60,3771],"class_list":{"0":"post-275430","1":"post","2":"type-post","3":"status-publish","4":"format-standard","5":"has-post-thumbnail","7":"category-moto","8":"tag-fr","9":"tag-france","10":"tag-honda-hrc","11":"tag-joan-mir","12":"tag-johann-zarco","13":"tag-moto","14":"tag-motocycle","15":"tag-motogp","16":"tag-sports","17":"tag-team-lcr"},"share_on_mastodon":{"url":"https:\/\/pubeurope.com\/@fr\/114920168248401770","error":""},"_links":{"self":[{"href":"https:\/\/www.europesays.com\/fr\/wp-json\/wp\/v2\/posts\/275430","targetHints":{"allow":["GET"]}}],"collection":[{"href":"https:\/\/www.europesays.com\/fr\/wp-json\/wp\/v2\/posts"}],"about":[{"href":"https:\/\/www.europesays.com\/fr\/wp-json\/wp\/v2\/types\/post"}],"author":[{"embeddable":true,"href":"https:\/\/www.europesays.com\/fr\/wp-json\/wp\/v2\/users\/2"}],"replies":[{"embeddable":true,"href":"https:\/\/www.europesays.com\/fr\/wp-json\/wp\/v2\/comments?post=275430"}],"version-history":[{"count":0,"href":"https:\/\/www.europesays.com\/fr\/wp-json\/wp\/v2\/posts\/275430\/revisions"}],"wp:featuredmedia":[{"embeddable":true,"href":"https:\/\/www.europesays.com\/fr\/wp-json\/wp\/v2\/media\/275431"}],"wp:attachment":[{"href":"https:\/\/www.europesays.com\/fr\/wp-json\/wp\/v2\/media?parent=275430"}],"wp:term":[{"taxonomy":"category","embeddable":true,"href":"https:\/\/www.europesays.com\/fr\/wp-json\/wp\/v2\/categories?post=275430"},{"taxonomy":"post_tag","embeddable":true,"href":"https:\/\/www.europesays.com\/fr\/wp-json\/wp\/v2\/tags?post=275430"}],"curies":[{"name":"wp","href":"https:\/\/api.w.org\/{rel}","templated":true}]}}