{"id":275432,"date":"2025-07-26T15:09:13","date_gmt":"2025-07-26T15:09:13","guid":{"rendered":"https:\/\/www.europesays.com\/fr\/275432\/"},"modified":"2025-07-26T15:09:13","modified_gmt":"2025-07-26T15:09:13","slug":"norris-prend-sa-revanche-sur-piastri-et-signe-la-pole-a-spa","status":"publish","type":"post","link":"https:\/\/www.europesays.com\/fr\/275432\/","title":{"rendered":"Norris prend sa revanche sur Piastri et signe la pole \u00e0 Spa"},"content":{"rendered":"<p>Troisi\u00e8me week-end sprint de la saison, c&rsquo;est <a href=\"https:\/\/fr.motorsport.com\/driver\/max-verstappen\/93029\/\" target=\"_blank\" rel=\"noopener\">Max Verstappen<\/a> qui s&rsquo;est impos\u00e9 lors de la course courte plus t\u00f4t dans la journ\u00e9e. Le N\u00e9erlandais a su profiter de sa vitesse de pointe pour prendre l&rsquo;avantage sur <a href=\"https:\/\/fr.motorsport.com\/driver\/oscar-piastri\/835356\/\" target=\"_blank\" rel=\"noopener\">Oscar Piastri<\/a>, mais c&rsquo;est bien l&rsquo;Australien qui s&rsquo;est montr\u00e9 le plus rapide depuis le d\u00e9but du week-end, signant la pole position des qualifications sprint vendredi, pour 477 milli\u00e8mes d&rsquo;avance sur la <a href=\"https:\/\/fr.motorsport.com\/team\/red-bull\/553\/\" target=\"_blank\" rel=\"noopener\">Red Bull<\/a>.<\/p>\n<p>Ce samedi apr\u00e8s-midi, les <a href=\"https:\/\/fr.motorsport.com\/team\/mclaren\/609\/\" target=\"_blank\" rel=\"noopener\">McLaren<\/a> d&rsquo;Oscar Piastri et <a href=\"https:\/\/fr.motorsport.com\/driver\/lando-norris\/289708\/\" target=\"_blank\" rel=\"noopener\">Lando Norris<\/a> restent les favorites \u00e0 Spa-Francorchamps, alors que Max Verstappen a d\u00e9clar\u00e9 que sa victoire en sprint avait \u00e9t\u00e9 le r\u00e9sultat de <a href=\"https:\/\/fr.motorsport.com\/f1\/news\/verstappen-contraint-au-dela-limite-retenir-piastri\/10745371\/\" target=\"_self\" rel=\"noopener\">15 tours de qualifications<\/a>.\u00a0<\/p>\n<p>Q1 &#8211; Hamilton et Antonelli \u00e9limin\u00e9s<\/p>\n<p>Pour le d\u00e9but de cette Q1, les temp\u00e9ratures sont l\u00e9g\u00e8rement sup\u00e9rieures \u00e0 ce midi pour la sprint : 22\u00b0C dans l&rsquo;air et 37\u00b0C au sol. <a href=\"https:\/\/fr.motorsport.com\/driver\/franco-colapinto\/875918\/\" target=\"_blank\" rel=\"noopener\">Franco Colapinto<\/a> est le premier en piste, suivi de <a href=\"https:\/\/fr.motorsport.com\/driver\/pierre-gasly\/95098\/\" target=\"_blank\" rel=\"noopener\">Pierre Gasly<\/a>, mais les deux pilotes <a href=\"https:\/\/fr.motorsport.com\/team\/alpine\/37490\/\" target=\"_blank\" rel=\"noopener\">Alpine<\/a> rentrent directement aux stands sans faire de tour rapide. Le premier chrono est r\u00e9alis\u00e9 par Lando Norris en 1&rsquo;42\u00a0\u00bb076, directement battu par Oscar Piastri en 1&rsquo;41\u00a0\u00bb998. Max Verstappen vient s&rsquo;intercaler entre les deux pilotes McLaren, alors que <a href=\"https:\/\/fr.motorsport.com\/driver\/liam-lawson\/826061\/\" target=\"_blank\" rel=\"noopener\">Liam Lawson<\/a> prend le meilleur temps en 1&rsquo;41\u00a0\u00bb765. C&rsquo;est ensuite Carlos Sainz en 1&rsquo;41\u00a0\u00bb691, puis <a href=\"https:\/\/fr.motorsport.com\/driver\/charles-leclerc\/109632\/\" target=\"_blank\" rel=\"noopener\">Charles Leclerc<\/a> en 1&rsquo;41\u00a0\u00bb635 qui signent successivement le meilleur chrono.<\/p>\n<p>   <img decoding=\"async\" draggable=\"false\" src=\"https:\/\/www.europesays.com\/fr\/wp-content\/uploads\/2025\/07\/1753542553_179_lewis-hamilton-ferrari.jpg\" alt=\"Lewis Hamilton, Ferrari\" width=\"1200\" height=\"800\" loading=\"lazy\"\/> <\/p>\n<p class=\"title\">Lewis Hamilton, Ferrari<\/p>\n<p class=\"photographer\">Photo de: Ryan Pierse \/ Getty Images<\/p>\n<p>Mais sur un deuxi\u00e8me tour, Lando Norris frappe fort en am\u00e9liorant de plus de six dixi\u00e8mes en 1&rsquo;41\u00a0\u00bb010. Oscar Piastri passe la ligne quelques secondes plus tard mais \u00e9choue \u00e0 191 milli\u00e8mes.\u00a0\u00c0 quatre minutes du terme, les <a href=\"https:\/\/fr.motorsport.com\/team\/mercedes\/611\/\" target=\"_blank\" rel=\"noopener\">Mercedes<\/a> pointent aux 17e et 19e places. Alors que <a href=\"https:\/\/fr.motorsport.com\/driver\/kimi-antonelli\/947765\/\" target=\"_blank\" rel=\"noopener\">Kimi Antonelli<\/a> remonte au 12e rang, <a href=\"https:\/\/fr.motorsport.com\/driver\/george-russell\/96626\/\" target=\"_blank\" rel=\"noopener\">George Russell<\/a> int\u00e8gre le top 10 \u00e0 la huiti\u00e8me position. <a href=\"https:\/\/fr.motorsport.com\/driver\/esteban-ocon\/95096\/\" target=\"_blank\" rel=\"noopener\">Esteban Ocon<\/a> et Pierre Gasly valident leur ticket pour la Q2, tandis que <a href=\"https:\/\/fr.motorsport.com\/driver\/lewis-hamilton\/76878\/\" target=\"_blank\" rel=\"noopener\">Lewis Hamilton<\/a> se retrouve en danger mais parvient \u00e0 remonter jusqu&rsquo;au septi\u00e8me rang.<\/p>\n<p>Seulement, le temps du pilote <a href=\"https:\/\/fr.motorsport.com\/team\/ferrari\/615\/\" target=\"_blank\" rel=\"noopener\">Ferrari<\/a> est finalement annul\u00e9 pour avoir d\u00e9pass\u00e9 les limites de la piste dans le Raidillon. Le Britannique se retrouve donc \u00e9limin\u00e9 \u00e0 la 16e position, devant Colapinto, Antonelli et les deux <a href=\"https:\/\/fr.motorsport.com\/team\/aston-martin\/806\/\" target=\"_blank\" rel=\"noopener\">Aston Martin<\/a> de <a href=\"https:\/\/fr.motorsport.com\/driver\/fernando-alonso\/76096\/\" target=\"_blank\" rel=\"noopener\">Fernando Alonso<\/a> et <a href=\"https:\/\/fr.motorsport.com\/driver\/lance-stroll\/96414\/\" target=\"_blank\" rel=\"noopener\">Lance Stroll<\/a>.\u00a0<\/p>\n<p><strong>Les \u00e9limin\u00e9s en Q1 :<\/strong>\u00a0Hamilton, Colapinto, Antonelli, Alonso, Stroll<\/p>\n<p>Q2 -Yuki Tsunoda de retour en Q3<\/p>\n<p>Max Verstappen est le premier \u00e0 prendre la piste dans cette Q2. Le N\u00e9erlandais signe logiquement le premier chrono en 1&rsquo;40\u00a0\u00bb951. Alors que <a href=\"https:\/\/fr.motorsport.com\/driver\/yuki-tsunoda\/828578\/\" target=\"_blank\" rel=\"noopener\">Yuki Tsunoda<\/a> vient se caler \u00e0 trois dixi\u00e8mes de son co\u00e9quipier, Piastri prend le meilleur temps en 1&rsquo;40\u00a0\u00bb626, suivi de son co\u00e9quipier \u00e0 89 milli\u00e8mes. Charles Leclerc s&rsquo;intercale \u00e0 la quatri\u00e8me place, entre les deux Red Bull.<\/p>\n<p>Apr\u00e8s une belle frayeur, <a href=\"https:\/\/fr.motorsport.com\/driver\/oliver-bearman\/878515\/\" target=\"_blank\" rel=\"noopener\">Oliver Bearman<\/a> a d\u00fb abandonner son tour et n&rsquo;aura donc qu&rsquo;une seule tentative. Dans le m\u00eame temps, Ocon tient le neuvi\u00e8me temps mais reste en danger. Avant les derniers runs, Les deux <a href=\"https:\/\/fr.motorsport.com\/team\/stake-sauber\/612\/\" target=\"_blank\" rel=\"noopener\">Stake Sauber<\/a>, Gasly, Sainz et donc Bearman sont provisoirement \u00e9limin\u00e9s.<\/p>\n<p>\u00a0<\/p>\n<p>Dans un premier temps, Gasly remonte au neuvi\u00e8me rang, mais se voit \u00e9limin\u00e9 par Lawson qui remonte \u00e0 la huiti\u00e8me place. Parmi les \u00e9limin\u00e9s, Gasly est rejoint par <a href=\"https:\/\/fr.motorsport.com\/driver\/nico-hulkenberg\/84891\/\" target=\"_blank\" rel=\"noopener\">Nico H\u00fclkenberg<\/a> et Carlos Sainz, ainsi que les deux <a href=\"https:\/\/fr.motorsport.com\/team\/haas\/1949\/\" target=\"_blank\" rel=\"noopener\">Haas<\/a>, qui s&rsquo;\u00e9lanceront aux 11e et 12e rangs. A noter, la qualifications en Q3 de Tsunoda, une premi\u00e8re depuis le Grand Prix de Miami il y a sept manches.\u00a0<\/p>\n<p><strong>Les \u00e9limin\u00e9s en Q2 :<\/strong>\u00a0Ocon, Bearman, Gasly, H\u00fclkenberg, Sainz<\/p>\n<p>Q3 &#8211; Norris s&rsquo;offre la pole\u00a0<\/p>\n<p>Dans cette derni\u00e8re partie des qualifications, Russell est le premier en piste et signe un premier chrono en 1&rsquo;41\u00a0\u00bb540, battu directement par Verstappen en 1&rsquo;41\u00a0\u00bb078. Mais les deux McLaren ont le dernier mot. Oscar Piastri signe un 1&rsquo;40\u00a0\u00bb751, avant d&rsquo;\u00eatre battu par Norris en 1&rsquo;40\u00a0\u00bb562, le pla\u00e7ant en pole position provisoire. Derri\u00e8re Leclerc se place au quatri\u00e8me rang, devant Russell, Tsunoda, Lawson, Albon, Hadjar et Bortoleto. Le Br\u00e9silien, auteur du dixi\u00e8me chrono, a vu son temps \u00eatre annul\u00e9 apr\u00e8s avoir d\u00e9pass\u00e9 les limites de la piste dans Pouhon.<\/p>\n<p>Verstappen est le premier \u00e0 s&rsquo;\u00e9lancer pour cette ultime tentative. Le N\u00e9erlandais n&rsquo;am\u00e9liore pas sa propre marque et perd m\u00eame une place face \u00e0 Leclerc qui am\u00e9liore. Norris et Piastri n&rsquo;am\u00e9liorent pas non plus, Norris prenant la pole position du Grand Prix de Belgique. Albon r\u00e9alise un tr\u00e8s beau tour pour prendre la cinqui\u00e8me place devant Russell, Tsunoda, Hadjar, Lawson et Bortoleto.<\/p>\n<p>Lire aussi :<\/p>\n<p><img decoding=\"async\" class=\"ms-flag-img ms-flag-img_s2\" title=\"Belgium\" src=\"https:\/\/cdn-3.motorsport.com\/static\/img\/cf\/be-3.svg\" alt=\"Belgium\" width=\"32\" loading=\"lazy\"\/>\u00a0Grand Prix de Belgique &#8211; Qualifications<\/p>\n<p><strong>Q1<\/strong><\/p>\n<p><strong>Q2<\/strong><\/p>\n<p><strong>Q3<\/strong><\/p>\n<p>\u00a0<\/p>\n<\/p>\n<\/p>\n<p>Dans cet article<\/p>\n<p>Soyez le premier inform\u00e9 et souscrivez aux alertes mails pour recevoir les infos en temps r\u00e9el<\/p>\n<p>    S&rsquo;abonner aux alertes de news<\/p>\n","protected":false},"excerpt":{"rendered":"Troisi\u00e8me week-end sprint de la saison, c&rsquo;est Max Verstappen qui s&rsquo;est impos\u00e9 lors de la course courte plus&hellip;\n","protected":false},"author":2,"featured_media":275433,"comment_status":"","ping_status":"","sticky":false,"template":"","format":"standard","meta":{"footnotes":""},"categories":[1412],"tags":[1451,1452,1453,1454,1455,1011,27,38196,19528,60],"class_list":{"0":"post-275432","1":"post","2":"type-post","3":"status-publish","4":"format-standard","5":"has-post-thumbnail","7":"category-f1","8":"tag-f1","9":"tag-formula-1","10":"tag-formula1","11":"tag-formule-1","12":"tag-formule1","13":"tag-fr","14":"tag-france","15":"tag-gp-de-belgique","16":"tag-spa-francorchamps","17":"tag-sports"},"share_on_mastodon":{"url":"https:\/\/pubeurope.com\/@fr\/114920172003208998","error":""},"_links":{"self":[{"href":"https:\/\/www.europesays.com\/fr\/wp-json\/wp\/v2\/posts\/275432","targetHints":{"allow":["GET"]}}],"collection":[{"href":"https:\/\/www.europesays.com\/fr\/wp-json\/wp\/v2\/posts"}],"about":[{"href":"https:\/\/www.europesays.com\/fr\/wp-json\/wp\/v2\/types\/post"}],"author":[{"embeddable":true,"href":"https:\/\/www.europesays.com\/fr\/wp-json\/wp\/v2\/users\/2"}],"replies":[{"embeddable":true,"href":"https:\/\/www.europesays.com\/fr\/wp-json\/wp\/v2\/comments?post=275432"}],"version-history":[{"count":0,"href":"https:\/\/www.europesays.com\/fr\/wp-json\/wp\/v2\/posts\/275432\/revisions"}],"wp:featuredmedia":[{"embeddable":true,"href":"https:\/\/www.europesays.com\/fr\/wp-json\/wp\/v2\/media\/275433"}],"wp:attachment":[{"href":"https:\/\/www.europesays.com\/fr\/wp-json\/wp\/v2\/media?parent=275432"}],"wp:term":[{"taxonomy":"category","embeddable":true,"href":"https:\/\/www.europesays.com\/fr\/wp-json\/wp\/v2\/categories?post=275432"},{"taxonomy":"post_tag","embeddable":true,"href":"https:\/\/www.europesays.com\/fr\/wp-json\/wp\/v2\/tags?post=275432"}],"curies":[{"name":"wp","href":"https:\/\/api.w.org\/{rel}","templated":true}]}}