{"id":275442,"date":"2025-07-26T15:14:31","date_gmt":"2025-07-26T15:14:31","guid":{"rendered":"https:\/\/www.europesays.com\/fr\/275442\/"},"modified":"2025-07-26T15:14:31","modified_gmt":"2025-07-26T15:14:31","slug":"gard-deux-pieces-et-deux-livres-pour-un-ete-sublime","status":"publish","type":"post","link":"https:\/\/www.europesays.com\/fr\/275442\/","title":{"rendered":"GARD Deux pi\u00e8ces et deux livres pour un \u00e9t\u00e9 sublim\u00e9"},"content":{"rendered":"<p>Deux pi\u00e8ces de th\u00e9\u00e2tres deviennent des livres indispensables parus chez Alcide.<\/p>\n<p>\n\t<img decoding=\"async\" src=\"https:\/\/www.europesays.com\/fr\/wp-content\/uploads\/2025\/07\/1753542866_65_image.jpg\" alt=\"La nuit des Camisards Alcide (Photo Anthony Maurin)\"\/><\/p>\n<p>\t\t\t\t\tLa nuit des Camisards Alcide (Photo Anthony Maurin)<\/p>\n<p><strong><a href=\"https:\/\/www.editions-alcide.com\/produit\/elise-la-colere-de-dieu\/\" rel=\"nofollow noopener\" target=\"_blank\">\u00c9lise, la col\u00e8re de Dieu<\/a><\/strong> constitue avec, <strong><a href=\"https:\/\/www.editions-alcide.com\/produit\/la-nuit-des-camisards\/\" rel=\"nofollow noopener\" target=\"_blank\">La nuit des Camisards<\/a><\/strong>, un groupe de deux pi\u00e8ces dont les intrigues peuvent former une suite, mais que l&rsquo;on peut voir ou lire ind\u00e9pendamment.<\/p>\n<p>Elles sont con\u00e7ues pour \u00eatre jou\u00e9es au d\u00e9sert, en des lieux \u00e9cart\u00e9s et sauvages, semblables \u00e0 ceux o\u00f9 se tenaient les assembl\u00e9es clandestines (en r\u00e9f\u00e9rence \u00e0 la travers\u00e9e du d\u00e9sert de Mo\u00efse, le \u00ab D\u00e9sert \u00bb \u00e9voque la clandestinit\u00e9 des protestants rest\u00e9s en France pendant les pers\u00e9cutions religieuses, entre la r\u00e9vocation de l&rsquo;\u00e9dit de Nantes (1685) et l&rsquo;\u00e9dit de Tol\u00e9rance de Versailles (1787).<\/p>\n<p>Apr\u00e8s le succ\u00e8s de La nuit des Camisards, Lionnel Astier aborde le temps de la guerre. Rythme effr\u00e9n\u00e9, rebondissements, suspense, l&rsquo;auteur entra\u00eene son public aux c\u00f4t\u00e9s de personnages pr\u00e9cipit\u00e9s dans le chaos de l&rsquo;Histoire, entre engagement, r\u00e9sistance, violence&#8230; ou pas.<\/p>\n<p>\n\t<img decoding=\"async\" src=\"https:\/\/www.europesays.com\/fr\/wp-content\/uploads\/2025\/07\/1753542867_836_image.jpg\" alt=\"\u00c9lise, la col\u00e8re de Dieu paru aux \u00e9ditions Alcide (Photo Anthony Maurin)\"\/><\/p>\n<p>\t\t\t\t\t\u00c9lise, la col\u00e8re de Dieu paru aux \u00e9ditions Alcide (Photo Anthony Maurin)<\/p>\n<p>Bien qu&rsquo;inspir\u00e9e de personnages, de lieux et d&rsquo;\u00e9v\u00e9nements r\u00e9els, \u00c9lise, la col\u00e8re de Dieu est une totale fiction. Plus pr\u00e9cis\u00e9ment, une fiction historique, genre qui situe le r\u00e9cit dans le cadre historique pr\u00e9cis d&rsquo;un pass\u00e9 proche ou lointain. Mais remontons un peu le temps\u2026<\/p>\n<p>L\u2019histoire<\/p>\n<p>Le 18 octobre 1685, la r\u00e9vocation de l&rsquo;\u00e9dit de Nantes conclut une p\u00e9riode de terreur par laquelle Louis XIV, dans sa volont\u00e9 d&rsquo;unit\u00e9, a obtenu la conversion des protestants de France au catholicisme. Cet acte parach\u00e8ve presqu&rsquo;un si\u00e8cle de dissuasions, d&rsquo;intimidations, de spoliations et pour finir de pers\u00e9cutions du peuple r\u00e9form\u00e9. Le d\u00e9cret commande, entre autres, l&rsquo;interdiction des assembl\u00e9es, la d\u00e9molition des temples, le d\u00e9part des pasteurs hors du royaume, l&rsquo;interdiction de quitter le pays sous peine de confiscation de biens, de gal\u00e8res, de prison ou de mort, l&rsquo;obligation d&rsquo;assister \u00e0 la messe, le bapt\u00eame romain pour les enfants et leur \u00e9ducation dans les pr\u00e9ceptes de la religion catholique.<\/p>\n<p>Le royaume de France se compose d\u00e9sormais d&rsquo;anciens catholiques et de r\u00e9cents : les Nouveaux Convertis. Ces derniers doivent renoncer \u00e0 leur foi, croire autrement et admettre que leur dieu n&rsquo;\u00e9tait pas le bon. Ren\u00e9 Allio, r\u00e9alisateur du film Les Camisards en 1972, parlait \u00ab d&rsquo;une entreprise de d\u00e9culturation \u00bb.<\/p>\n<p>\n\t<img decoding=\"async\" src=\"https:\/\/www.europesays.com\/fr\/wp-content\/uploads\/2025\/07\/1753542868_997_image.jpg\" alt=\"La nuit des Camisards et \u00c9lise, la col\u00e8re de Dieu parus aux \u00e9ditions Alcide (Photo Anthony Maurin)\"\/><\/p>\n<p>\t\t\t\t\tLa nuit des Camisards et \u00c9lise, la col\u00e8re de Dieu parus aux \u00e9ditions Alcide (Photo Anthony Maurin)<\/p>\n<p>Conscient que cette g\u00e9n\u00e9ration pers\u00e9cut\u00e9e, \u00ab convertie par la bouche et non par le c\u0153ur \u00bb, ne sera jamais tout \u00e0 fait acquise au catholicisme, le pouvoir fonde ses espoirs sur la g\u00e9n\u00e9ration suivante qui, \u00e9duqu\u00e9e dans la \u00ab vraie religion \u00bb, devrait donner des catholiques acceptables.<\/p>\n<p>En pays de C\u00e9vennes, les choses vont autrement.<\/p>\n<p>Si les enfants Nouveaux Convertis re\u00e7oivent bien une \u00e9ducation catholique au grand jour, les parents les maintiennent, la nuit venue, dans la religion \u00e0 laquelle ils sont rest\u00e9s secr\u00e8tement fid\u00e8les. C&rsquo;est ainsi que dix-sept ans apr\u00e8s la R\u00e9vocation, en juillet 1702, \u00e9clate la r\u00e9volte des C\u00e9vennes, men\u00e9e par de jeunes paysans gorg\u00e9s de bible et de col\u00e8re. Ils pr\u00eachent, proph\u00e9tisent en \u00e9tat de transe et affrontent les troupes royales dans une gu\u00e9rilla d&rsquo;inspir\u00e9s avec, pour unique revendication, la libert\u00e9 de conscience.<\/p>\n<p>On va bient\u00f4t les appeler \u00ab Camisards \u00bb.<\/p>\n<p>\n\t<img decoding=\"async\" src=\"https:\/\/www.europesays.com\/fr\/wp-content\/uploads\/2025\/07\/1753542869_287_image.jpg\" alt=\"La nuit des Camisards et \u00c9lise, la col\u00e8re de Dieu parus aux \u00e9ditions Alcide (Photo Anthony Maurin)\"\/><\/p>\n<p>\t\t\t\t\tExtrait de La nuit des Camisards et d&rsquo;\u00c9lise, la col\u00e8re de Dieu parus aux \u00e9ditions Alcide (Photo Anthony Maurin)<\/p>\n<p>La nuit du 24 juillet 1702 fut la nuit la plus longue pour l&rsquo;abb\u00e9 du Chaila. La nuit o\u00f9 ses prisonniers recouvr\u00e8rent la libert\u00e9. La nuit o\u00f9 il rendit son \u00e2me au dieu qu&rsquo;il avait servi avec ferveur. La nuit o\u00f9 il fut \u00e9lev\u00e9 au rang de martyr. La nuit qui d\u00e9clencha la fameuse guerre des C\u00e9vennes pour la libert\u00e9 de conscience. La nuit des Camisards.<\/p>\n<p>Le r\u00e9cit<\/p>\n<p>\u00ab La pi\u00e8ce de Lionnel Astier, La nuit des Camisards, a conquis pr\u00e8s de 50 000 spectateurs. Voici la suite, \u00c9lise, la col\u00e8re de Dieu, qui sera jou\u00e9e dans la r\u00e9gion \u00e0 partir de juillet \u00bb explique l\u2019\u00e9diteur et fondateur de la maison d\u2019\u00e9dition n\u00eemoise Alcide.<\/p>\n<p>Acteur et auteur, Lionnel Astier a jou\u00e9 dans plus de soixante-dix pi\u00e8ces de th\u00e9\u00e2tre abordant tous les genres, de La mort de Danton de B\u00fcchner ou B\u00e9r\u00e9nice de Racine \u00e0 Dr\u00f4le de Genre de Jade-Rose Parker mais aussi dans une centaine de films et t\u00e9l\u00e9films.<\/p>\n<p>Il est connu pour son interpr\u00e9tation de L\u00e9odagan dans la s\u00e9rie t\u00e9l\u00e9vis\u00e9e Kaamelott mais il est avant tout n\u00e9 \u00e0 Al\u00e8s et originaire de Loz\u00e8re.<\/p>\n<p>\n\t<img decoding=\"async\" src=\"https:\/\/www.europesays.com\/fr\/wp-content\/uploads\/2025\/07\/1753542870_462_image.jpg\" alt=\"Extrait de La nuit des Camisards et d'\u00c9lise, la col\u00e8re de Dieu parus aux \u00e9ditions Alcide (Photo Anthony Maurin)\"\/><\/p>\n<p>\t\t\t\t\tExtrait de La nuit des Camisards et d&rsquo;\u00c9lise, la col\u00e8re de Dieu parus aux \u00e9ditions Alcide (Photo Anthony Maurin)<\/p>\n<p>Il tente de plonger le lecteur et le spectateur dans un monde de certitudes, de doutes, de violence, de failles. Le r\u00e9cit haletant de personnages emport\u00e9s par une histoire qui les d\u00e9chire et les transcende tout \u00e0 la fois.<\/p>\n<p>\u00ab Deux mois apr\u00e8s l&rsquo;assassinat de l&rsquo;abb\u00e9 du Chaila, nous voici plong\u00e9s dans des C\u00e9vennes en guerre. En pleine guerre des Camisards. Il faut dire, et avec conviction, que la lecture d&rsquo;une pi\u00e8ce de th\u00e9\u00e2tre est aussi palpitante et plaisante que la lecture d&rsquo;un roman&#8230; surtout quand la pi\u00e8ce est excellente ! Action, humour, rebondissements, suspense et, en filigrane, une r\u00e9flexion sur l&rsquo;engagement, la r\u00e9sistance, le choix de la violence ou de la non-violence, mais est-ce un choix ? et les cons\u00e9quences de ses actes. \u00bb<\/p>\n<p>Lionnel Astier, par ses fictions historiques La nuit des Camisards et \u00c9lise, la col\u00e8re de Dieu, a choisi le th\u00e9\u00e2tre pour \u00e9voquer ces pages d&rsquo;histoire du territoire c\u00e9venol qui \u00e9clairent le pr\u00e9sent. \u00ab Le texte de Lionnel Astier r\u00e9sonne avec force dans l&rsquo;Europe d&rsquo;aujourd&rsquo;hui. \u00c0 lire d&rsquo;urgence avant d&rsquo;assister aux repr\u00e9sentations cet \u00e9t\u00e9 ! \u00bb conclut Yann Cruvellier.<\/p>\n<p>\n\t<img decoding=\"async\" src=\"https:\/\/www.europesays.com\/fr\/wp-content\/uploads\/2025\/07\/1753542871_740_image.jpg\" alt=\"\"\/><\/p>\n<p>\t\t\t\t\tLionnel Astier a lu un extrait d&rsquo;un r\u00e9cit d&rsquo;une assembl\u00e9e au D\u00e9sert men\u00e9e par les Camisards (Photo Archives\u00a0Corentin Corger)<\/p>\n<p>Dans le deuxi\u00e8me ouvrage, le lecteur est avec \u00c9lise Bonnal. Elle ex\u00e8cre la guerre qui d\u00e9vore les enfants. En \u00e9levant ses fils dans le r\u00e9cit des pers\u00e9cutions et une double religion (la catholique le jour, la protestante la nuit), elle leur a pourtant insuffl\u00e9 la col\u00e8re inapaisable qui les consume.<\/p>\n<p>Les troubles lui ont d\u00e9j\u00e0 tu\u00e9 un fils a\u00een\u00e9 et un mari. Alors, lorsqu&rsquo;\u00c9lise apprend que son dernier fils va \u00eatre ex\u00e9cut\u00e9 pour avoir proph\u00e9tis\u00e9, elle fait le choix insens\u00e9 de lui sauver la vie. En C\u00e9vennes, \u00e0 l&rsquo;automne 1702, toutes les col\u00e8res proc\u00e8dent de Dieu et d\u00e9penser son sang pour ce que l&rsquo;on croit juste est devenu la seule raison de vivre.<\/p>\n<p><strong><a href=\"https:\/\/www.editions-alcide.com\/produit\/la-nuit-des-camisards\/\" rel=\"nofollow noopener\" target=\"_blank\">La nuit des Camisard<\/a><\/strong>, 68 pages12 x 17 cm au prix de 10 euros.<\/p>\n<p><strong><a href=\"https:\/\/www.editions-alcide.com\/produit\/elise-la-colere-de-dieu\/\" rel=\"nofollow noopener\" target=\"_blank\">\u00c9lise, la col\u00e8re de Dieu<\/a><\/strong>, 68 pages12 x 17 cm au m\u00eame prix de 10 euros.<\/p>\n","protected":false},"excerpt":{"rendered":"Deux pi\u00e8ces de th\u00e9\u00e2tres deviennent des livres indispensables parus chez Alcide. La nuit des Camisards Alcide (Photo Anthony&hellip;\n","protected":false},"author":2,"featured_media":275443,"comment_status":"","ping_status":"","sticky":false,"template":"","format":"standard","meta":{"footnotes":""},"categories":[1357],"tags":[1379,58,59,1011,27,1380],"class_list":{"0":"post-275442","1":"post","2":"type-post","3":"status-publish","4":"format-standard","5":"has-post-thumbnail","7":"category-livres","8":"tag-books","9":"tag-divertissement","10":"tag-entertainment","11":"tag-fr","12":"tag-france","13":"tag-livres"},"share_on_mastodon":{"url":"https:\/\/pubeurope.com\/@fr\/114920192213666073","error":""},"_links":{"self":[{"href":"https:\/\/www.europesays.com\/fr\/wp-json\/wp\/v2\/posts\/275442","targetHints":{"allow":["GET"]}}],"collection":[{"href":"https:\/\/www.europesays.com\/fr\/wp-json\/wp\/v2\/posts"}],"about":[{"href":"https:\/\/www.europesays.com\/fr\/wp-json\/wp\/v2\/types\/post"}],"author":[{"embeddable":true,"href":"https:\/\/www.europesays.com\/fr\/wp-json\/wp\/v2\/users\/2"}],"replies":[{"embeddable":true,"href":"https:\/\/www.europesays.com\/fr\/wp-json\/wp\/v2\/comments?post=275442"}],"version-history":[{"count":0,"href":"https:\/\/www.europesays.com\/fr\/wp-json\/wp\/v2\/posts\/275442\/revisions"}],"wp:featuredmedia":[{"embeddable":true,"href":"https:\/\/www.europesays.com\/fr\/wp-json\/wp\/v2\/media\/275443"}],"wp:attachment":[{"href":"https:\/\/www.europesays.com\/fr\/wp-json\/wp\/v2\/media?parent=275442"}],"wp:term":[{"taxonomy":"category","embeddable":true,"href":"https:\/\/www.europesays.com\/fr\/wp-json\/wp\/v2\/categories?post=275442"},{"taxonomy":"post_tag","embeddable":true,"href":"https:\/\/www.europesays.com\/fr\/wp-json\/wp\/v2\/tags?post=275442"}],"curies":[{"name":"wp","href":"https:\/\/api.w.org\/{rel}","templated":true}]}}