{"id":275444,"date":"2025-07-26T15:15:15","date_gmt":"2025-07-26T15:15:15","guid":{"rendered":"https:\/\/www.europesays.com\/fr\/275444\/"},"modified":"2025-07-26T15:15:15","modified_gmt":"2025-07-26T15:15:15","slug":"tf1-ne-marche-plus-sur-certaines-box-voici-comment-y-acceder","status":"publish","type":"post","link":"https:\/\/www.europesays.com\/fr\/275444\/","title":{"rendered":"TF1+ ne marche plus sur certaines box, voici comment y acc\u00e9der"},"content":{"rendered":"<p>Depuis ce vendredi 25 juillet 2025, certains t\u00e9l\u00e9spectateurs n\u2019ont plus acc\u00e8s \u00e0 la plateforme TF1+, qui permet notamment de voir des programmes en replay. Une panne li\u00e9e au fournisseur Orange. TF1 donne d\u2019autres moyens d\u2019acc\u00e9der aux contenus de son site.<\/p>\n<p>Certains abonn\u00e9s TF1+ sont d\u00e9munis. Depuis ce vendredi 25 juillet, certains d\u2019entre eux ne parviennent plus \u00e0 acc\u00e9der \u00e0 la plateforme de la premi\u00e8re cha\u00eene sur leur t\u00e9l\u00e9vision. Et pour cause, les box du fournisseur Orange ont une panne li\u00e9e au service. Ce samedi 26 juillet, TF1 a r\u00e9agi et publi\u00e9 un message sur Instagram et sur X (anciennement Twitter) pour rassurer les abonn\u00e9s : \u00ab\u00a0Les \u00e9quipes techniques d&rsquo;Orange sont mobilis\u00e9es pour vous permettre de r\u00e9cup\u00e9rer votre service. TF1+ reste accessible sur nos applications mobiles et Smart TV ainsi que sur tf1plus.com.\u00a0\u00bb La situation n\u2019\u00e9tait pas encore r\u00e9solue \u00e0 la mi-journ\u00e9e. Sur les sites internet qui r\u00e9f\u00e9rencent les pannes, TF1+ a \u00e9t\u00e9 signal\u00e9 comme d\u00e9faillant des centaines de fois ces derni\u00e8res 24 heures. \u00ab\u00a0Le replay tf1 ne fonctionne plus. Plusieurs tentatives ce matin et ce soir. L\u2019\u00e9cran reste bleu puis au bout de plusieurs minutes devient blanc. Rien ne se lance\u00a0\u00bb, d\u00e9plore une internaute parmi d\u2019autres.<\/p>\n<p>                        Que peut-on trouver sur la plateforme TF1+ ?<\/p>\n<p>Avec<a href=\"https:\/\/www.programme-tv.net\/news\/tv\/343159-lancement-de-tf1-y-aura-t-il-toujours-une-version-payante-sans-pub-sur-la-nouvelle-plateforme-de-tf1\/\" data-api-deeplink=\"teleloisirs:\/\/news\/343159\" rel=\"nofollow noopener\" target=\"_blank\"> TF1+, qui a succ\u00e9d\u00e9 \u00e0 MyTF1<\/a> en janvier 2024, les abonn\u00e9s peuvent \u00e0 la fois avoir acc\u00e8s aux programmes des cha\u00eenes du groupe TF1 en replay, au direct, et, en version premium, \u00e0 des contenus exclusifs. C\u2019est notamment via ce service de streaming que sont disponibles les lives de<a href=\"https:\/\/www.programme-tv.net\/news\/tele-realite\/384088-secret-story-cette-demande-particuliere-d-anita-a-la-voix-qui-pourrait-tout-changer-dans-sa-relation-avec-noah\/\" data-api-deeplink=\"teleloisirs:\/\/news\/384088\" rel=\"nofollow noopener\" target=\"_blank\"> Secret Story <\/a>en ce moment. Seuls les abonn\u00e9s qui paient le service suppl\u00e9mentaire peuvent suivre en direct ce qui se passe chaque jour dans la Maison des secrets. Cet abonnement premium permet \u00e9galement d\u2019avoir acc\u00e8s aux programmes de TF1 sans coupure publicitaire et de voir certaines s\u00e9ries en avant-premi\u00e8re par rapport \u00e0 leur diffusion en clair. La panne semble concerner tous les utilisateurs de TF1+, premium ou non, et d\u00e9tenteurs d\u2019une box Orange.<\/p>\n<p>            Un an et demi apr\u00e8s son lancement, TF1+ r\u00e9alise de belles audiences<\/p>\n<p>Le groupe TF1 a eu trois plateformes de vid\u00e9os \u00e0 la demande dans son histoire. En 2005, les premiers utilisateurs d\u2019internet int\u00e9ress\u00e9s par le streaming \u2013 une petite poign\u00e9e \u2013 avaient acc\u00e8s \u00e0 TF1 Vision. Ce service a \u00e9t\u00e9 remplac\u00e9 en 2011 par MyTF1 qui, au fil des ann\u00e9es, s\u2019est d\u00e9velopp\u00e9 pour proposer des replays, des contenus suppl\u00e9mentaires et du direct. L\u2019arriv\u00e9e de TF1+ semble avoir rebattu les cartes. En janvier 2025, <a href=\"https:\/\/www.programme-tv.net\/biographie\/145962-belmer-rodolphe\/\" data-link-people=\"d8ef2399-8bde-460e-85b3-c080f3e05b3f\" rel=\"nofollow noopener\" target=\"_blank\">Rodolphe Belmer<\/a>, PDG du groupe, annon\u00e7ait dans <a href=\"https:\/\/www.lemonde.fr\/economie\/article\/2025\/01\/08\/rodolphe-belmer-pdg-du-groupe-tf1-youtube-est-notre-principal-concurrent_6487574_3234.html?random=1397849605\" rel=\"nofollow noopener\" target=\"_blank\">Le Monde<\/a> que 33 millions de personnes visitaient le site chaque mois.<\/p>\n<blockquote class=\"twitter-tweet\">\n<p lang=\"fr\" dir=\"ltr\">\ud83d\udea8Depuis vendredi TF1+ n\u2019est plus accessible sur les box Orange. <\/p>\n<p>\ud83d\udea7 Les \u00e9quipes techniques d\u2019Orange sont mobilis\u00e9es pour vous permettre de r\u00e9cup\u00e9rer votre service.<\/p>\n<p>\ud83d\udcfa\ud83d\udcf1\ud83d\udcbb TF1+ reste accessible sur nos applications mobile et smart tv ainsi que sur <a href=\"https:\/\/t.co\/ZXkHyHv753\" rel=\"nofollow\">https:\/\/t.co\/ZXkHyHv753<\/a><\/p>\n<p>\u2014 TF1+ (@tf1plus) <a href=\"https:\/\/twitter.com\/tf1plus\/status\/1949026795291906056?ref_src=twsrc%5Etfw\" rel=\"nofollow noopener\" target=\"_blank\">July 26, 2025<\/a><\/p><\/blockquote>\n<p>Article \u00e9crit en collaboration avec 6M\u00e9dias<\/p>\n<p>        <script async src=\"https:\/\/platform.twitter.com\/widgets.js\" charset=\"utf-8\"><\/script><\/p>\n","protected":false},"excerpt":{"rendered":"Depuis ce vendredi 25 juillet 2025, certains t\u00e9l\u00e9spectateurs n\u2019ont plus acc\u00e8s \u00e0 la plateforme TF1+, qui permet notamment&hellip;\n","protected":false},"author":2,"featured_media":275445,"comment_status":"","ping_status":"","sticky":false,"template":"","format":"standard","meta":{"footnotes":""},"categories":[1356],"tags":[244,58,59,1011,27,10395,129,252,199,41483,1364],"class_list":{"0":"post-275444","1":"post","2":"type-post","3":"status-publish","4":"format-standard","5":"has-post-thumbnail","7":"category-television","8":"tag-commentaire","9":"tag-divertissement","10":"tag-entertainment","11":"tag-fr","12":"tag-france","13":"tag-pub-streaming","14":"tag-svod","15":"tag-television","16":"tag-tf1","17":"tag-tout-pour-la-lumiu00e8re-su00e9rie-52189031","18":"tag-tv"},"share_on_mastodon":{"url":"https:\/\/pubeurope.com\/@fr\/114920195645457240","error":""},"_links":{"self":[{"href":"https:\/\/www.europesays.com\/fr\/wp-json\/wp\/v2\/posts\/275444","targetHints":{"allow":["GET"]}}],"collection":[{"href":"https:\/\/www.europesays.com\/fr\/wp-json\/wp\/v2\/posts"}],"about":[{"href":"https:\/\/www.europesays.com\/fr\/wp-json\/wp\/v2\/types\/post"}],"author":[{"embeddable":true,"href":"https:\/\/www.europesays.com\/fr\/wp-json\/wp\/v2\/users\/2"}],"replies":[{"embeddable":true,"href":"https:\/\/www.europesays.com\/fr\/wp-json\/wp\/v2\/comments?post=275444"}],"version-history":[{"count":0,"href":"https:\/\/www.europesays.com\/fr\/wp-json\/wp\/v2\/posts\/275444\/revisions"}],"wp:featuredmedia":[{"embeddable":true,"href":"https:\/\/www.europesays.com\/fr\/wp-json\/wp\/v2\/media\/275445"}],"wp:attachment":[{"href":"https:\/\/www.europesays.com\/fr\/wp-json\/wp\/v2\/media?parent=275444"}],"wp:term":[{"taxonomy":"category","embeddable":true,"href":"https:\/\/www.europesays.com\/fr\/wp-json\/wp\/v2\/categories?post=275444"},{"taxonomy":"post_tag","embeddable":true,"href":"https:\/\/www.europesays.com\/fr\/wp-json\/wp\/v2\/tags?post=275444"}],"curies":[{"name":"wp","href":"https:\/\/api.w.org\/{rel}","templated":true}]}}