{"id":275452,"date":"2025-07-26T15:20:16","date_gmt":"2025-07-26T15:20:16","guid":{"rendered":"https:\/\/www.europesays.com\/fr\/275452\/"},"modified":"2025-07-26T15:20:16","modified_gmt":"2025-07-26T15:20:16","slug":"mort-de-hulk-hogan-du-jour-au-lendemain-un-proche-du-catcheur-fait-des-revelations-sur-ses-derniers-jours","status":"publish","type":"post","link":"https:\/\/www.europesays.com\/fr\/275452\/","title":{"rendered":"Mort de Hulk Hogan : \u00ab\u00a0du jour au lendemain\u00a0\u00bb, un proche du catcheur fait des r\u00e9v\u00e9lations sur ses derniers jours"},"content":{"rendered":"<p>Le 24 juillet 2025, la <a href=\"https:\/\/www.closermag.fr\/people\/hulk-hogan-est-mort-a-71-ans-la-femme-de-la-star-du-catch-voulait-faire-taire-les-rumeurs-mais-3566741\" rel=\"nofollow noopener\" target=\"_blank\"><br \/>\nl\u00e9gende am\u00e9ricaine Hulk Hogan<\/a> s\u2019est <strong>\u00e9teinte<br \/>\nbrutalement<\/strong> \u00e0 l\u2019\u00e2ge de 71 ans des suites d\u2019un<br \/>\n<strong>arr\u00eat cardiaque<\/strong>. Figure incontournable de la WWE<br \/>\net v\u00e9ritable ic\u00f4ne de la culture populaire, celui que l\u2019on<br \/>\nsurnommait le \u201cHulkster\u201d a marqu\u00e9 des<br \/>\n<strong>g\u00e9n\u00e9rations<\/strong> enti\u00e8res de fans avec son charisme,<br \/>\nson physique hors normes et sa personnalit\u00e9 flamboyante. Son d\u00e9c\u00e8s<br \/>\na provoqu\u00e9 une onde de choc dans l\u2019univers du divertissement du<br \/>\n<strong>catch<\/strong>, tant rien ne laissait pr\u00e9sager une fin<br \/>\naussi soudaine.<\/p>\n<p>Son ami de longue date Jimmy Hart, \u00e9galement intronis\u00e9 au Hall<br \/>\nof Fame de la <a href=\"https:\/\/www.telestar.fr\/sport\/autres-sports\/wwe-raw-quels-celebres-catcheurs-sont-devenus-acteurs-466963\" rel=\"nofollow noopener\" target=\"_blank\"><br \/>\nWWE<\/a>, s\u2019est confi\u00e9 au magazine <a href=\"https:\/\/people.com\/hulk-hogan-friend-jimmy-hart-reveals-wwe-star-final-moments-exclusive-11779455\" rel=\"nofollow noopener\" target=\"_blank\"><br \/>\nPeople<\/a> au lendemain du drame. \u00c9mu, le c\u00e9l\u00e8bre manager est<br \/>\nrevenu sur ses derniers \u00e9changes avec <a href=\"https:\/\/www.closermag.fr\/people\/mort-de-hulk-hogan-ce-message-glacant-enregistre-au-moment-du-deces-du-catcheur-3566815\" rel=\"nofollow noopener\" target=\"_blank\"><br \/>\nHulk Hogan<\/a>, d\u00e9peignant un homme encore \u201c<strong>en pleine<br \/>\nforme<\/strong>\u201d la veille de sa mort. Selon lui, tout semblait<br \/>\naller pour le mieux. \u201c<strong>Il mangeait bien, plaisantait<br \/>\navec les fans\u2026 C\u2019\u00e9tait un moment formidable<\/strong>.\u201d Jusqu\u2019\u00e0<br \/>\nce que tout bascule \u201cdu jour au lendemain\u201d.<\/p>\n<p>\u201cTout est arriv\u00e9 du jour au lendemain\u201d : les derniers<br \/>\nmoments de Hulk Hogan<\/p>\n<p>Jimmy Hart raconte avoir appel\u00e9 le <a href=\"https:\/\/www.closermag.fr\/people\/mort-de-hulk-hogan-ces-details-creve-coeur-sur-son-etat-les-semaines-avant-son-deces-3566889\" rel=\"nofollow noopener\" target=\"_blank\"><br \/>\ncatcheur Hulk Hogan<\/a> le mercredi soir. C\u2019est son assistant qui<br \/>\nlui a r\u00e9pondu, lui assurant que la star allait \u201c<strong>tr\u00e8s<br \/>\nbien<\/strong>\u201d. Le lendemain matin, le <strong>choc<\/strong> :<br \/>\nl\u2019ancienne superstar de la WWE \u00e9tait d\u00e9c\u00e9d\u00e9e. \u201c<strong>\u00c7a m\u2019a<br \/>\nfrapp\u00e9 si vite.<\/strong> Je me suis dit :<br \/>\n<strong>\u2018Oh mon Dieu\u2019. On pensait qu\u2019il allait si<br \/>\nbien\u2026<\/strong>\u201d confie l\u2019ami de Hulk Hogan. Ce dernier<br \/>\nexplique qu\u2019ils \u00e9vitaient de rendre visite au catcheur pour ne pas<br \/>\nrisquer de lui transmettre des infections post-op\u00e9ratoires alors<br \/>\nqu\u2019il venait de subir une intervention au cou.<\/p>\n<p>Le manager se souvient \u00e9galement de leurs <strong>moments<br \/>\npartag\u00e9s<\/strong> au bar familial de Clearwater, en Floride, o\u00f9 ils<br \/>\nfaisaient r\u00e9guli\u00e8rement du <strong>karaok\u00e9<\/strong> avec le fils<br \/>\nd\u2019Hulk Hogan. Leur lien, forg\u00e9 depuis les ann\u00e9es 80, n\u2019avait jamais<br \/>\nfaibli. \u201cIl \u00e9tait comme un <strong>fr\u00e8re. Il<br \/>\nadorait le catch, il en \u00e9tait passionn\u00e9. Et il regardait encore les<br \/>\nshows trois fois par semaine avec<br \/>\nmoi.\u201d<\/strong>ajoute-t-il.<\/p>\n<p>Des controverses autour du<br \/>\ncatcheur<\/p>\n<p>Certains rappellent les <strong>controverses<\/strong> qui ont<br \/>\n\u00e9maill\u00e9 la fin de carri\u00e8re de Hulk Hogan. Des propos<br \/>\n<strong>racistes<\/strong>, une affaire de <strong>sextape<\/strong><br \/>\net son soutien affich\u00e9 \u00e0 <a href=\"https:\/\/www.closermag.fr\/politique\/donald-trump-un-tyran-lache-faible-avec-les-forts-fort-avec-les-faibles-son-portrait-vraiment-pas-flatteur-3524628\" rel=\"nofollow noopener\" target=\"_blank\"><br \/>\nDonald Trump<\/a>. Mais Jimmy Hart \u00a0pr\u00e9f\u00e8re garder l\u2019image de<br \/>\nl\u2019homme qu\u2019il a connu et aim\u00e9. Pour lui, Hulk Hogan reste<br \/>\n<strong>l\u2019un des plus grands catcheurs de tous les temps, \u201cau<br \/>\nm\u00eame rang que Ric Flair\u201d.<\/strong><\/p>\n<p>Dans une derni\u00e8re \u00e9vocation pleine de po\u00e9sie, Jimmy Hart imagine<br \/>\nson ami au paradis, \u201clib\u00e9r\u00e9 de ses douleurs\u201d. Il est assis aux<br \/>\nc\u00f4t\u00e9s <strong>d\u2019Andre the Giant, Dusty Rhodes, Randy Savage ou<br \/>\nencore Bobby Heenan.<\/strong><\/p>\n","protected":false},"excerpt":{"rendered":"Le 24 juillet 2025, la l\u00e9gende am\u00e9ricaine Hulk Hogan s\u2019est \u00e9teinte brutalement \u00e0 l\u2019\u00e2ge de 71 ans des&hellip;\n","protected":false},"author":2,"featured_media":275453,"comment_status":"","ping_status":"","sticky":false,"template":"","format":"standard","meta":{"footnotes":""},"categories":[8],"tags":[548,58,59,1011,27],"class_list":{"0":"post-275452","1":"post","2":"type-post","3":"status-publish","4":"format-standard","5":"has-post-thumbnail","7":"category-divertissement","8":"tag-article-simple","9":"tag-divertissement","10":"tag-entertainment","11":"tag-fr","12":"tag-france"},"share_on_mastodon":{"url":"https:\/\/pubeurope.com\/@fr\/114920215457929431","error":""},"_links":{"self":[{"href":"https:\/\/www.europesays.com\/fr\/wp-json\/wp\/v2\/posts\/275452","targetHints":{"allow":["GET"]}}],"collection":[{"href":"https:\/\/www.europesays.com\/fr\/wp-json\/wp\/v2\/posts"}],"about":[{"href":"https:\/\/www.europesays.com\/fr\/wp-json\/wp\/v2\/types\/post"}],"author":[{"embeddable":true,"href":"https:\/\/www.europesays.com\/fr\/wp-json\/wp\/v2\/users\/2"}],"replies":[{"embeddable":true,"href":"https:\/\/www.europesays.com\/fr\/wp-json\/wp\/v2\/comments?post=275452"}],"version-history":[{"count":0,"href":"https:\/\/www.europesays.com\/fr\/wp-json\/wp\/v2\/posts\/275452\/revisions"}],"wp:featuredmedia":[{"embeddable":true,"href":"https:\/\/www.europesays.com\/fr\/wp-json\/wp\/v2\/media\/275453"}],"wp:attachment":[{"href":"https:\/\/www.europesays.com\/fr\/wp-json\/wp\/v2\/media?parent=275452"}],"wp:term":[{"taxonomy":"category","embeddable":true,"href":"https:\/\/www.europesays.com\/fr\/wp-json\/wp\/v2\/categories?post=275452"},{"taxonomy":"post_tag","embeddable":true,"href":"https:\/\/www.europesays.com\/fr\/wp-json\/wp\/v2\/tags?post=275452"}],"curies":[{"name":"wp","href":"https:\/\/api.w.org\/{rel}","templated":true}]}}