{"id":275458,"date":"2025-07-26T15:23:11","date_gmt":"2025-07-26T15:23:11","guid":{"rendered":"https:\/\/www.europesays.com\/fr\/275458\/"},"modified":"2025-07-26T15:23:11","modified_gmt":"2025-07-26T15:23:11","slug":"au-moins-11-morts-dans-des-operations-israeliennes-selon-la-defense-civile-palestinienne","status":"publish","type":"post","link":"https:\/\/www.europesays.com\/fr\/275458\/","title":{"rendered":"au moins 11 morts dans des op\u00e9rations isra\u00e9liennes, selon la D\u00e9fense civile palestinienne"},"content":{"rendered":"<p>Des t\u00e9moins ont indiqu\u00e9 \u00e0 l\u2019AFP que plusieurs milliers de personnes s\u2019\u00e9taient rassembl\u00e9es dans la zone frapp\u00e9e pour obtenir de la nourriture.<\/p>\n<p class=\"fig-paragraph\">La D\u00e9fense civile \u00e0 Gaza a fait \u00e9tat de onze morts samedi dans des raids et tirs isra\u00e9liens dans le territoire palestinien assi\u00e9g\u00e9 et d\u00e9vast\u00e9 par plus de 21 mois de guerre. Selon le porte-parole de la D\u00e9fense civile, Mahmoud Bassal, quatre Palestiniens ont \u00e9t\u00e9 tu\u00e9s dans une frappe qui a touch\u00e9 leur appartement dans le quartier al-Rimal \u00e0 Gaza-ville, dans le nord du territoire.<\/p>\n<p class=\"fig-paragraph\">Un couple a \u00e9galement \u00e9t\u00e9 tu\u00e9 dans la m\u00eame zone lors d\u2019un bombardement, a-t-il ajout\u00e9 et un autre habitant \u00abapr\u00e8s que les forces isra\u00e9liennes ont ouvert le feu sur des personnes attendant de l&rsquo;aide humanitaire\u00bb au nord-ouest de Gaza-ville. Des t\u00e9moins ont indiqu\u00e9 \u00e0 l&rsquo;AFP que plusieurs milliers de personnes s&rsquo;\u00e9taient rassembl\u00e9es \u00e0 cet endroit pour\u00a0<a href=\"http:\/\/www.lefigaro.fr\/international\/en-israel-le-malaise-grandissant-sur-la-gestion-chaotique-de-l-aide-alimentaire-a-gaza-20250725\" target=\"_blank\" data-fig-type=\"Article\" rel=\"noopener nofollow\" data-gtm-custom-categorie=\"navigation\" data-gtm-custom-action=\"crossclick\" data-gtm-custom-label=\"Contextuel\" data-gtm-event=\"customEventSPE\" data-fig-domain=\"LEFIGARO\">obtenir de la nourriture<\/a>. Abou Samir Hamoudeh, 42 ans, un de ces t\u00e9moins, a affirm\u00e9 que l&rsquo;arm\u00e9e isra\u00e9lienne avait ouvert le feu \u00ablorsque les gens ont tent\u00e9 de s&rsquo;approcher du point de distribution\u00bb situ\u00e9 pr\u00e8s d&rsquo;un poste militaire.<\/p>\n<p>                                    <a class=\"fig-a11y-skip a11y-hidden\" href=\"#fig-a11y-skip-main-inarticle\"><br \/>\n        Passer la publicit\u00e9<br \/>\n    <\/a><\/p>\n<p class=\"fig-paragraph\">Dans un communiqu\u00e9, l\u2019arm\u00e9e isra\u00e9lienne dit avoir \u00abfrapp\u00e9 plus de 100 cibles terroristes dans la bande de Gaza\u00bb durant les derni\u00e8res 24 heures. Les restrictions impos\u00e9es aux m\u00e9dias par Isra\u00ebl qui assi\u00e8ge Gaza depuis le d\u00e9but de la guerre le 7 octobre 2023, et les difficult\u00e9s d&rsquo;acc\u00e8s \u00e0 plusieurs zones emp\u00eachent l&rsquo;AFP de v\u00e9rifier de mani\u00e8re ind\u00e9pendante les informations des diff\u00e9rentes parties.<\/p>\n","protected":false},"excerpt":{"rendered":"Des t\u00e9moins ont indiqu\u00e9 \u00e0 l\u2019AFP que plusieurs milliers de personnes s\u2019\u00e9taient rassembl\u00e9es dans la zone frapp\u00e9e pour&hellip;\n","protected":false},"author":2,"featured_media":275459,"comment_status":"","ping_status":"","sticky":false,"template":"","format":"standard","meta":{"footnotes":""},"categories":[5],"tags":[11,1011,27,665,14,12,28],"class_list":{"0":"post-275458","1":"post","2":"type-post","3":"status-publish","4":"format-standard","5":"has-post-thumbnail","7":"category-international","8":"tag-actualites","9":"tag-fr","10":"tag-france","11":"tag-gaza","12":"tag-international","13":"tag-news","14":"tag-world"},"share_on_mastodon":{"url":"https:\/\/pubeurope.com\/@fr\/114920226982642147","error":""},"_links":{"self":[{"href":"https:\/\/www.europesays.com\/fr\/wp-json\/wp\/v2\/posts\/275458","targetHints":{"allow":["GET"]}}],"collection":[{"href":"https:\/\/www.europesays.com\/fr\/wp-json\/wp\/v2\/posts"}],"about":[{"href":"https:\/\/www.europesays.com\/fr\/wp-json\/wp\/v2\/types\/post"}],"author":[{"embeddable":true,"href":"https:\/\/www.europesays.com\/fr\/wp-json\/wp\/v2\/users\/2"}],"replies":[{"embeddable":true,"href":"https:\/\/www.europesays.com\/fr\/wp-json\/wp\/v2\/comments?post=275458"}],"version-history":[{"count":0,"href":"https:\/\/www.europesays.com\/fr\/wp-json\/wp\/v2\/posts\/275458\/revisions"}],"wp:featuredmedia":[{"embeddable":true,"href":"https:\/\/www.europesays.com\/fr\/wp-json\/wp\/v2\/media\/275459"}],"wp:attachment":[{"href":"https:\/\/www.europesays.com\/fr\/wp-json\/wp\/v2\/media?parent=275458"}],"wp:term":[{"taxonomy":"category","embeddable":true,"href":"https:\/\/www.europesays.com\/fr\/wp-json\/wp\/v2\/categories?post=275458"},{"taxonomy":"post_tag","embeddable":true,"href":"https:\/\/www.europesays.com\/fr\/wp-json\/wp\/v2\/tags?post=275458"}],"curies":[{"name":"wp","href":"https:\/\/api.w.org\/{rel}","templated":true}]}}