{"id":275466,"date":"2025-07-26T15:29:16","date_gmt":"2025-07-26T15:29:16","guid":{"rendered":"https:\/\/www.europesays.com\/fr\/275466\/"},"modified":"2025-07-26T15:29:16","modified_gmt":"2025-07-26T15:29:16","slug":"malzeville-la-buvette-du-peuple-est-en-fete-chaque-vendredi-jusqua-fin-aout","status":"publish","type":"post","link":"https:\/\/www.europesays.com\/fr\/275466\/","title":{"rendered":"Malz\u00e9ville. La buvette du peuple est en f\u00eate, chaque vendredi jusqu\u2019\u00e0 fin ao\u00fbt"},"content":{"rendered":"<p>Chaque vendredi soir, le parc de la Dou\u00ebra accueille une guinguette de 18\u00a0h \u00e0 22\u00a0h, jusqu\u2019au 22\u00a0ao\u00fbt. L\u2019\u00e9v\u00e9nement propose des boissons artisanales. Les vins et bi\u00e8res sont de producteurs locaux (Green zen, Bi\u00e8re qui roule, la Copine des brasseurs), accompagn\u00e9s de restauration mobile (Tookiz tha\u00ef food et Tibo and co\u2019our). L\u2019ambiance musicale contribue \u00e0 l\u2019atmosph\u00e8re conviviale de ces soir\u00e9es. Le groupe Pinky Bloody Mary ainsi que Maryline 2\u00a0000 ont d\u00e9j\u00e0 inaugur\u00e9 la programmation. L\u2019entr\u00e9e est libre.<\/p>\n","protected":false},"excerpt":{"rendered":"Chaque vendredi soir, le parc de la Dou\u00ebra accueille une guinguette de 18\u00a0h \u00e0 22\u00a0h, jusqu\u2019au 22\u00a0ao\u00fbt. L\u2019\u00e9v\u00e9nement&hellip;\n","protected":false},"author":2,"featured_media":275467,"comment_status":"","ping_status":"","sticky":false,"template":"","format":"standard","meta":{"footnotes":""},"categories":[9635],"tags":[1111,11,1687,1704,1777,674,1011,27,775,11259,11260,1702,12,4043,25,953],"class_list":{"0":"post-275466","1":"post","2":"type-post","3":"status-publish","4":"format-standard","5":"has-post-thumbnail","7":"category-nancy","8":"tag-actu","9":"tag-actualites","10":"tag-culture-loisirs","11":"tag-edition-nancy-et-agglomeration","12":"tag-eu","13":"tag-europe","14":"tag-fr","15":"tag-france","16":"tag-grand-est","17":"tag-malzeville","18":"tag-metropole-du-grand-nancy-54b4","19":"tag-nancy","20":"tag-news","21":"tag-repas-et-the-dansant","22":"tag-republique-francaise","23":"tag-soiree"},"share_on_mastodon":{"url":"https:\/\/pubeurope.com\/@fr\/114920250581150560","error":""},"_links":{"self":[{"href":"https:\/\/www.europesays.com\/fr\/wp-json\/wp\/v2\/posts\/275466","targetHints":{"allow":["GET"]}}],"collection":[{"href":"https:\/\/www.europesays.com\/fr\/wp-json\/wp\/v2\/posts"}],"about":[{"href":"https:\/\/www.europesays.com\/fr\/wp-json\/wp\/v2\/types\/post"}],"author":[{"embeddable":true,"href":"https:\/\/www.europesays.com\/fr\/wp-json\/wp\/v2\/users\/2"}],"replies":[{"embeddable":true,"href":"https:\/\/www.europesays.com\/fr\/wp-json\/wp\/v2\/comments?post=275466"}],"version-history":[{"count":0,"href":"https:\/\/www.europesays.com\/fr\/wp-json\/wp\/v2\/posts\/275466\/revisions"}],"wp:featuredmedia":[{"embeddable":true,"href":"https:\/\/www.europesays.com\/fr\/wp-json\/wp\/v2\/media\/275467"}],"wp:attachment":[{"href":"https:\/\/www.europesays.com\/fr\/wp-json\/wp\/v2\/media?parent=275466"}],"wp:term":[{"taxonomy":"category","embeddable":true,"href":"https:\/\/www.europesays.com\/fr\/wp-json\/wp\/v2\/categories?post=275466"},{"taxonomy":"post_tag","embeddable":true,"href":"https:\/\/www.europesays.com\/fr\/wp-json\/wp\/v2\/tags?post=275466"}],"curies":[{"name":"wp","href":"https:\/\/api.w.org\/{rel}","templated":true}]}}