{"id":275468,"date":"2025-07-26T15:31:22","date_gmt":"2025-07-26T15:31:22","guid":{"rendered":"https:\/\/www.europesays.com\/fr\/275468\/"},"modified":"2025-07-26T15:31:22","modified_gmt":"2025-07-26T15:31:22","slug":"disparition-figure-du-nancy-handball-jean-louis-sellani-sen-est-alle","status":"publish","type":"post","link":"https:\/\/www.europesays.com\/fr\/275468\/","title":{"rendered":"Disparition. Figure du Nancy Handball, Jean-Louis Sellani s\u2019en est all\u00e9"},"content":{"rendered":"<p>C\u2019est une \u00ab figure \u00bb, et m\u00eame, disons-le, une \u00ab gueule \u00bb du Nancy Handball\u2026 qui vient de quitter la \u00ab partie \u00bb ! Victime d\u2019un accident cardiaque dans la nuit de mardi \u00e0 mercredi dernier, Jean-Louis Sellani est d\u00e9c\u00e9d\u00e9 \u00e0 l\u2019\u00e2ge de 66 ans.<\/p>\n<p>Dot\u00e9, en tant que joueur, de qualit\u00e9s qui lui avaient permis d\u2019\u00e9voluer au niveau national \u00e0 l\u2019ACBB (Boulogne-Billancourt ; N1B), avant de terminer sa carri\u00e8re du c\u00f4t\u00e9 de Lun\u00e9ville (N3), il s\u2019\u00e9tait largement impliqu\u00e9 ces deux derni\u00e8res d\u00e9cennies dans la vie du Nancy Handball.<\/p>\n<p>PDG de la soci\u00e9t\u00e9 Sherpa (Photocopieurs et reprographie), il avait ainsi rejoint le cercle des principaux partenaires de l\u2019association sous la pr\u00e9sidence de Philippe Fabris, contribuant, avec des hommes comme Pierre-Louis Daniel ou le regrett\u00e9 Bruno Fisher, \u00e0 assurer l\u2019essor de \u00ab l\u2019ASPTT \u00bb puis la constitution de la SASP.<\/p>\n<p>Administrateur de cette nouvelle structure et membre influent de son comit\u00e9 directeur, Jean-Louis Sellani &#8211; connu pour son franc-parler et sa passion \u00e0 fleur de peau &#8211; y avait un temps chapeaut\u00e9 la \u00ab commission sportive \u00bb avant de se retirer, en 2024, en raison de divergences de vue avec la pr\u00e9sidence. Ses obs\u00e8ques auront lieu mercredi prochain, \u00e0 10 h30, \u00e0 la salle omniculte du Cr\u00e9matorium de Vandoeuvre. La r\u00e9daction sportive de L\u2019Est R\u00e9publicain adresse \u00e0 sa famille et \u00e0 ses proches ses plus sinc\u00e8res condol\u00e9ances.<\/p>\n","protected":false},"excerpt":{"rendered":"C\u2019est une \u00ab figure \u00bb, et m\u00eame, disons-le, une \u00ab gueule \u00bb du Nancy Handball\u2026 qui vient de&hellip;\n","protected":false},"author":2,"featured_media":275469,"comment_status":"","ping_status":"","sticky":false,"template":"","format":"standard","meta":{"footnotes":""},"categories":[9635],"tags":[1111,11,1704,1777,674,107,1701,1795,1011,27,775,1792,10634,19678,3457,1702,13622,1703,1391,12,10422,25,517,1700,14984],"class_list":{"0":"post-275468","1":"post","2":"type-post","3":"status-publish","4":"format-standard","5":"has-post-thumbnail","7":"category-nancy","8":"tag-actu","9":"tag-actualites","10":"tag-edition-nancy-et-agglomeration","11":"tag-eu","12":"tag-europe","13":"tag-fil-info","14":"tag-fil-info-sport","15":"tag-fil-web","16":"tag-fr","17":"tag-france","18":"tag-grand-est","19":"tag-handball","20":"tag-luneville","21":"tag-luneville-ville-54a","22":"tag-meurthe-et-moselle","23":"tag-nancy","24":"tag-nancy-handball","25":"tag-nancy-ville-54b","26":"tag-necrologie","27":"tag-news","28":"tag-pont-a-mousson","29":"tag-republique-francaise","30":"tag-sport","31":"tag-sport-lorrain","32":"tag-toul"},"share_on_mastodon":{"url":"https:\/\/pubeurope.com\/@fr\/114920258490296970","error":""},"_links":{"self":[{"href":"https:\/\/www.europesays.com\/fr\/wp-json\/wp\/v2\/posts\/275468","targetHints":{"allow":["GET"]}}],"collection":[{"href":"https:\/\/www.europesays.com\/fr\/wp-json\/wp\/v2\/posts"}],"about":[{"href":"https:\/\/www.europesays.com\/fr\/wp-json\/wp\/v2\/types\/post"}],"author":[{"embeddable":true,"href":"https:\/\/www.europesays.com\/fr\/wp-json\/wp\/v2\/users\/2"}],"replies":[{"embeddable":true,"href":"https:\/\/www.europesays.com\/fr\/wp-json\/wp\/v2\/comments?post=275468"}],"version-history":[{"count":0,"href":"https:\/\/www.europesays.com\/fr\/wp-json\/wp\/v2\/posts\/275468\/revisions"}],"wp:featuredmedia":[{"embeddable":true,"href":"https:\/\/www.europesays.com\/fr\/wp-json\/wp\/v2\/media\/275469"}],"wp:attachment":[{"href":"https:\/\/www.europesays.com\/fr\/wp-json\/wp\/v2\/media?parent=275468"}],"wp:term":[{"taxonomy":"category","embeddable":true,"href":"https:\/\/www.europesays.com\/fr\/wp-json\/wp\/v2\/categories?post=275468"},{"taxonomy":"post_tag","embeddable":true,"href":"https:\/\/www.europesays.com\/fr\/wp-json\/wp\/v2\/tags?post=275468"}],"curies":[{"name":"wp","href":"https:\/\/api.w.org\/{rel}","templated":true}]}}