{"id":27547,"date":"2025-04-15T20:48:11","date_gmt":"2025-04-15T20:48:11","guid":{"rendered":"https:\/\/www.europesays.com\/fr\/27547\/"},"modified":"2025-04-15T20:48:11","modified_gmt":"2025-04-15T20:48:11","slug":"un-forum-a-marseille-pour-faire-briller-les-talents-et-les-liens-entre-la-france-et-lafrique","status":"publish","type":"post","link":"https:\/\/www.europesays.com\/fr\/27547\/","title":{"rendered":"un forum \u00e0 Marseille pour faire briller les talents et les liens entre la France et l&rsquo;Afrique"},"content":{"rendered":"<p>\u00ab\u00a0Depuis\u00a02015, avec les D\u00e9termin\u00e9s, on accompagne les habitants des quartiers populaires mais aussi des territoires ruraux dans la cr\u00e9ation d\u2019entreprise ou vers un retour \u00e0 l\u2019emploi. C\u2019est une action que nous portons localement \u00e0 Marseille depuis cinq ans, avec pr\u00e8s de 200 jeunes aid\u00e9s chaque ann\u00e9e, pose Moussa Camara. Le forum Ancrages est la suite logique de ce travail, avec une mise en lumi\u00e8re des r\u00e9ussites et les initiatives port\u00e9es par la jeunesse issue des diasporas africaines. Et une mise en exergue de la chance que constitue cette double culture.\u00a0\u00bb<\/p>\n<p>150 personnalit\u00e9s et 40 interventions<\/p>\n<p>Gr\u00e2ce \u00e0 des masterclass, des conf\u00e9rences (sur les th\u00e8mes\u00a0: de l\u2019exil \u00e0 l\u2019entrepreneuriat, le voyage de toute une vie\u00a0; influence sans fronti\u00e8re, quand les r\u00e9seaux sociaux relient les continents), des ateliers participatifs et un village des solutions regroupant une quarantaine de stands, l\u2019\u00e9v\u00e9nement veut \u00eatre \u00ab\u00a0un espace de rencontres\u00a0\u00bb et \u00ab\u00a0donner des cl\u00e9s pour r\u00e9ussir\u00a0\u00bb. La chanteuse Kanya Samet, le boxeur marseillais <a href=\"https:\/\/www.laprovence.com\/article\/sports\/1480288371440215\/boxe-le-retour-aux-affaires-de-bruno-surace\" target=\"_blank\" rel=\"noopener\">Bruno Surace<\/a>, l\u2019acteur <a href=\"https:\/\/www.laprovence.com\/article\/culture-loisirs\/4398689477734214\/les-condes-une-comedie-100-marseille-a-retrouver-en-salle-des-le-27-mars-2025\" target=\"_blank\" rel=\"noopener\">Moussa Maaskri<\/a>, les influenceurs The Dol beauty et Sams ou le producteur Dawala font notamment partie des intervenants de ce forum o\u00f9 il sera question d\u2019\u00e9conomie, d\u2019emploi mais aussi de science, de culture et de cin\u00e9ma.<\/p>\n<p>\u00ab\u00a0C\u2019est un \u00e9v\u00e9nement qu\u2019on esp\u00e8re le plus ouvert possible. On rassemble tous les passionn\u00e9s, tous les motiv\u00e9s mais aussi tous les acteurs publics pour concentrer tous les outils qui doivent permettre de se lancer, reprend Moussa Camara. On s\u2019adresse aux jeunes mais aussi \u00e0 tous ceux qui veulent entreprendre ou retrouver le chemin de l\u2019emploi. Et qui peuvent faire de leur double culture une chance pour cela.\u00a0\u00bb<\/p>\n<p>L\u2019\u00e9v\u00e9nement ouvert \u00e0 tous, sur inscription, doit s\u2019\u00e9tirer tout au long de la journ\u00e9e jusqu\u2019\u00e0 18h15 et sera ponctu\u00e9 par une visite du ministre de l\u2019Europe et des affaires \u00e9trang\u00e8res, Jean-No\u00ebl Barrot.<\/p>\n","protected":false},"excerpt":{"rendered":"\u00ab\u00a0Depuis\u00a02015, avec les D\u00e9termin\u00e9s, on accompagne les habitants des quartiers populaires mais aussi des territoires ruraux dans la&hellip;\n","protected":false},"author":2,"featured_media":27548,"comment_status":"","ping_status":"","sticky":false,"template":"","format":"standard","meta":{"footnotes":""},"categories":[2814],"tags":[17,1111,11,9696,9697,1777,674,4560,5556,1011,27,151,884,12,471,882,16,25],"class_list":{"0":"post-27547","1":"post","2":"type-post","3":"status-publish","4":"format-standard","5":"has-post-thumbnail","7":"category-marseille","8":"tag-17","9":"tag-actu","10":"tag-actualites","11":"tag-ancrages","12":"tag-briller","13":"tag-eu","14":"tag-europe","15":"tag-faire","16":"tag-forum","17":"tag-fr","18":"tag-france","19":"tag-les","20":"tag-marseille","21":"tag-news","22":"tag-pour","23":"tag-provence-alpes-cote-dazur","24":"tag-region","25":"tag-republique-francaise"},"share_on_mastodon":{"url":"https:\/\/pubeurope.com\/@fr\/114343949484007116","error":""},"_links":{"self":[{"href":"https:\/\/www.europesays.com\/fr\/wp-json\/wp\/v2\/posts\/27547","targetHints":{"allow":["GET"]}}],"collection":[{"href":"https:\/\/www.europesays.com\/fr\/wp-json\/wp\/v2\/posts"}],"about":[{"href":"https:\/\/www.europesays.com\/fr\/wp-json\/wp\/v2\/types\/post"}],"author":[{"embeddable":true,"href":"https:\/\/www.europesays.com\/fr\/wp-json\/wp\/v2\/users\/2"}],"replies":[{"embeddable":true,"href":"https:\/\/www.europesays.com\/fr\/wp-json\/wp\/v2\/comments?post=27547"}],"version-history":[{"count":0,"href":"https:\/\/www.europesays.com\/fr\/wp-json\/wp\/v2\/posts\/27547\/revisions"}],"wp:featuredmedia":[{"embeddable":true,"href":"https:\/\/www.europesays.com\/fr\/wp-json\/wp\/v2\/media\/27548"}],"wp:attachment":[{"href":"https:\/\/www.europesays.com\/fr\/wp-json\/wp\/v2\/media?parent=27547"}],"wp:term":[{"taxonomy":"category","embeddable":true,"href":"https:\/\/www.europesays.com\/fr\/wp-json\/wp\/v2\/categories?post=27547"},{"taxonomy":"post_tag","embeddable":true,"href":"https:\/\/www.europesays.com\/fr\/wp-json\/wp\/v2\/tags?post=27547"}],"curies":[{"name":"wp","href":"https:\/\/api.w.org\/{rel}","templated":true}]}}