{"id":275470,"date":"2025-07-26T15:32:16","date_gmt":"2025-07-26T15:32:16","guid":{"rendered":"https:\/\/www.europesays.com\/fr\/275470\/"},"modified":"2025-07-26T15:32:16","modified_gmt":"2025-07-26T15:32:16","slug":"body-t-shirt-et-sweat-ils-sinspirent-de-leur-sud-natal-pour-creer-leur-marque-de-vetements-pour-bebe-a-toulon","status":"publish","type":"post","link":"https:\/\/www.europesays.com\/fr\/275470\/","title":{"rendered":"Body, t-shirt et sweat: ils s&rsquo;inspirent de leur Sud natal pour cr\u00e9er leur marque de v\u00eatements pour b\u00e9b\u00e9 \u00e0 Toulon"},"content":{"rendered":"<p>\u00ab\u00a0Minot de la rade\u00a0\u00bb, \u00ab\u00a0pitchoun au grand c\u0153ur\u00a0\u00bb ou encore \u00ab\u00a0marin d\u2019eau douce\u00a0\u00bb\u2026 Ce sont les petits messages comme autant de clins d\u2019\u0153il que la marque Mistralou affiche sur ses t-shirts et autres sweats destin\u00e9s aux b\u00e9b\u00e9s.<\/p>\n<p>Le concept, on le doit \u00e0 un jeune couple de trentenaires. Lucile et Adrien ont grandi au Pradet et \u00e0 Hy\u00e8res, ils ont fait leurs \u00e9tudes \u00e0 Toulon. Dire qu\u2019ils sont attach\u00e9s \u00e0 leur Sud natal est presque un euph\u00e9misme. Et c\u2019est cette envie de mettre en lumi\u00e8re le territoire qui se concr\u00e9tise avec Mistralou.<\/p>\n<p>\u00ab\u00a0Nous r\u00e9fl\u00e9chissons \u00e0 cette id\u00e9e depuis plus de six mois. Et c\u2019est la naissance de notre fils qui nous y a men\u00e9s\u00a0\u00bb, commence Adrien. Les jeunes parents cherchent des v\u00eatements sympas pour leur minot. \u00ab\u00a0Nous voulions de petites r\u00e9f\u00e9rences \u00e0 notre r\u00e9gion. Dans l\u2019esprit de ce que peuvent faire les marques Natif ou Sudiste mais en version b\u00e9b\u00e9.\u00a0\u00bb<br \/>&#13;<br \/>\nLe couple ne trouve pas. Et comme on n\u2019est finalement jamais mieux servis que par soi-m\u00eame, il d\u00e9cide de se lancer.<\/p>\n<p>Le concept <\/p>\n<p>L\u2019id\u00e9e donc, c\u2019est de proposer une mini collection de v\u00eatements pour b\u00e9b\u00e9 de la taille 0 jusqu\u2019au 36 mois. Trois produits sont disponibles: un body, un t-shirt et un sweat. \u00ab\u00a0On a choisi des couleurs plut\u00f4t neutres entre le cr\u00e8me et le bleu. Avec, \u00e0 chaque fois, un petit message r\u00e9f\u00e9rence.\u00a0\u00bb<\/p>\n<p>Outre par ces inscriptions, la marque d\u2019Adrien et Lucile entend aussi se distinguer par la qualit\u00e9 du produit. \u00ab\u00a0Nous avons plac\u00e9 la marque dans le segment plut\u00f4t haut de gamme, pr\u00e9cise le jeune homme. L\u2019id\u00e9e \u00e9tait de proposer \u00e0 nos clients de la qualit\u00e9 avant tout. Notre fournisseur de tissus est Belge. Son coton bio vient du Bangladesh. Nos finitions sont soign\u00e9es. Nous imprimons ensuite les motifs \u00e0 Montpellier. Au final, les v\u00eatements Mistralou ont quatre certifications.\u00a0\u00bb<\/p>\n<p>O\u00f9 trouver Mistralou? <\/p>\n<p>Pour l\u2019instant, les v\u00eatements sont vendus sur le site internet de la marque. Mais le duo d\u2019entrepreneurs s\u2019est aussi install\u00e9 sur des march\u00e9s de cr\u00e9ateurs. Ce vendredi 25 juillet, ils seront ainsi \u00e0 Toulon, le 28 \u00e0 La Capte et le 6 ao\u00fbt \u00e0 Carqueiranne. \u00ab\u00a0Carqueiranne, on l\u2019a d\u00e9j\u00e0 fait il y a quelques jours. C\u2019\u00e9tait super. On a eu des retours directs et ils ont \u00e9t\u00e9 tr\u00e8s bons. C\u2019est encourageant\u00a0\u00bb, souligne Adrien.<\/p>\n<p>Pour se d\u00e9velopper encore plus, le couple cherche des corners dans des concept-stores avec pourquoi pas un syst\u00e8me de d\u00e9p\u00f4t-vente. Une collection \u00ab hiver \u00bb est \u00e9galement en projet pour les mois \u00e0 venir. Et pourquoi pas viser aussi les enfants un peu plus grands\u2026 \u00ab\u00a0On aimerait effectivement que Mistralou suive l\u2019\u00e9volution de notre fils Matisse. C\u2019est vraiment en trio et en famille que nous avons fond\u00e9 la marque.\u00a0\u00bb<\/p>\n<p><strong>Savoir+<\/strong><br \/>&#13;<br \/>\nV\u00eatements entre 26 et 45 euros. <br \/>&#13;<br \/>\nRens. <a href=\"https:\/\/mistralou.fr\/?srsltid=AfmBOopbVwfPV5cZpWRXzspmDfY4AWz0r--2rDLkZTl4toEA4a-ouLyS\" target=\"_blank\" rel=\"noopener\">mistralou.fr<\/a><\/p>\n","protected":false},"excerpt":{"rendered":"\u00ab\u00a0Minot de la rade\u00a0\u00bb, \u00ab\u00a0pitchoun au grand c\u0153ur\u00a0\u00bb ou encore \u00ab\u00a0marin d\u2019eau douce\u00a0\u00bb\u2026 Ce sont les petits messages&hellip;\n","protected":false},"author":2,"featured_media":275471,"comment_status":"","ping_status":"","sticky":false,"template":"","format":"standard","meta":{"footnotes":""},"categories":[9619],"tags":[1111,11,2876,1777,674,1011,27,12,882,25,2310],"class_list":{"0":"post-275470","1":"post","2":"type-post","3":"status-publish","4":"format-standard","5":"has-post-thumbnail","7":"category-toulon","8":"tag-actu","9":"tag-actualites","10":"tag-conso-shopping","11":"tag-eu","12":"tag-europe","13":"tag-fr","14":"tag-france","15":"tag-news","16":"tag-provence-alpes-cote-dazur","17":"tag-republique-francaise","18":"tag-toulon"},"share_on_mastodon":{"url":"https:\/\/pubeurope.com\/@fr\/114920262358350449","error":""},"_links":{"self":[{"href":"https:\/\/www.europesays.com\/fr\/wp-json\/wp\/v2\/posts\/275470","targetHints":{"allow":["GET"]}}],"collection":[{"href":"https:\/\/www.europesays.com\/fr\/wp-json\/wp\/v2\/posts"}],"about":[{"href":"https:\/\/www.europesays.com\/fr\/wp-json\/wp\/v2\/types\/post"}],"author":[{"embeddable":true,"href":"https:\/\/www.europesays.com\/fr\/wp-json\/wp\/v2\/users\/2"}],"replies":[{"embeddable":true,"href":"https:\/\/www.europesays.com\/fr\/wp-json\/wp\/v2\/comments?post=275470"}],"version-history":[{"count":0,"href":"https:\/\/www.europesays.com\/fr\/wp-json\/wp\/v2\/posts\/275470\/revisions"}],"wp:featuredmedia":[{"embeddable":true,"href":"https:\/\/www.europesays.com\/fr\/wp-json\/wp\/v2\/media\/275471"}],"wp:attachment":[{"href":"https:\/\/www.europesays.com\/fr\/wp-json\/wp\/v2\/media?parent=275470"}],"wp:term":[{"taxonomy":"category","embeddable":true,"href":"https:\/\/www.europesays.com\/fr\/wp-json\/wp\/v2\/categories?post=275470"},{"taxonomy":"post_tag","embeddable":true,"href":"https:\/\/www.europesays.com\/fr\/wp-json\/wp\/v2\/tags?post=275470"}],"curies":[{"name":"wp","href":"https:\/\/api.w.org\/{rel}","templated":true}]}}