{"id":275476,"date":"2025-07-26T15:36:12","date_gmt":"2025-07-26T15:36:12","guid":{"rendered":"https:\/\/www.europesays.com\/fr\/275476\/"},"modified":"2025-07-26T15:36:12","modified_gmt":"2025-07-26T15:36:12","slug":"rouen-une-production-qui-devisse-et-des-aides-qui-fondent-nutriset-est-en-crise","status":"publish","type":"post","link":"https:\/\/www.europesays.com\/fr\/275476\/","title":{"rendered":"Rouen. Une production qui d\u00e9visse et des aides qui fondent : Nutriset est en crise"},"content":{"rendered":"<p>            Par<br \/>\n        <strong><br \/>\n            <a href=\"https:\/\/actu.fr\/auteur\/isabellevilly\" title=\"Consulter tous les articles de Isabelle Villy\" target=\"_blank\" rel=\"noopener\">Isabelle Villy<\/a><br \/>\n        <\/strong><\/p>\n<p>        Publi\u00e9 le<\/p>\n<p>            26 juil. 2025 \u00e0 16h58        <\/p>\n<p>Depuis 1986, <strong>Nutriset<\/strong> d\u00e9veloppe, fabrique et distribue des solutions nutritionnelles, dont le plus connu est le <strong>Plumpy\u2019Nut<\/strong>, pour pr\u00e9venir et traiter <a href=\"https:\/\/actu.fr\/alimentation\" target=\"_blank\" rel=\"noopener\">le fl\u00e9au de la malnutrition<\/a> aupr\u00e8s des populations vuln\u00e9rables, via des ONG (World food programme, Unicef, M\u00e9decins sans fronti\u00e8res, Action contre la faim, le Comit\u00e9 de la Croix-Rouge, etc.).<\/p>\n<p class=\" wall-content\">Mais l\u2019entreprise, bas\u00e9e \u00e0 <a href=\"https:\/\/actu.fr\/normandie\/malaunay_76402\" target=\"_blank\" rel=\"noopener\">Malaunay (Seine-Maritime)<\/a>, pr\u00e8s de Rouen, subit une crise majeure, avec les baisses drastiques de l\u2019aide publique au d\u00e9veloppement, et surtout avec l\u2019arriv\u00e9e du nouveau gouvernement Trump qui a r\u00e9duit de 80 % les financements de l\u2019Agence des \u00c9tats-Unis, alors qu\u2019ils repr\u00e9sentent 55 % de l\u2019aide fourni dans le monde.<\/p>\n<p>La production a chut\u00e9 de 60 000\u00a0 \u00e0 32 000 tonnes<\/p>\n<p class=\" wall-content\">Nutriset a donc vu sa production chuter de<strong> 60 000\u00a0tonnes <\/strong>en 2023<strong> \u00e0 32 000\u00a0tonnes<\/strong> cette ann\u00e9e : \u00ab d\u00e8s janvier, nous avons eu un arr\u00eat complet des commandes et m\u00eame certaines annul\u00e9es. Si les ONG n\u2019ont plus d\u2019argent, c\u2019est un drame pour les enfants, mais aussi pour nos industries \u00bb, a d\u00e9clar\u00e9 <strong>Adeline Lescanne-Gautier<\/strong>, pr\u00e9sidente du groupe Nutriset, lors de la visite d\u2019une d\u00e9l\u00e9gation de parlementaires, le jeudi 10 juillet.<\/p>\n<p>    <img   decoding=\"async\" loading=\"lazy\" class=\"size-large\" src=\"https:\/\/www.europesays.com\/fr\/wp-content\/uploads\/2025\/07\/4d3fd197b4786814fd197b478654fdv-960x640.jpg\" alt=\"Malaunay visite Nutriset\" width=\"960\" height=\"640\"\/><br \/>\n    La production a chut\u00e9, passant de 60 000 tonnes \u00e0 32 000 tonnes. \u00a9Le BulletinLa malnutrition aigu\u00eb s\u00e9v\u00e8re qui frappe 45\u00a0millions d\u2019enfants dans le monde<\/p>\n<p class=\" wall-content\">\u00c0 l\u2019invitation des ONG Action sant\u00e9 mondiale, Alima et M\u00e9decins sans fronti\u00e8res, quatre d\u00e9put\u00e9es (<strong>Sabrina Sebaihi<\/strong> d\u2019Europe \u00c9cologie Les Verts, <strong>Sandrine Josso<\/strong> du Modem, <strong>Marie-Agn\u00e8s Poussier Winsback<\/strong> d\u2019Horizon et <strong>B\u00e9atrice Piron<\/strong> d\u2019Horizon) ont, lors d\u2019une pr\u00e9sentation, \u00e9t\u00e9 sensibilis\u00e9es aux enjeux de l\u2019aide alimentaire pour lutter contre la malnutrition aigu\u00eb s\u00e9v\u00e8re qui frappe 45\u00a0millions d\u2019enfants dans le monde, en raison des guerres, des situations \u00e9conomiques ou du r\u00e9chauffement climatique.<\/p>\n<p class=\" wall-content\">Dans un second temps, elles ont d\u00e9couvert le r\u00f4le de Nutriset \u00e0 travers une visite compl\u00e8te de l\u2019unit\u00e9 de R&amp;D et de production (broyage, thermisation, m\u00e9lange, emballage et stockage) et surtout appr\u00e9hend\u00e9 les impacts des choix politiques des pays donateurs.<\/p>\n<p class=\" wall-content\">\u00ab Les parlementaires ont besoin d\u2019arguments contre les anti-aides. Comment peut-on laisser mourir des enfants, alors que nous avons des solutions efficaces produites ici et localement. Au-del\u00e0 de l\u2019imp\u00e9ratif moral, il y a aussi un imp\u00e9ratif \u00e9conomique en France et l\u00e0-bas. Avec 1 dollar dans la malnutrition, ce sont <strong>23\u00a0dollars en retour d\u2019investissement<\/strong> \u00bb, a fait valoir St\u00e9phane Doyon, responsable programme pour M\u00e9decins sans fronti\u00e8re, ajoutant que c\u2019est aussi un moyen de lutter contre les migrations, contre les conflits et les d\u00e9stabilisations.<\/p>\n<p>\u00ab\u00a0La France aurait un r\u00f4le \u00e0 jouer\u00a0\u00bb\u00a0<\/p>\n<p class=\" wall-content\">\u00ab En investissant dans la malnutrition, on investit dans la s\u00e9curit\u00e9 et la stabilit\u00e9 mondiale. Alors, c\u2019est le moment d\u2019\u00eatre coh\u00e9rent. La France n\u2019est pas un pionnier dans l\u2019affaire et aurait un r\u00f4le \u00e0 jouer, surtout que pour celui qui a montr\u00e9 la voie, c\u2019est fini ! Il faut que quelqu\u2019un reprenne le flambeau. C\u2019est un plaidoyer pour <strong>que la copie budg\u00e9taire 2026 soit moins raide que celle de 2025<\/strong> \u00bb, a pr\u00e9venu St\u00e9phane Doyon.<\/p>\n<p>    <img   decoding=\"async\" loading=\"lazy\" class=\"size-large\" src=\"https:\/\/www.europesays.com\/fr\/wp-content\/uploads\/2025\/07\/df5f7297b4786e36f7297b478386f7v-960x640.jpg\" alt=\"Malaunay visite Nutriset\" width=\"960\" height=\"640\"\/><br \/>\n    Nutriset a d\u00fb licencier 15% de son effectif. \u00a9Le Bulletin<\/p>\n<p class=\" wall-content\">\u00ab Nous avons des solutions innovantes d\u00e9velopp\u00e9es par une soci\u00e9t\u00e9 fran\u00e7aise qui profitent \u00e0 des millions d\u2019enfants. Si on poursuit la baisse des financements, c\u2019est un risque de danger pour le monde entier. Hier, 9 millions d\u2019enfants \u00e9taient pris en charge. D\u00e8s aujourd\u2019hui,<strong> ils ne seront plus que 6,5 millions<\/strong> \u00bb, a rench\u00e9ri Gautier Centlivre, coordinateur d\u2019Action sant\u00e9 mondiale.<\/p>\n<p>Des discussions \u00e2pres auront lieu \u00e0 la rentr\u00e9e sur le budget<\/p>\n<p class=\" wall-content\">La parlementaire <strong>Marie-Agn\u00e8s Poussier Winsback<\/strong>, malgr\u00e9 sa motivation, a conc\u00e9d\u00e9 que des discussions \u00e2pres sur le budget auront lieu \u00e0 la rentr\u00e9e. \u00ab Il va falloir trouver 40\/45\u00a0milliards d\u2019euros. Il faudra faire des choix et il sera important de bien en mesurer les cons\u00e9quences. On voit que cela va avoir des incidences sur nos entreprises. Nous devons \u00eatre porteurs de ce message. Nous allons pouvoir batailler collectivement \u00bb.<\/p>\n<p class=\" wall-content\">En attendant,<strong> Nutriset<\/strong> ressent d\u00e9j\u00e0 les effets des baisses de financement : \u00ab et les cons\u00e9quences sont catastrophiques. Nous avons d\u00e9j\u00e0 d\u00fb licencier pr\u00e8s de 15 % de nos salari\u00e9s. Normalement, dans cette p\u00e9riode, nous avons envoy\u00e9 tous les produits. L\u00e0, il n\u2019y a pas de commandes \u00bb, a d\u00e9plor\u00e9 Adeline Lescanne-Gautier.<\/p>\n<p>Suivez l\u2019actualit\u00e9 de Rouen <a href=\"https:\/\/www.whatsapp.com\/channel\/0029VaKfnf99hXF2ddApFB1D\" target=\"_blank\" rel=\"noopener\">sur notre cha\u00eene WhatsApp<\/a> et <a href=\"https:\/\/www.tiktok.com\/@76actu.fr?lang=fr\" target=\"_blank\" rel=\"noopener\">sur notre compte TikTok<\/a><\/p>\n<p class=\" wall-content\">Suivez toute l\u2019actualit\u00e9 de vos villes et m\u00e9dias favoris en vous inscrivant \u00e0 <a href=\"https:\/\/moncompte.actu.fr\" title=\"D\u00e9couvez Mon Actu\" rel=\"nofollow noopener\" data-trk=\"{&quot;cta&quot;:{&quot;action&quot;:&quot;https:\\\/\\\/moncompte.actu.fr&quot;,&quot;category&quot;:&quot;mon compte&quot;,&quot;from&quot;:&quot;article footer&quot;,&quot;name&quot;:&quot;Mon actu&quot;,&quot;type&quot;:&quot;cta&quot;}}\" target=\"_blank\">Mon Actu<\/a>.<\/p>\n<ul class=\"ac-article-tag wall-content\">\n<li><a href=\"https:\/\/actu.fr\/tag\/alimentation\" data-trk=\"{&quot;cta&quot;:{&quot;action&quot;:&quot;Alimentation&quot;,&quot;category&quot;:&quot;tag&quot;,&quot;from&quot;:&quot;article footer&quot;,&quot;name&quot;:&quot;Alimentation&quot;,&quot;type&quot;:&quot;cta&quot;}}\" target=\"_blank\" rel=\"noopener\">#Alimentation<\/a><\/li>\n<li><a href=\"https:\/\/actu.fr\/tag\/solidarite\" data-trk=\"{&quot;cta&quot;:{&quot;action&quot;:&quot;Solidarit\\u00e9&quot;,&quot;category&quot;:&quot;tag&quot;,&quot;from&quot;:&quot;article footer&quot;,&quot;name&quot;:&quot;Solidarit\\u00e9&quot;,&quot;type&quot;:&quot;cta&quot;}}\" target=\"_blank\" rel=\"noopener\">#Solidarit\u00e9<\/a><\/li>\n<\/ul>\n<p>                    <script async src=\"\/\/www.tiktok.com\/embed.js\"><\/script><\/p>\n","protected":false},"excerpt":{"rendered":"Par Isabelle Villy Publi\u00e9 le 26 juil. 2025 \u00e0 16h58 Depuis 1986, Nutriset d\u00e9veloppe, fabrique et distribue des&hellip;\n","protected":false},"author":2,"featured_media":275477,"comment_status":"","ping_status":"","sticky":false,"template":"","format":"standard","meta":{"footnotes":""},"categories":[9587],"tags":[1111,11,258,33,1777,674,1011,27,12,5161,25,9590,3400],"class_list":{"0":"post-275476","1":"post","2":"type-post","3":"status-publish","4":"format-standard","5":"has-post-thumbnail","7":"category-rouen","8":"tag-actu","9":"tag-actualites","10":"tag-alimentation","11":"tag-economie","12":"tag-eu","13":"tag-europe","14":"tag-fr","15":"tag-france","16":"tag-news","17":"tag-normandie","18":"tag-republique-francaise","19":"tag-rouen","20":"tag-solidarite"},"share_on_mastodon":{"url":"https:\/\/pubeurope.com\/@fr\/114920278164996340","error":""},"_links":{"self":[{"href":"https:\/\/www.europesays.com\/fr\/wp-json\/wp\/v2\/posts\/275476","targetHints":{"allow":["GET"]}}],"collection":[{"href":"https:\/\/www.europesays.com\/fr\/wp-json\/wp\/v2\/posts"}],"about":[{"href":"https:\/\/www.europesays.com\/fr\/wp-json\/wp\/v2\/types\/post"}],"author":[{"embeddable":true,"href":"https:\/\/www.europesays.com\/fr\/wp-json\/wp\/v2\/users\/2"}],"replies":[{"embeddable":true,"href":"https:\/\/www.europesays.com\/fr\/wp-json\/wp\/v2\/comments?post=275476"}],"version-history":[{"count":0,"href":"https:\/\/www.europesays.com\/fr\/wp-json\/wp\/v2\/posts\/275476\/revisions"}],"wp:featuredmedia":[{"embeddable":true,"href":"https:\/\/www.europesays.com\/fr\/wp-json\/wp\/v2\/media\/275477"}],"wp:attachment":[{"href":"https:\/\/www.europesays.com\/fr\/wp-json\/wp\/v2\/media?parent=275476"}],"wp:term":[{"taxonomy":"category","embeddable":true,"href":"https:\/\/www.europesays.com\/fr\/wp-json\/wp\/v2\/categories?post=275476"},{"taxonomy":"post_tag","embeddable":true,"href":"https:\/\/www.europesays.com\/fr\/wp-json\/wp\/v2\/tags?post=275476"}],"curies":[{"name":"wp","href":"https:\/\/api.w.org\/{rel}","templated":true}]}}