{"id":275478,"date":"2025-07-26T15:39:16","date_gmt":"2025-07-26T15:39:16","guid":{"rendered":"https:\/\/www.europesays.com\/fr\/275478\/"},"modified":"2025-07-26T15:39:16","modified_gmt":"2025-07-26T15:39:16","slug":"officiel-mercato-grenoble-cede-junior-olaitan-a-un-club-turc","status":"publish","type":"post","link":"https:\/\/www.europesays.com\/fr\/275478\/","title":{"rendered":"Officiel &#8211; Mercato : Grenoble c\u00e8de Junior Olaitan \u00e0 un club turc !"},"content":{"rendered":"<p style=\"text-align: justify;\">La Turquie est une destination pris\u00e9e des joueurs de Ligue 2 ces derni\u00e8res heures. Apr\u00e8s une seule saison pass\u00e9e sous le maillot de <strong>Grenoble<\/strong>, <strong>Junior<\/strong> <strong>Olaitan<\/strong> quitte l\u2019Is\u00e8re et va rejoindre le club de <strong>G\u00f6ztepe<\/strong>. Le nouveau club de l\u2019international b\u00e9ninois a officialis\u00e9 la nouvelle ce samedi, avec \u00e0 la cl\u00e9 un contrat de quatre saisons (plus une en option) pour l\u2019ancien Niortais et Troyen. Apparu 25 fois en Ligue 2 la saison pass\u00e9e, il avait sign\u00e9 quatre buts et trois passes d\u00e9cisives.<\/p>\n<p style=\"text-align: justify;\">\u00c0 lire aussi &gt;&gt;\u00a0<a href=\"https:\/\/maligue2.fr\/2025\/07\/26\/officiel-julien-anziani-quitte-lac-ajaccio\/\" target=\"_blank\" rel=\"noopener\">Officiel \u2013 Julien Anziani quitte l\u2019AC Ajaccio<\/a><\/p>\n<blockquote class=\"twitter-tweet\">\n<p dir=\"ltr\" lang=\"tr\">\ud83c\udde7\ud83c\uddef2002 do\u011fumlu h\u00fccum oyuncusu Junior Olaitan Ishola ile 4+1 y\u0131ll\u0131k s\u00f6zle\u015fme imzalad\u0131k.<\/p>\n<p>\ud83c\udde7\ud83c\uddefWe are delighted to announce the signing of Junior Olaitan Ishola on a four-year contract with an option for an additional year.<a href=\"https:\/\/t.co\/TEAPvY9ySI\">https:\/\/t.co\/TEAPvY9ySI<\/a><a href=\"https:\/\/twitter.com\/hashtag\/G%C3%B6ztepe?src=hash&amp;ref_src=twsrc%5Etfw\" target=\"_blank\" rel=\"noopener\">#G\u00f6ztepe<\/a> <a href=\"https:\/\/t.co\/d1fsaaTYDH\">pic.twitter.com\/d1fsaaTYDH<\/a><\/p>\n<p>\u2014 G\u00f6ztepe Spor Kul\u00fcb\u00fc (@Goztepe) <a href=\"https:\/\/twitter.com\/Goztepe\/status\/1949092961347629303?ref_src=twsrc%5Etfw\" target=\"_blank\" rel=\"noopener\">July 26, 2025<\/a><\/p>\n<\/blockquote>\n<p style=\"text-align: justify;\">Photo Philippe Lecoeur\/FEP\/Icon Sport<\/p>\n<p>\t\t<script async src=\"https:\/\/platform.twitter.com\/widgets.js\" charset=\"utf-8\"><\/script><\/p>\n","protected":false},"excerpt":{"rendered":"La Turquie est une destination pris\u00e9e des joueurs de Ligue 2 ces derni\u00e8res heures. Apr\u00e8s une seule saison&hellip;\n","protected":false},"author":2,"featured_media":275479,"comment_status":"","ping_status":"","sticky":false,"template":"","format":"standard","meta":{"footnotes":""},"categories":[9566],"tags":[24683,7562,1111,11,2430,1777,674,1011,27,2731,22118,12,25],"class_list":{"0":"post-275478","1":"post","2":"type-post","3":"status-publish","4":"format-standard","5":"has-post-thumbnail","7":"category-grenoble","8":"tag-alaune4","9":"tag-mettreenavant","10":"tag-actu","11":"tag-actualites","12":"tag-auvergne-rhone-alpes","13":"tag-eu","14":"tag-europe","15":"tag-fr","16":"tag-france","17":"tag-grenoble","18":"tag-junior-olaitan-ishola","19":"tag-news","20":"tag-republique-francaise"},"share_on_mastodon":{"url":"https:\/\/pubeurope.com\/@fr\/114920289946215450","error":""},"_links":{"self":[{"href":"https:\/\/www.europesays.com\/fr\/wp-json\/wp\/v2\/posts\/275478","targetHints":{"allow":["GET"]}}],"collection":[{"href":"https:\/\/www.europesays.com\/fr\/wp-json\/wp\/v2\/posts"}],"about":[{"href":"https:\/\/www.europesays.com\/fr\/wp-json\/wp\/v2\/types\/post"}],"author":[{"embeddable":true,"href":"https:\/\/www.europesays.com\/fr\/wp-json\/wp\/v2\/users\/2"}],"replies":[{"embeddable":true,"href":"https:\/\/www.europesays.com\/fr\/wp-json\/wp\/v2\/comments?post=275478"}],"version-history":[{"count":0,"href":"https:\/\/www.europesays.com\/fr\/wp-json\/wp\/v2\/posts\/275478\/revisions"}],"wp:featuredmedia":[{"embeddable":true,"href":"https:\/\/www.europesays.com\/fr\/wp-json\/wp\/v2\/media\/275479"}],"wp:attachment":[{"href":"https:\/\/www.europesays.com\/fr\/wp-json\/wp\/v2\/media?parent=275478"}],"wp:term":[{"taxonomy":"category","embeddable":true,"href":"https:\/\/www.europesays.com\/fr\/wp-json\/wp\/v2\/categories?post=275478"},{"taxonomy":"post_tag","embeddable":true,"href":"https:\/\/www.europesays.com\/fr\/wp-json\/wp\/v2\/tags?post=275478"}],"curies":[{"name":"wp","href":"https:\/\/api.w.org\/{rel}","templated":true}]}}