{"id":275486,"date":"2025-07-26T15:43:16","date_gmt":"2025-07-26T15:43:16","guid":{"rendered":"https:\/\/www.europesays.com\/fr\/275486\/"},"modified":"2025-07-26T15:43:16","modified_gmt":"2025-07-26T15:43:16","slug":"emmanuel-emegha-designe-nouveau-capitaine-alsasports","status":"publish","type":"post","link":"https:\/\/www.europesays.com\/fr\/275486\/","title":{"rendered":"Emmanuel Emegha d\u00e9sign\u00e9 nouveau capitaine \u2014 Alsa&rsquo;Sports"},"content":{"rendered":"<p><strong>Comme on pouvait s\u2019en douter apr\u00e8s le premier amical mardi soir \u00e0 Colmar, Emmanuel Emegha a \u00e9t\u00e9 d\u00e9sign\u00e9 nouveau capitaine du Racing cette saison. <\/strong><\/p>\n<p>Alors que <a href=\"https:\/\/www.alsasports.fr\/football\/rc-strasbourg\/johnsson-et-emegha-seront-ils-les-capitaines-cette-saison\/73879\/\" target=\"_blank\" rel=\"noopener\">l\u2019on se posait justement la question apr\u00e8s le premier match amical<\/a> du Racing mardi soir \u00e0 Colmar contre Nancy (victoire 2-1), o\u00f9 Johnsson et Emegha ont port\u00e9 le brassard durant une p\u00e9riode chacun, voici d\u00e9sormais la confirmation. Dans un entretien vid\u00e9o accord\u00e9 \u00e0 nos confr\u00e8res des DNA, Emmanuel Emegha r\u00e9v\u00e8le ce samedi qu\u2019il a accept\u00e9 le r\u00f4le de capitaine que lui a confi\u00e9 l\u2019entra\u00eeneur Liam Rosenior : \u00ab\u00a0Je porte le brassard, mais ce n\u2019est pas juste moi. C\u2019est une \u00e9quipe de 23 joueurs o\u00f9 pour moi tout le monde est capitaine, chacun a un r\u00f4le diff\u00e9rent. Je montre l\u2019exemple pour \u00eatre \u00e0 100%. Mon exemple, c\u2019est mon intensit\u00e9\u00a0\u00bb. <\/p>\n<p>Une distinction qui r\u00e9compense un apport significatif sur le terrain, premi\u00e8rement, mais aussi un temp\u00e9rament, un \u00e9tat d\u2019esprit, une franchise dans l\u2019attitude. Rappelez-vous. En 2023\/2024, il \u00e9prouvait certaines difficult\u00e9s \u00e0 \u00eatre efficace et \u00e0 trouver ses marques. Largement tanc\u00e9 par les supporters, \u00e0 domicile comme en d\u00e9placement, l\u2019attaquant n\u00e9erlandais avait dit stop. Venu voir les supporters apr\u00e8s un mauvais r\u00e9sultat, il les avait rassur\u00e9s et leur avait demand\u00e9 du temps. Une sc\u00e8ne qui en disait d\u00e9j\u00e0 long sur sa motivation et une confiance parfois excessive que certains lui reprochent. Avec une t\u00eate pareille, le bras peut porter le brassard.<\/p>\n","protected":false},"excerpt":{"rendered":"Comme on pouvait s\u2019en douter apr\u00e8s le premier amical mardi soir \u00e0 Colmar, Emmanuel Emegha a \u00e9t\u00e9 d\u00e9sign\u00e9&hellip;\n","protected":false},"author":2,"featured_media":275487,"comment_status":"","ping_status":"","sticky":false,"template":"","format":"standard","meta":{"footnotes":""},"categories":[2820],"tags":[1111,11,11787,1777,674,63,1011,27,775,66,12,4448,25,640],"class_list":{"0":"post-275486","1":"post","2":"type-post","3":"status-publish","4":"format-standard","5":"has-post-thumbnail","7":"category-strasbourg","8":"tag-actu","9":"tag-actualites","10":"tag-emanuel-emegha","11":"tag-eu","12":"tag-europe","13":"tag-football","14":"tag-fr","15":"tag-france","16":"tag-grand-est","17":"tag-ligue-1","18":"tag-news","19":"tag-rc-strasbourg","20":"tag-republique-francaise","21":"tag-strasbourg"},"share_on_mastodon":{"url":"https:\/\/pubeurope.com\/@fr\/114920305664331334","error":""},"_links":{"self":[{"href":"https:\/\/www.europesays.com\/fr\/wp-json\/wp\/v2\/posts\/275486","targetHints":{"allow":["GET"]}}],"collection":[{"href":"https:\/\/www.europesays.com\/fr\/wp-json\/wp\/v2\/posts"}],"about":[{"href":"https:\/\/www.europesays.com\/fr\/wp-json\/wp\/v2\/types\/post"}],"author":[{"embeddable":true,"href":"https:\/\/www.europesays.com\/fr\/wp-json\/wp\/v2\/users\/2"}],"replies":[{"embeddable":true,"href":"https:\/\/www.europesays.com\/fr\/wp-json\/wp\/v2\/comments?post=275486"}],"version-history":[{"count":0,"href":"https:\/\/www.europesays.com\/fr\/wp-json\/wp\/v2\/posts\/275486\/revisions"}],"wp:featuredmedia":[{"embeddable":true,"href":"https:\/\/www.europesays.com\/fr\/wp-json\/wp\/v2\/media\/275487"}],"wp:attachment":[{"href":"https:\/\/www.europesays.com\/fr\/wp-json\/wp\/v2\/media?parent=275486"}],"wp:term":[{"taxonomy":"category","embeddable":true,"href":"https:\/\/www.europesays.com\/fr\/wp-json\/wp\/v2\/categories?post=275486"},{"taxonomy":"post_tag","embeddable":true,"href":"https:\/\/www.europesays.com\/fr\/wp-json\/wp\/v2\/tags?post=275486"}],"curies":[{"name":"wp","href":"https:\/\/api.w.org\/{rel}","templated":true}]}}