{"id":275488,"date":"2025-07-26T15:44:11","date_gmt":"2025-07-26T15:44:11","guid":{"rendered":"https:\/\/www.europesays.com\/fr\/275488\/"},"modified":"2025-07-26T15:44:11","modified_gmt":"2025-07-26T15:44:11","slug":"une-safe-zone-au-nice-jazz-fest-ou-trouver-refuge-en-cas-dagression","status":"publish","type":"post","link":"https:\/\/www.europesays.com\/fr\/275488\/","title":{"rendered":"Une safe zone au Nice Jazz Fest o\u00f9 trouver refuge en cas d\u2019agression"},"content":{"rendered":"<p>\u00ab\u00a0J\u2019ai dit non.\u00a0\u00bb \u00ab\u00a0T\u2019es relou.e\u00a0\u00bb \u00ab\u00a0Besoin d\u2019aide?\u00a0\u00bb Ces messages essentiels sont r\u00e9dig\u00e9s sur de petites cartes distribu\u00e9es \u00e0 la safe zone du Nice Jazz Fest.<\/p>\n<p>Un espace o\u00f9 trouver des informations mais surtout o\u00f9 se r\u00e9fugier en cas d\u2019agression, de propos d\u00e9plac\u00e9s, bref, si on ne sent pas bien et qu\u2019on a besoin de souffler. <\/p>\n<p>\u00ab\u00a0C\u2019est la premi\u00e8re fois que ce dispositif est mis en place au NJF, informe Nathalie, la r\u00e9f\u00e9rente, agente de la M\u00e9tropole. Il a vocation \u00e0 informer, pr\u00e9venir et agir sur toutes les formes de violences.\u00a0\u00bb<\/p>\n<p>On sait tr\u00e8s bien que dans les rassemblements dans lesquels la foule est compacte, des comportements inappropri\u00e9s peuvent \u00eatre signal\u00e9s.<\/p>\n<p>              <img ci-src=\"https:\/\/www.varmatin.com\/vie-locale\/protec\/DATA_ART_15975414-ZTOViCqB.jpg?vh=4ef1e8&amp;ci_seal=231be7512b\" alt=\"\"\/><br \/>\n        La Maison des Femmes est pr\u00e9sente pour informer les proches ou victimes de violence. <strong>Photo Justine Meddah.<\/strong> <\/p>\n<p>Exemple, vendredi, alors que le collectif Lamomali de -M- enflammait la sc\u00e8ne Mass\u00e9na, un jeune homme a \u00e9t\u00e9 exfiltr\u00e9 en quelques secondes du public par les agents de s\u00e9curit\u00e9 car il aurait touch\u00e9 une femme. La police est arriv\u00e9e quelques minutes plus tard.<\/p>\n<p>Si les r\u00e9actions sont rapides, la pr\u00e9vention est aussi fondamentale. <\/p>\n<p>\u00ab\u00a0Nous conseillons aux spectateurs de t\u00e9l\u00e9charger l\u2019appli Safer. Si quelqu\u2019un rencontre un probl\u00e8me, il lui suffit de le signaler sur l\u2019appli et gr\u00e2ce \u00e0 la g\u00e9olocalisation, nous intervenons tout de suite, pr\u00e9conise Nathalie. En plus du stand o\u00f9 les gens peuvent se r\u00e9fugier, nous patrouillons sur l\u2019ensemble du site. Nous pouvons faire intervenir les secours ainsi qu\u2019un psychologue pour prendre en charge une \u00e9ventuelle victime. Tout ceci gr\u00e2ce au soutien de l\u2019association Safer avec qui la M\u00e9tropole collabore pour ce projet.\u00a0\u00bb<\/p>\n<p>Toute l\u2019\u00e9quipe de la safe zone avait \u00e9t\u00e9 form\u00e9e en amont afin d\u2019\u00eatre capable d\u2019accueillir la parole de chacun et de rassurer de mani\u00e8re efficace.<\/p>\n<p>La Maison des femmes, pour le long terme<\/p>\n<p>Pour la premi\u00e8re fois, la Maison des femmes est pr\u00e9sente sur le NJF.<\/p>\n<p>\u00ab\u00a0C\u2019est une unit\u00e9 du p\u00f4le femme-m\u00e8re-enfant de l\u2019Archet 2, ouverte en septembre 2024. L\u2019objectif est d\u2019accompagner les femmes victimes de violences. Pour cela nous avons constitu\u00e9 une \u00e9quipe de gyn\u00e9cologues, sages-femmes, psychiatre, psychologue, assistante sociale, juriste, r\u00e9sume le Dr Marie Cid, elle-m\u00eame gyn\u00e9cologue. C\u2019est important pour nous d\u2019\u00eatre pr\u00e9sent sur un \u00e9v\u00e9nement comme celui-ci car il faut avoir en t\u00eate qu\u2019une femme sur dix est victime de violences. Beaucoup de personnes viennent nous voir en disant qu\u2019ils prennent des informations pour une amie. Il est difficile pour une victime de parler, d\u2019enclencher des d\u00e9marches.\u00a0\u00bb<\/p>\n<p>\u00c0 qui s\u2019adresser alors? \u00ab\u00a0A un enseignant, une infirmi\u00e8re, une association, au 3919 mais aussi \u00e0 un pharmacien ou un m\u00e9decin. La porte d\u2019entr\u00e9e est souvent par le m\u00e9dical, constate le Dr Cid. La grossesse est notamment une p\u00e9riode o\u00f9 les violences peuvent \u00e9clater. En tant que gyn\u00e9cologue, je le constate et, comme mes confr\u00e8res, je peux le rep\u00e9rer. Nous essayons donc d\u2019accompagner ces femmes car les cons\u00e9quences peuvent \u00eatre tr\u00e8s lourdes: physiques, psychologiques mais aussi en termes de sant\u00e9 comme des risques cardiovasculaires.\u00a0\u00bb<\/p>\n<p>La Maison des femmes (1) prend \u00e9galement en charge les victimes de mutilations g\u00e9nitales: \u00ab\u00a0Nous recevons sans condition y compris des personnes qui n\u2019ont pas de couverture sociale. Les migrantes peuvent donc nous contacter afin de les accompagner dans les d\u00e9marches et soins.\u00a0\u00bb<\/p>\n<p>(1) La structure se trouve \u00e0 l\u2019h\u00f4pital l\u2019Archet mais d\u00e9m\u00e9nagera en ville en 2026. <a href=\"https:\/\/www.chu-nice.fr\/offre-de-soins\/femme-mere-enfant\/la-maison-des-femmes-des-alpes-maritimes\/\" target=\"_blank\" rel=\"noopener nofollow\">Pour la contacter: 04.92.03.21.10.<\/a> par mail maisondesfemmes06@chu-nice.fr ou pr\u00e8s de la safe zone sur le site du Nice Jazz fest.<\/p>\n","protected":false},"excerpt":{"rendered":"\u00ab\u00a0J\u2019ai dit non.\u00a0\u00bb \u00ab\u00a0T\u2019es relou.e\u00a0\u00bb \u00ab\u00a0Besoin d\u2019aide?\u00a0\u00bb Ces messages essentiels sont r\u00e9dig\u00e9s sur de petites cartes distribu\u00e9es \u00e0&hellip;\n","protected":false},"author":2,"featured_media":275489,"comment_status":"","ping_status":"","sticky":false,"template":"","format":"standard","meta":{"footnotes":""},"categories":[2819],"tags":[1111,11,251,1777,674,1011,27,1393,12,2401,882,25,3366],"class_list":{"0":"post-275488","1":"post","2":"type-post","3":"status-publish","4":"format-standard","5":"has-post-thumbnail","7":"category-nice","8":"tag-actu","9":"tag-actualites","10":"tag-culture","11":"tag-eu","12":"tag-europe","13":"tag-fr","14":"tag-france","15":"tag-loisirs","16":"tag-news","17":"tag-nice","18":"tag-provence-alpes-cote-dazur","19":"tag-republique-francaise","20":"tag-vie-locale"},"share_on_mastodon":{"url":"https:\/\/pubeurope.com\/@fr\/114920309601918677","error":""},"_links":{"self":[{"href":"https:\/\/www.europesays.com\/fr\/wp-json\/wp\/v2\/posts\/275488","targetHints":{"allow":["GET"]}}],"collection":[{"href":"https:\/\/www.europesays.com\/fr\/wp-json\/wp\/v2\/posts"}],"about":[{"href":"https:\/\/www.europesays.com\/fr\/wp-json\/wp\/v2\/types\/post"}],"author":[{"embeddable":true,"href":"https:\/\/www.europesays.com\/fr\/wp-json\/wp\/v2\/users\/2"}],"replies":[{"embeddable":true,"href":"https:\/\/www.europesays.com\/fr\/wp-json\/wp\/v2\/comments?post=275488"}],"version-history":[{"count":0,"href":"https:\/\/www.europesays.com\/fr\/wp-json\/wp\/v2\/posts\/275488\/revisions"}],"wp:featuredmedia":[{"embeddable":true,"href":"https:\/\/www.europesays.com\/fr\/wp-json\/wp\/v2\/media\/275489"}],"wp:attachment":[{"href":"https:\/\/www.europesays.com\/fr\/wp-json\/wp\/v2\/media?parent=275488"}],"wp:term":[{"taxonomy":"category","embeddable":true,"href":"https:\/\/www.europesays.com\/fr\/wp-json\/wp\/v2\/categories?post=275488"},{"taxonomy":"post_tag","embeddable":true,"href":"https:\/\/www.europesays.com\/fr\/wp-json\/wp\/v2\/tags?post=275488"}],"curies":[{"name":"wp","href":"https:\/\/api.w.org\/{rel}","templated":true}]}}