{"id":275490,"date":"2025-07-26T15:45:11","date_gmt":"2025-07-26T15:45:11","guid":{"rendered":"https:\/\/www.europesays.com\/fr\/275490\/"},"modified":"2025-07-26T15:45:11","modified_gmt":"2025-07-26T15:45:11","slug":"nice-simpose-face-a-feyenoord-mais-perd-contre-sankt-pauli-amical","status":"publish","type":"post","link":"https:\/\/www.europesays.com\/fr\/275490\/","title":{"rendered":"Nice s&rsquo;impose face \u00e0 Feyenoord&#8230; mais perd contre Sankt Pauli &#8211; Amical"},"content":{"rendered":"<p>Deux amicaux pour le prix d\u2019un.<\/p>\n<p>En conclusion de son stage \u00e0 Gr\u00f6dig (en Autriche, dans la r\u00e9gion de Salzbourg), l\u2019OGC Nice disputait non pas un, mais deux matchs ce samedi. Le matin, les titulaires se sont impos\u00e9s face \u00e0 Feyenoord (1-2) gr\u00e2ce \u00e0 un coup franc de Jonathan Clauss (9e) et un but contre son camp de Ramiz Zerrouki (63e). Dans l\u2019apr\u00e8s-midi, les rempla\u00e7ants ont perdu contre Sankt Pauli, avec des buts de Scott Banks et Finley Stevens dans les dix derni\u00e8res minutes (84e puis 89e).<\/p>\n<\/p>\n<p>Le retour des s\u00e9lections A\u2019 !<\/p>\n<p>\t\t\t\t\t\t\t\t\t\t<a class=\"lien-connexe\" href=\"https:\/\/www.sofoot.com\/breves\/lolympique-lyonnais-ecrase-hambourg-en-amical\" rel=\"nofollow noopener\" target=\"_blank\">L&rsquo;Olympique lyonnais \u00e9crase Hambourg en amical<\/a>\t\t\t\t\t<\/p>\n","protected":false},"excerpt":{"rendered":"Deux amicaux pour le prix d\u2019un. En conclusion de son stage \u00e0 Gr\u00f6dig (en Autriche, dans la r\u00e9gion&hellip;\n","protected":false},"author":2,"featured_media":275491,"comment_status":"","ping_status":"","sticky":false,"template":"","format":"standard","meta":{"footnotes":""},"categories":[2819],"tags":[1111,47,11,61,69,65,64,1777,674,63,1011,27,68,66,12,62,2401,70,882,25,67],"class_list":{"0":"post-275490","1":"post","2":"type-post","3":"status-publish","4":"format-standard","5":"has-post-thumbnail","7":"category-nice","8":"tag-actu","9":"tag-actualite","10":"tag-actualites","11":"tag-actus-football","12":"tag-bundesliga","13":"tag-championnats-europeens","14":"tag-equipe-de-france","15":"tag-eu","16":"tag-europe","17":"tag-football","18":"tag-fr","19":"tag-france","20":"tag-ligua","21":"tag-ligue-1","22":"tag-news","23":"tag-news-foot","24":"tag-nice","25":"tag-premier-league","26":"tag-provence-alpes-cote-dazur","27":"tag-republique-francaise","28":"tag-serie-a"},"share_on_mastodon":{"url":"https:\/\/pubeurope.com\/@fr\/114920313563316855","error":""},"_links":{"self":[{"href":"https:\/\/www.europesays.com\/fr\/wp-json\/wp\/v2\/posts\/275490","targetHints":{"allow":["GET"]}}],"collection":[{"href":"https:\/\/www.europesays.com\/fr\/wp-json\/wp\/v2\/posts"}],"about":[{"href":"https:\/\/www.europesays.com\/fr\/wp-json\/wp\/v2\/types\/post"}],"author":[{"embeddable":true,"href":"https:\/\/www.europesays.com\/fr\/wp-json\/wp\/v2\/users\/2"}],"replies":[{"embeddable":true,"href":"https:\/\/www.europesays.com\/fr\/wp-json\/wp\/v2\/comments?post=275490"}],"version-history":[{"count":0,"href":"https:\/\/www.europesays.com\/fr\/wp-json\/wp\/v2\/posts\/275490\/revisions"}],"wp:featuredmedia":[{"embeddable":true,"href":"https:\/\/www.europesays.com\/fr\/wp-json\/wp\/v2\/media\/275491"}],"wp:attachment":[{"href":"https:\/\/www.europesays.com\/fr\/wp-json\/wp\/v2\/media?parent=275490"}],"wp:term":[{"taxonomy":"category","embeddable":true,"href":"https:\/\/www.europesays.com\/fr\/wp-json\/wp\/v2\/categories?post=275490"},{"taxonomy":"post_tag","embeddable":true,"href":"https:\/\/www.europesays.com\/fr\/wp-json\/wp\/v2\/tags?post=275490"}],"curies":[{"name":"wp","href":"https:\/\/api.w.org\/{rel}","templated":true}]}}