{"id":275496,"date":"2025-07-26T15:48:11","date_gmt":"2025-07-26T15:48:11","guid":{"rendered":"https:\/\/www.europesays.com\/fr\/275496\/"},"modified":"2025-07-26T15:48:11","modified_gmt":"2025-07-26T15:48:11","slug":"ce-concept-melant-course-et-gastronomie-connait-un-franc-succes-a-bordeaux","status":"publish","type":"post","link":"https:\/\/www.europesays.com\/fr\/275496\/","title":{"rendered":"ce concept m\u00ealant course et gastronomie conna\u00eet un franc succ\u00e8s \u00e0 Bordeaux"},"content":{"rendered":"<p>            Par<br \/>\n        <strong><br \/>\n            <a href=\"https:\/\/actu.fr\/auteur\/julian-doubax\" title=\"Consulter tous les articles de Julian Doubax\" rel=\"nofollow noopener\" target=\"_blank\">Julian Doubax<\/a><br \/>\n        <\/strong><\/p>\n<p>        Publi\u00e9 le<\/p>\n<p>            26 juil. 2025 \u00e0 17h32        <\/p>\n<p>Allier la <strong>course<\/strong> et la <strong>gastronomie\u2009<\/strong>: c\u2019est la promesse faite par le Food Runners Club \u00e0 ses participants. Depuis six mois, ce club de <a href=\"https:\/\/actu.fr\/bordeaux\/sports\/athletisme\" rel=\"nofollow noopener\" target=\"_blank\">running<\/a> n\u00e9 \u00e0 Paris arpente les rues de Bordeaux \u00e0 la recherche de nouvelles adresses culinaires.\u00a0Lors de chaque sortie, plusieurs coureurs se rassemblent pour effectuer quelques kilom\u00e8tres avant de se retrouver pour <strong>d\u00e9guster les produits<\/strong> propos\u00e9s par l\u2019enseigne choisie par les organisateurs. Un concept qui ravit autant les restaurateurs que les participants : certains restent m\u00eame sur le carreau. Pour l\u2019occasion, <a href=\"https:\/\/actu.fr\/bordeaux\/\" rel=\"nofollow noopener\" target=\"_blank\">actu Bordeaux<\/a> a particip\u00e9 \u00e0 une <strong>s\u00e9ance<\/strong>.<\/p>\n<p>Une cinquantaine de coureurs<\/p>\n<p class=\" wall-content\">Pour cette derni\u00e8re sortie de l\u2019\u00e9t\u00e9, le mardi 22\u00a0juillet 2025, les membres du <a href=\"https:\/\/www.instagram.com\/foodrunnersclub.bordeaux\/?hl=fr\" rel=\"nofollow noopener\" target=\"_blank\">Food Runners Club<\/a> ont jet\u00e9 leur d\u00e9volu sur <strong>Nuances<\/strong>, un traiteur pr\u00e8s des all\u00e9es de Tourny.<\/p>\n<p class=\" wall-content\">Vers 20h, les <a href=\"https:\/\/actu.fr\/nouvelle-aquitaine\/bordeaux_33063\/a-26-ans-il-cree-un-nouveau-club-de-running-a-bordeaux-ca-permet-de-courir-en-groupe-se-faire-des-amis_61771683.html\" rel=\"nofollow noopener\" target=\"_blank\">coureurs<\/a> arrivent au compte-goutte, une <strong>cinquantaine<\/strong> est attendue. \u00ab\u2009Parfois, on est oblig\u00e9 de cr\u00e9er une<strong> file d\u2019attente<\/strong> et de limiter \u00e0 un certain nombre pour arriver \u00e0 g\u00e9rer durant la course\u2009\u00bb, explique Antonin, l\u2019un des organisateurs.<\/p>\n<p class=\" wall-content\">Avant de partir, un \u00e9chauffement est orchestr\u00e9 par les membres du Food Runners Club. Le tout en musique pour placer les participants dans une atmosph\u00e8re d\u00e9tendue et ludique.<\/p>\n<p>Des parcours au feeling<\/p>\n<p class=\" wall-content\">Quand tous les muscles sont \u00e9chauff\u00e9s et que le cardio commence \u00e0 monter, les coureurs partent <strong>d\u00e9ambuler<\/strong> dans les rues de Bordeaux. \u00ab\u2009Chaque fois, on part du restaurant partenaire et on r\u00e9alise une boucle de six ou sept kilom\u00e8tres. Le <strong>parcours<\/strong> varie toujours pour ne pas \u00eatre redondant.\u2009\u00bb<\/p>\n<p>    <img   decoding=\"async\" loading=\"lazy\" src=\"https:\/\/www.europesays.com\/fr\/wp-content\/uploads\/2025\/07\/photo-4-960x640.jpeg\" alt=\"Les coureurs s'accordent une courte pause pour que le groupe se reforme. \" width=\"960\" height=\"640\"\/><br \/>\n    Les coureurs s\u2019accordent une courte pause pour que le groupe se reforme. (\u00a9Julian Doubax)<\/p>\n<p class=\" wall-content\">Ce coup-ci, les courageux empruntent le Jardin Public, les quais de la rive gauche, la rue Saint-R\u00e9mi ou encore la place des Grands Hommes. Un membre du club de running est \u00e0 l\u2019avant pour guider le groupe puis un autre ferme la marche. Au fil de la sortie, <strong>des affinit\u00e9s se cr\u00e9ent<\/strong> entre les coureurs qui papotent entre deux foul\u00e9es.<\/p>\n<p class=\" wall-content\">\u00ab\u2009Il y a toujours de nouvelles t\u00eates mais globalement, on retrouve des gens qui ont d\u00e9j\u00e0 particip\u00e9 une dizaine de fois. C\u2019est bien de les p\u00e9renniser\u2009\u00bb, souligne l\u2019organisateur.<\/p>\n<p>Le repas en guise de r\u00e9compense<\/p>\n<p class=\" wall-content\">Apr\u00e8s avoir couru, chacun \u00e0 son rythme, les participants arrivent enfin devant le restaurant. Pour l\u2019occasion, Laure Galba, g\u00e9rante de Nuances, a mis les <strong>bouch\u00e9es doubles<\/strong>. La Bordelaise a sorti plusieurs tables devant son commerce pour ravir ses convives sportifs du soir.<\/p>\n<p class=\" wall-content\">\u00ab\u2009J\u2019aime faire plaisir et <strong>rassembler du monde<\/strong>. Quand j\u2019ai d\u00e9couvert le club, c\u2019\u00e9tait vraiment l\u2019id\u00e9e que je me faisais de courir et de restaurer en m\u00eame temps donc j\u2019ai rapidement adh\u00e9r\u00e9\u2009\u00bb, confie la traiteuse.<\/p>\n<blockquote class=\"tiktok-embed\" cite=\"https:\/\/www.tiktok.com\/@actubordeaux\/video\/7531017341077966102\" data-video-id=\"7531017341077966102\" data-embed-from=\"oembed\" style=\"max-width:605px; min-width:325px;\"><p>\n<a target=\"_blank\" title=\"@actubordeaux\" href=\"https:\/\/www.tiktok.com\/@actubordeaux?refer=embed\" rel=\"nofollow noopener\">@actubordeaux<\/a> <\/p>\n<p>Plus de 50 coureurs participent aux sorties du @FOOD RUNNERS CLUB \u00e0 Bordeaux. Le concept ? Allier la course et manger dans des adresses diff\u00e9rentes \u00e0 chaque fois. <a title=\"bordeaux\" target=\"_blank\" href=\"https:\/\/www.tiktok.com\/tag\/bordeaux?refer=embed\" rel=\"nofollow noopener\">#bordeaux<\/a> <a title=\"course\" target=\"_blank\" href=\"https:\/\/www.tiktok.com\/tag\/course?refer=embed\" rel=\"nofollow noopener\">#course<\/a> <a title=\"running\" target=\"_blank\" href=\"https:\/\/www.tiktok.com\/tag\/running?refer=embed\" rel=\"nofollow noopener\">#running<\/a> <a title=\"food\" target=\"_blank\" href=\"https:\/\/www.tiktok.com\/tag\/food?refer=embed\" rel=\"nofollow noopener\">#food<\/a> <a title=\"fyp\" target=\"_blank\" href=\"https:\/\/www.tiktok.com\/tag\/fyp?refer=embed\" rel=\"nofollow noopener\">#fyp<\/a> <\/p>\n<p> <a target=\"_blank\" title=\"\u266c son original - Actu Bordeaux\" href=\"https:\/\/www.tiktok.com\/music\/son-original-7531017331399035670?refer=embed\" rel=\"nofollow noopener\">\u266c son original \u2013 Actu Bordeaux<\/a> <\/p>\n<\/blockquote>\n<p class=\" wall-content\">Sur la nappe, divers produits sucr\u00e9s et sal\u00e9s sont d\u00e9gust\u00e9s par les coureurs, satisfaits de l\u2019effort du jour. Un moment <strong>convivial<\/strong> apr\u00e8s que la glace se soit bris\u00e9e durant le parcours. Un concept qui rassemble le <strong>sport<\/strong>, le <strong>bien manger<\/strong> et la <strong>sociabilisation<\/strong>.<\/p>\n<p class=\" wall-content\">Apr\u00e8s six mois d\u2019existence \u00e0 Bordeaux, le Food Runners Club s\u2019offre une petite pause estivale pour revenir au mois de septembre. Le principe reste le m\u00eame\u2009: une <strong>sortie sal\u00e9e<\/strong> en d\u00e9but de semaine et une<strong> autre sucr\u00e9e<\/strong> le week-end.<\/p>\n<p class=\" wall-content\">Suivez toute l\u2019actualit\u00e9 de vos villes et m\u00e9dias favoris en vous inscrivant \u00e0 <a href=\"https:\/\/moncompte.actu.fr\" title=\"D\u00e9couvez Mon Actu\" rel=\"nofollow noopener\" data-trk=\"{&quot;cta&quot;:{&quot;action&quot;:&quot;https:\\\/\\\/moncompte.actu.fr&quot;,&quot;category&quot;:&quot;mon compte&quot;,&quot;from&quot;:&quot;article footer&quot;,&quot;name&quot;:&quot;Mon actu&quot;,&quot;type&quot;:&quot;cta&quot;}}\" target=\"_blank\">Mon Actu<\/a>.<\/p>\n<p>                    <script async src=\"\/\/www.instagram.com\/embed.js\"><\/script><script async src=\"\/\/www.tiktok.com\/embed.js\"><\/script><\/p>\n","protected":false},"excerpt":{"rendered":"Par Julian Doubax Publi\u00e9 le 26 juil. 2025 \u00e0 17h32 Allier la course et la gastronomie\u2009: c\u2019est la&hellip;\n","protected":false},"author":2,"featured_media":275497,"comment_status":"","ping_status":"","sticky":false,"template":"","format":"standard","meta":{"footnotes":""},"categories":[2817],"tags":[1111,11,1997,1777,674,1011,27,1661,12,2219,25,1340,517,60],"class_list":{"0":"post-275496","1":"post","2":"type-post","3":"status-publish","4":"format-standard","5":"has-post-thumbnail","7":"category-bordeaux","8":"tag-actu","9":"tag-actualites","10":"tag-bordeaux","11":"tag-eu","12":"tag-europe","13":"tag-fr","14":"tag-france","15":"tag-gastronomie","16":"tag-news","17":"tag-nouvelle-aquitaine","18":"tag-republique-francaise","19":"tag-restaurant","20":"tag-sport","21":"tag-sports"},"share_on_mastodon":{"url":"https:\/\/pubeurope.com\/@fr\/114920325515051318","error":""},"_links":{"self":[{"href":"https:\/\/www.europesays.com\/fr\/wp-json\/wp\/v2\/posts\/275496","targetHints":{"allow":["GET"]}}],"collection":[{"href":"https:\/\/www.europesays.com\/fr\/wp-json\/wp\/v2\/posts"}],"about":[{"href":"https:\/\/www.europesays.com\/fr\/wp-json\/wp\/v2\/types\/post"}],"author":[{"embeddable":true,"href":"https:\/\/www.europesays.com\/fr\/wp-json\/wp\/v2\/users\/2"}],"replies":[{"embeddable":true,"href":"https:\/\/www.europesays.com\/fr\/wp-json\/wp\/v2\/comments?post=275496"}],"version-history":[{"count":0,"href":"https:\/\/www.europesays.com\/fr\/wp-json\/wp\/v2\/posts\/275496\/revisions"}],"wp:featuredmedia":[{"embeddable":true,"href":"https:\/\/www.europesays.com\/fr\/wp-json\/wp\/v2\/media\/275497"}],"wp:attachment":[{"href":"https:\/\/www.europesays.com\/fr\/wp-json\/wp\/v2\/media?parent=275496"}],"wp:term":[{"taxonomy":"category","embeddable":true,"href":"https:\/\/www.europesays.com\/fr\/wp-json\/wp\/v2\/categories?post=275496"},{"taxonomy":"post_tag","embeddable":true,"href":"https:\/\/www.europesays.com\/fr\/wp-json\/wp\/v2\/tags?post=275496"}],"curies":[{"name":"wp","href":"https:\/\/api.w.org\/{rel}","templated":true}]}}