{"id":275504,"date":"2025-07-26T15:52:12","date_gmt":"2025-07-26T15:52:12","guid":{"rendered":"https:\/\/www.europesays.com\/fr\/275504\/"},"modified":"2025-07-26T15:52:12","modified_gmt":"2025-07-26T15:52:12","slug":"patrimoine-on-vous-raconte-lhistoire-de-lopera-de-lille-inaugure-il-y-a-plus-dun-siecle","status":"publish","type":"post","link":"https:\/\/www.europesays.com\/fr\/275504\/","title":{"rendered":"Patrimoine. On vous raconte l&rsquo;histoire de l&rsquo;Op\u00e9ra de Lille, inaugur\u00e9 il y a plus d&rsquo;un si\u00e8cle"},"content":{"rendered":"<p>            Par<br \/>\n        <strong><br \/>\n            <a href=\"https:\/\/actu.fr\/auteur\/redaction-lille\" title=\"Consulter tous les articles de R\u00e9daction Lille\" rel=\"nofollow noopener\" target=\"_blank\">R\u00e9daction Lille<\/a><br \/>\n        <\/strong><\/p>\n<p>        Publi\u00e9 le<\/p>\n<p>            26 juil. 2025 \u00e0 17h36        <\/p>\n<p>Situ\u00e9 sur la<b> p<\/b><b>lace du Th\u00e9\u00e2tre<\/b>, en face de la Vieille Bourse et \u00e0 c\u00f4t\u00e9 de la Chambre de commerce et de l\u2019industrie, l\u2019<b>Op\u00e9ra<\/b> de <a href=\"https:\/\/actu.fr\/hauts-de-france\/lille_59350\" rel=\"nofollow noopener\" target=\"_blank\">Lille<\/a> (Nord) fait partie d\u2019un tout sans lequel on n\u2019imaginerait pas notre ch\u00e8re ville. Les <b>touristes s\u2019\u00e9merveillent<\/b> encore et toujours devant cet impressionnant op\u00e9ra <b>\u00e0 l\u2019italienne<\/b> du XX\u00e8me si\u00e8cle, mais <b>connaissez-vous r\u00e9ellement son histoire<\/b> ? La voici.<\/p>\n<p>Des th\u00e9\u00e2tres en proie aux flammes<\/p>\n<p class=\" wall-content\">En 1700, le <b>Palais Rihour<\/b>, th\u00e9\u00e2tre o\u00f9 se d\u00e9roulaient tous les spectacles lillois \u00e0 l\u2019\u00e9poque, est d\u00e9truit par un incendie. La Com\u00e9die est inaugur\u00e9e juste \u00e0 c\u00f4t\u00e9, en 1702, mais est trop petite pour accueillir les repr\u00e9sentations. En 1788, un nouveau projet prend forme : le <b>Grand Th\u00e9\u00e2tre de Michel Lequeux, anc\u00eatre de l\u2019Op\u00e9ra<\/b> de Lille, est inaugur\u00e9, sans \u00eatre r\u00e9ellement satisfaisant. \u00ab\u00a0L\u2019ensemble laisse perplexe, tant ce th\u00e9\u00e2tre parait mal fini, pas assez grand, mal d\u00e9cor\u00e9. Les odeurs des urinoirs remontent dans la salle. Bref, rien ne va\u00a0\u00bb, lit-on <a href=\"https:\/\/info.lenord.fr\/opera-de-lille--100-ans-d-une-histoire-mouvementee\" rel=\"nofollow noopener\" target=\"_blank\">sur le site du D\u00e9partement du Nord<\/a>. En 1903, le Grand Th\u00e9\u00e2tre aussi finit par prendre feu. C\u2019est \u00e0 ce moment qu\u2019<a href=\"https:\/\/actu.fr\/hauts-de-france\/lille_59350\/lille-le-saviez-vous-le-theatre-sebastopol-a-ete-construit-en-100-jours_62055489.html\" rel=\"nofollow noopener\" target=\"_blank\">en 100 jours, le Th\u00e9\u00e2tre S\u00e9bastopol est construit<\/a>, \u00e0 titre provisoire.<\/p>\n<p>Un Grand Th\u00e9\u00e2tre au c\u0153ur de Lille<\/p>\n<p class=\" wall-content\">Cependant, le maire de Lille de l\u2019\u00e9poque, Charles Delesalle, n\u2019abandonne pas l\u2019id\u00e9e d\u2019un grand th\u00e9\u00e2tre lillois. Alors qu\u2019en 1905, la mairie accorde des cr\u00e9dits pour la construction du Grand boulevard, large de 50 m\u00e8tres, reliant Roubaix, Tourcoing, et Lille, d\u00e9bouchant sur la place du Th\u00e9\u00e2tre, la <b>n\u00e9cessit\u00e9 d\u2019am\u00e9nager cette place<\/b> se fait sentir.<\/p>\n<p class=\" wall-content\">En 1907, Charles Delesalle lance ainsi un concours qui distinguera l\u2019architecte du nouveau th\u00e9\u00e2tre. Louis-Marie Cordonnier, <b>cr\u00e9ateur de la Porte de Paris<\/b>, se d\u00e9marque des 16 autres candidats par son ambition de r\u00e9aliser un <b>op\u00e9ra \u00e0 l\u2019italienne<\/b>.<\/p>\n<p class=\" wall-content\">L\u2019architecte doit respecter un certain nombre de contraintes : le b\u00e2timent doit r\u00e9sister au feu, accueillir une soixantaine de musiciens, et 1600 spectateurs. C\u2019est Louis Cordonnier qui aura \u00e9galement la charge de la construction de la Nouvelle Bourse et son beffroi, cr\u00e9ant ainsi de v\u00e9ritables symboles de l\u2019identit\u00e9 lilloise*.<\/p>\n<p>Un Op\u00e9ra \u00e0 l\u2019\u00e9preuve des Guerres mondiales<\/p>\n<p class=\" wall-content\">L\u2019inauguration du b\u00e2timent est pr\u00e9vue en 1914, mais est retard\u00e9e du fait de l\u2019<b>occupation des Allemands<\/b>. Ces derniers investissent l\u2019Op\u00e9ra jusqu\u2019en 1918 et y organisent des spectacles et concerts. \u00ab\u00a0Le 11 septembre 1915, le G\u00e9n\u00e9ral Von Graevenitz, chef de la Kommandantur, dans une lettre, expose au maire de Lille que le Grand th\u00e9\u00e2tre doit \u00eatre mis en exploitation. Et il pr\u00e9cise \u2018que les travaux seront ex\u00e9cut\u00e9s aux frais de la Ville, par un directeur allemand\u00a0\u00bb, lit-on dans un article de Nord Matin publi\u00e9 en 1961, trouv\u00e9 aux archives municipales de Lille (section 4M6\/64bis). Le <b>Deutsche Theater <\/b>est inaugur\u00e9 \u00e0 Noel, en 1915.<\/p>\n<p class=\" wall-content\">Apr\u00e8s la guerre, la ville met 5 ans \u00e0 le remettre en \u00e9tat, avant la \u00ab\u00a0<b>premi\u00e8re fran\u00e7aise\u00a0\u00bb qui a lieu le 7 octobre 1923<\/b>, face \u00e0 des milliers de Lillois.<\/p>\n<p class=\" wall-content\">L\u2019\u00e9difice est \u00e0 nouveau r\u00e9quisitionn\u00e9 pendant la <a href=\"https:\/\/actu.fr\/tag\/seconde-guerre-mondiale\" rel=\"nofollow noopener\" target=\"_blank\">Seconde Guerre mondiale<\/a> pour les artistes et spectateurs Allemands, mais est restitu\u00e9 aux Lillois en 1944.<\/p>\n<p>La modernisation de l\u2019Op\u00e9ra<\/p>\n<p class=\" wall-content\">En 1998, la Ville de Lille ferme l\u2019Op\u00e9ra pour le moderniser et proposer des spectacles de meilleure qualit\u00e9, avec de meilleurs outils, dans des locaux r\u00e9nov\u00e9s et plus technologiques. Les travaux, men\u00e9s par Pierre-Louis Carlier et Patrick Neirinck, commencent en 2002. Un an plus tard, et dans le cadre du lancement de Lille 2004 Capitale europ\u00e9enne de la Culture, l\u2019Op\u00e9ra rouvre ses portes aux spectateurs, avec une programmation plus ambitieuse.<\/p>\n<p class=\" wall-content\">La <b>nouvelle sc\u00e8ne est inaugur\u00e9e le 9 d\u00e9cembre 2003<\/b> par la compagnie de danse contemporaine du chor\u00e9graphe am\u00e9ricain Bill T.Jones. En 2017, il est labellis\u00e9 Th\u00e9\u00e2tre lyrique d\u2019int\u00e9r\u00eat national.<\/p>\n<p>Une architecture n\u00e9oclassique exceptionnelle<\/p>\n<p class=\" wall-content\">L\u2019Op\u00e9ra de Lille se distingue aussi par son architecture rappelant celle de l\u2019Op\u00e9ra Garnier \u00e0 Paris. Long de 75 m\u00e8tres, large de 40 m\u00e8tres, l\u2019\u00e9difice est d\u2019inspiration n\u00e9oclassique, et sa grande salle se calque sur les grands th\u00e9\u00e2tres italiens.<\/p>\n<p>    <img   decoding=\"async\" loading=\"lazy\" class=\"size-large\" src=\"https:\/\/www.europesays.com\/fr\/wp-content\/uploads\/2025\/07\/1e3f578983886224f57898388064f5v-960x640.jpg\" alt=\"L'histoire de l'op\u00e9ra de Lille (Nord), tr\u00e9sor patrimonial de la capitale des Flandres, a \u00e9t\u00e9 mouvement\u00e9e.\" width=\"960\" height=\"640\"\/><br \/>\n    L\u2019histoire de l\u2019op\u00e9ra de Lille (Nord), tr\u00e9sor patrimonial de la capitale des Flandres, a \u00e9t\u00e9 mouvement\u00e9e. \u00a9Carte postale de la Ville de Lille, Archives municipales de Lille, Cot\u00e9e 7Fi\/244\/2<\/p>\n<p class=\" wall-content\">Sa fa\u00e7ade en pierre est constitu\u00e9e d\u2019un fronton illustrant la glorification des arts, r\u00e9alis\u00e9 par Hippolyte Jules-Lefebvre. On y voit Apollon, Z\u00e9phyr, et les muses antiques, comme Calliope, repr\u00e9sentant la po\u00e9sie \u00e9pique et l\u2019\u00e9loquence, Euterpe pour la musique, ou encore Melpom\u00e8ne pour la trag\u00e9die (brochure sur l\u2019Op\u00e9ra de Lille disponible aux archives municipales de Lille).<\/p>\n<p class=\" wall-content\">On distingue des parties majeures de l\u2019Op\u00e9ra \u00e9num\u00e9r\u00e9es <a href=\"https:\/\/www.finoreille.com\/fr\/decouvrir-l-opera\/un-patrimoine\/\" rel=\"nofollow noopener\" target=\"_blank\">sur le site Finoreille<\/a> : le vestibule et les grands escaliers qui instaurent d\u00e8s l\u2019entr\u00e9e du visiteur l\u2019ambiance unique de l\u2019Op\u00e9ra ; le grand foyer qui porte bien son nom, de par sa longueur impressionnante, o\u00f9 les spectateurs peuvent consommer une boisson pendant l\u2019entracte ; la grande salle de spectacle \u00e0 l\u2019italienne ; le plateau de 450 m\u00b2 ; le studio et le foyer de la danse, pour les r\u00e9p\u00e9titions et petits spectacles ; et enfin la rotonde, ancien fumoir, o\u00f9 se d\u00e9roulent les extras des saisons.<\/p>\n<p class=\" wall-content\">L\u2019Op\u00e9ra de Lille est actuellement ferm\u00e9 pour sa pause estivale, mais vous pourrez le visiter comme tous les ans lors des Journ\u00e9es europ\u00e9ennes du Patrimoine, en septembre.<\/p>\n<p class=\" wall-content\">*site de l\u2019Op\u00e9ra de Lille et archives municipales de Lille, section 4M6<\/p>\n<p class=\" wall-content\"><b>Par Lina Melhem<\/b><\/p>\n<p class=\" wall-content\">Suivez toute l\u2019actualit\u00e9 de vos villes et m\u00e9dias favoris en vous inscrivant \u00e0 <a href=\"https:\/\/moncompte.actu.fr\" title=\"D\u00e9couvez Mon Actu\" rel=\"nofollow noopener\" data-trk=\"{&quot;cta&quot;:{&quot;action&quot;:&quot;https:\\\/\\\/moncompte.actu.fr&quot;,&quot;category&quot;:&quot;mon compte&quot;,&quot;from&quot;:&quot;article footer&quot;,&quot;name&quot;:&quot;Mon actu&quot;,&quot;type&quot;:&quot;cta&quot;}}\" target=\"_blank\">Mon Actu<\/a>.<\/p>\n","protected":false},"excerpt":{"rendered":"Par R\u00e9daction Lille Publi\u00e9 le 26 juil. 2025 \u00e0 17h36 Situ\u00e9 sur la place du Th\u00e9\u00e2tre, en face&hellip;\n","protected":false},"author":2,"featured_media":275505,"comment_status":"","ping_status":"","sticky":false,"template":"","format":"standard","meta":{"footnotes":""},"categories":[2815],"tags":[1111,11,1777,674,1011,27,811,1307,1652,12,7165,2551,25],"class_list":{"0":"post-275504","1":"post","2":"type-post","3":"status-publish","4":"format-standard","5":"has-post-thumbnail","7":"category-lille","8":"tag-actu","9":"tag-actualites","10":"tag-eu","11":"tag-europe","12":"tag-fr","13":"tag-france","14":"tag-hauts-de-france","15":"tag-lille","16":"tag-loisirs-culture","17":"tag-news","18":"tag-opera","19":"tag-patrimoine","20":"tag-republique-francaise"},"share_on_mastodon":{"url":"https:\/\/pubeurope.com\/@fr\/114920341040918946","error":""},"_links":{"self":[{"href":"https:\/\/www.europesays.com\/fr\/wp-json\/wp\/v2\/posts\/275504","targetHints":{"allow":["GET"]}}],"collection":[{"href":"https:\/\/www.europesays.com\/fr\/wp-json\/wp\/v2\/posts"}],"about":[{"href":"https:\/\/www.europesays.com\/fr\/wp-json\/wp\/v2\/types\/post"}],"author":[{"embeddable":true,"href":"https:\/\/www.europesays.com\/fr\/wp-json\/wp\/v2\/users\/2"}],"replies":[{"embeddable":true,"href":"https:\/\/www.europesays.com\/fr\/wp-json\/wp\/v2\/comments?post=275504"}],"version-history":[{"count":0,"href":"https:\/\/www.europesays.com\/fr\/wp-json\/wp\/v2\/posts\/275504\/revisions"}],"wp:featuredmedia":[{"embeddable":true,"href":"https:\/\/www.europesays.com\/fr\/wp-json\/wp\/v2\/media\/275505"}],"wp:attachment":[{"href":"https:\/\/www.europesays.com\/fr\/wp-json\/wp\/v2\/media?parent=275504"}],"wp:term":[{"taxonomy":"category","embeddable":true,"href":"https:\/\/www.europesays.com\/fr\/wp-json\/wp\/v2\/categories?post=275504"},{"taxonomy":"post_tag","embeddable":true,"href":"https:\/\/www.europesays.com\/fr\/wp-json\/wp\/v2\/tags?post=275504"}],"curies":[{"name":"wp","href":"https:\/\/api.w.org\/{rel}","templated":true}]}}