{"id":275511,"date":"2025-07-26T15:56:10","date_gmt":"2025-07-26T15:56:10","guid":{"rendered":"https:\/\/www.europesays.com\/fr\/275511\/"},"modified":"2025-07-26T15:56:10","modified_gmt":"2025-07-26T15:56:10","slug":"je-naccepterai-ni-lecologie-punitive-ni-les-caricatures","status":"publish","type":"post","link":"https:\/\/www.europesays.com\/fr\/275511\/","title":{"rendered":"Je n&rsquo;accepterai ni l&rsquo;\u00e9cologie punitive, ni les caricatures"},"content":{"rendered":"<p itemprop=\"description\"><strong>Au terme d&rsquo;une premi\u00e8re moiti\u00e9 d&rsquo;ann\u00e9e 2025 mouvement\u00e9e, Caluire-et-Cuire esp\u00e8re retrouver pleinement son ordinaire tranquillit\u00e9.<\/strong><\/p>\n<p>Ce samedi apr\u00e8s-midi, les \u00e9lus se r\u00e9unissaient pour un conseil municipal extraordinaire afin d&rsquo;\u00e9lire leur nouveau maire. Oblig\u00e9 de d\u00e9missionner suite \u00e0 sa condamnation pour d\u00e9tournement de fonds publics, <a href=\"https:\/\/www.lyonmag.com\/profil-personnalite-lyonnaise\/18\/philippe-cochet\" target=\"_blank\" rel=\"noopener\">Philippe Cochet<\/a> c\u00e9dait ainsi son \u00e9charpe \u00e0 <a href=\"https:\/\/www.lyonmag.com\/profil-personnalite-lyonnaise\/690\/bastien-joint\" target=\"_blank\" rel=\"noopener\">Bastien Joint<\/a>.<\/p>\n<p>Candidat d\u00e9sign\u00e9 par la majorit\u00e9, le jeune conseiller municipal d\u00e9l\u00e9gu\u00e9 \u00e2g\u00e9 de 30 ans aurait d\u00fb \u00eatre \u00e9lu le 18 janvier dernier, mais les recours du maire d\u00e9missionnaire avaient finalement repouss\u00e9 l&rsquo;\u00e9ch\u00e9ance.<\/p>\n<p>Avant les vacances, Bastien Joint a \u00e9t\u00e9 \u00e9lu dans un fauteuil, avec 37 voix : celles de sa majorit\u00e9 et celles du groupe Caluire au Coeur.<\/p>\n<p>En pr\u00e9sence de nombreux maires de l&rsquo;agglom\u00e9ration, le nouvel \u00e9dile LR a partag\u00e9 sa \u00ab\u00a0fiert\u00e9\u00a0\u00bb et son \u00ab\u00a0honneur\u00a0\u00bb d&rsquo;\u00eatre \u00e9lu, \u00e9voquant sa \u00ab\u00a0pens\u00e9e \u00e9mue pour (ses) pr\u00e9d\u00e9cesseurs qui ont fait de Caluire ce qu&rsquo;elle est aujourd&rsquo;hui\u00a0\u00bb. Et de citer Philippe Cochet, \u00ab\u00a0dont chacun connait l&rsquo;engagement et l&rsquo;attachement \u00e0 Caluire\u00a0\u00bb.<\/p>\n<p>Bastien Joint a \u00e9videmment \u00e9voqu\u00e9 la Ferme urbaine de Caluire dont il a pilot\u00e9 le projet depuis le d\u00e9but. Et a pr\u00e9venu les \u00e9cologistes de la M\u00e9tropole de Lyon comme de son opposition qu&rsquo;il n&rsquo;accepterait \u00ab\u00a0ni l&rsquo;\u00e9cologie punitive, ni les caricatures\u00a0\u00bb.<\/p>\n<p>Fabrice Matteucci, \u00e9lu d&rsquo;opposition et patron de la f\u00e9d\u00e9 PS du Rh\u00f4ne, ne lui a pas adress\u00e9 ses f\u00e9licitations et a fustig\u00e9 une \u00e9quipe d&rsquo;adjoints,\u00a0\u00ab\u00a0calque de la pr\u00e9c\u00e9dente\u00a0\u00bb et le fait qu&rsquo;il a pr\u00eat\u00e9 \u00ab\u00a0all\u00e9geance au maire d\u00e9mis par une d\u00e9cision de justice\u00a0\u00bb. Tandis que les \u00e9cologistes pr\u00f4naient le retour \u00e0 un dialogue apais\u00e9.<\/p>\n<p>Bastien Joint a ensuite fait voter une majoration de 15% de ses indemnit\u00e9s, ainsi que celles de ses 12 adjoints. De 3699,47 euros mensuels bruts, l&rsquo;indemnit\u00e9 du maire caluirard grimpe \u00e0 4254,39 euros. Tandis que celles des adjoints passe de 1210,96 \u00e0 1392,60 euros.<\/p>\n","protected":false},"excerpt":{"rendered":"Au terme d&rsquo;une premi\u00e8re moiti\u00e9 d&rsquo;ann\u00e9e 2025 mouvement\u00e9e, Caluire-et-Cuire esp\u00e8re retrouver pleinement son ordinaire tranquillit\u00e9. Ce samedi apr\u00e8s-midi,&hellip;\n","protected":false},"author":2,"featured_media":275512,"comment_status":"","ping_status":"","sticky":false,"template":"","format":"standard","meta":{"footnotes":""},"categories":[1889],"tags":[1111,11,2813,2190,2430,1109,251,1112,2811,1777,674,118,1011,27,1922,1110,1114,2428,2810,12,241,316,25,2812,517,800],"class_list":{"0":"post-275511","1":"post","2":"type-post","3":"status-publish","4":"format-standard","5":"has-post-thumbnail","7":"category-lyon","8":"tag-actu","9":"tag-actualites","10":"tag-article","11":"tag-asvel","12":"tag-auvergne-rhone-alpes","13":"tag-breves","14":"tag-culture","15":"tag-depeches","16":"tag-economique","17":"tag-eu","18":"tag-europe","19":"tag-faits-divers","20":"tag-fr","21":"tag-france","22":"tag-info","23":"tag-informations","24":"tag-infos","25":"tag-lyon","26":"tag-lyonmag","27":"tag-news","28":"tag-ol","29":"tag-politique","30":"tag-republique-francaise","31":"tag-sociale","32":"tag-sport","33":"tag-transports"},"share_on_mastodon":{"url":"https:\/\/pubeurope.com\/@fr\/114920356799288353","error":""},"_links":{"self":[{"href":"https:\/\/www.europesays.com\/fr\/wp-json\/wp\/v2\/posts\/275511","targetHints":{"allow":["GET"]}}],"collection":[{"href":"https:\/\/www.europesays.com\/fr\/wp-json\/wp\/v2\/posts"}],"about":[{"href":"https:\/\/www.europesays.com\/fr\/wp-json\/wp\/v2\/types\/post"}],"author":[{"embeddable":true,"href":"https:\/\/www.europesays.com\/fr\/wp-json\/wp\/v2\/users\/2"}],"replies":[{"embeddable":true,"href":"https:\/\/www.europesays.com\/fr\/wp-json\/wp\/v2\/comments?post=275511"}],"version-history":[{"count":0,"href":"https:\/\/www.europesays.com\/fr\/wp-json\/wp\/v2\/posts\/275511\/revisions"}],"wp:featuredmedia":[{"embeddable":true,"href":"https:\/\/www.europesays.com\/fr\/wp-json\/wp\/v2\/media\/275512"}],"wp:attachment":[{"href":"https:\/\/www.europesays.com\/fr\/wp-json\/wp\/v2\/media?parent=275511"}],"wp:term":[{"taxonomy":"category","embeddable":true,"href":"https:\/\/www.europesays.com\/fr\/wp-json\/wp\/v2\/categories?post=275511"},{"taxonomy":"post_tag","embeddable":true,"href":"https:\/\/www.europesays.com\/fr\/wp-json\/wp\/v2\/tags?post=275511"}],"curies":[{"name":"wp","href":"https:\/\/api.w.org\/{rel}","templated":true}]}}