{"id":275513,"date":"2025-07-26T15:57:12","date_gmt":"2025-07-26T15:57:12","guid":{"rendered":"https:\/\/www.europesays.com\/fr\/275513\/"},"modified":"2025-07-26T15:57:12","modified_gmt":"2025-07-26T15:57:12","slug":"football-hambourg-sv-ol-revivez-la-grosse-victoire-des-lyonnais-en-allemagne","status":"publish","type":"post","link":"https:\/\/www.europesays.com\/fr\/275513\/","title":{"rendered":"Football. Hambourg SV &#8211; OL : revivez la grosse victoire des Lyonnais en Allemagne"},"content":{"rendered":"<p>L&rsquo;OL a disput\u00e9 sa troisi\u00e8me rencontre de pr\u00e9paration ce samedi en Allemagne. Chez le promu en Bundesliga Hambourg SV, les Lyonnais ont r\u00e9alis\u00e9 une belle prestation en s&rsquo;imposant 4 buts \u00e0 0. La formation \u00a0\u00bbtype\u00a0\u00bb a marqu\u00e9 3 buts avant la pause, puis l&rsquo;OL version jeunes a tenu le choc et m\u00eame alourdi le score avec un quatri\u00e8me but. Revivez cette rencontre comment\u00e9e.<\/p>\n<p>&#13;<br \/>\n              F.G.L. &#8211; &#13;<br \/>\n        &#13;<br \/>\n          Aujourd&rsquo;hui \u00e0 14:45&#13;<br \/>\n    &#13;<br \/>\n                  | mis \u00e0 jour aujourd&rsquo;hui \u00e0 17:57&#13;<br \/>\n              &#8211; Temps de lecture : &#13;<br \/>\n  &#13;\n<\/p>\n<p>                        &#13;<br \/>\n    &#13;<br \/>\n    &#13;<br \/>\n    <a href=\"https:\/\/cdn-s-www.leprogres.fr\/images\/E063D23C-09BE-4EEE-A0CB-68C1007BB835\/NW_raw\/georges-mikautadze-photo-stephane-guiochon-1753518447.jpg\" title=\"Georges Mikautadze. Photo St\u00e9phane Guiochon\" class=\"chocolat-image GA-tracking\" data-ga_type=\"click\" data-ga_category=\"D\u00e9tail\" data-ga_action=\"zoomer\" data-ga_label=\"aggrandir image\" target=\"_blank\" rel=\"noopener\">&#13;<br \/>\n        <img src=\"https:\/\/www.europesays.com\/fr\/wp-content\/uploads\/2025\/07\/georges-mikautadze-photo-stephane-guiochon-1753518447.jpg\"   alt=\"Georges Mikautadze. Photo St\u00e9phane Guiochon\" fetchpriority=\"high\" decoding=\"async\" data-mobile=\"NW_detail_M|1753518447\" data-base=\"NW_detail|1753518447\"\/>&#13;<br \/>\n    <\/a>&#13;<\/p>\n<p>Georges Mikautadze. Photo St\u00e9phane Guiochon<\/p>\n","protected":false},"excerpt":{"rendered":"L&rsquo;OL a disput\u00e9 sa troisi\u00e8me rencontre de pr\u00e9paration ce samedi en Allemagne. Chez le promu en Bundesliga Hambourg&hellip;\n","protected":false},"author":2,"featured_media":275514,"comment_status":"","ping_status":"","sticky":false,"template":"","format":"standard","meta":{"footnotes":""},"categories":[1889],"tags":[1111,11,2430,2757,1777,674,107,63,1011,27,2428,12,2755,25,2429,517],"class_list":{"0":"post-275513","1":"post","2":"type-post","3":"status-publish","4":"format-standard","5":"has-post-thumbnail","7":"category-lyon","8":"tag-actu","9":"tag-actualites","10":"tag-auvergne-rhone-alpes","11":"tag-edition-lyon-villeurbanne","12":"tag-eu","13":"tag-europe","14":"tag-fil-info","15":"tag-football","16":"tag-fr","17":"tag-france","18":"tag-lyon","19":"tag-news","20":"tag-ol-olympique-lyonnais-football","21":"tag-republique-francaise","22":"tag-rhone","23":"tag-sport"},"share_on_mastodon":{"url":"https:\/\/pubeurope.com\/@fr\/114920360713956404","error":""},"_links":{"self":[{"href":"https:\/\/www.europesays.com\/fr\/wp-json\/wp\/v2\/posts\/275513","targetHints":{"allow":["GET"]}}],"collection":[{"href":"https:\/\/www.europesays.com\/fr\/wp-json\/wp\/v2\/posts"}],"about":[{"href":"https:\/\/www.europesays.com\/fr\/wp-json\/wp\/v2\/types\/post"}],"author":[{"embeddable":true,"href":"https:\/\/www.europesays.com\/fr\/wp-json\/wp\/v2\/users\/2"}],"replies":[{"embeddable":true,"href":"https:\/\/www.europesays.com\/fr\/wp-json\/wp\/v2\/comments?post=275513"}],"version-history":[{"count":0,"href":"https:\/\/www.europesays.com\/fr\/wp-json\/wp\/v2\/posts\/275513\/revisions"}],"wp:featuredmedia":[{"embeddable":true,"href":"https:\/\/www.europesays.com\/fr\/wp-json\/wp\/v2\/media\/275514"}],"wp:attachment":[{"href":"https:\/\/www.europesays.com\/fr\/wp-json\/wp\/v2\/media?parent=275513"}],"wp:term":[{"taxonomy":"category","embeddable":true,"href":"https:\/\/www.europesays.com\/fr\/wp-json\/wp\/v2\/categories?post=275513"},{"taxonomy":"post_tag","embeddable":true,"href":"https:\/\/www.europesays.com\/fr\/wp-json\/wp\/v2\/tags?post=275513"}],"curies":[{"name":"wp","href":"https:\/\/api.w.org\/{rel}","templated":true}]}}