{"id":275515,"date":"2025-07-26T16:00:09","date_gmt":"2025-07-26T16:00:09","guid":{"rendered":"https:\/\/www.europesays.com\/fr\/275515\/"},"modified":"2025-07-26T16:00:09","modified_gmt":"2025-07-26T16:00:09","slug":"deja-proprietaire-de-rock-en-seine-lhomme-daffaires-matthieu-pigasse-rachete-we-love-green","status":"publish","type":"post","link":"https:\/\/www.europesays.com\/fr\/275515\/","title":{"rendered":"d\u00e9j\u00e0 propri\u00e9taire de Rock en Seine, l&rsquo;homme d&rsquo;affaires Matthieu Pigasse rach\u00e8te We Love Green"},"content":{"rendered":"<p>            Par<br \/>\n        <strong><br \/>\n            <a href=\"https:\/\/actu.fr\/auteur\/antoine-grotteria02\" title=\"Consulter tous les articles de Antoine Grotteria\" target=\"_blank\" rel=\"noopener\">Antoine Grotteria<\/a><br \/>\n        <\/strong><\/p>\n<p>        Publi\u00e9 le<\/p>\n<p>            26 juil. 2025 \u00e0 17h16        <\/p>\n<p>Un nouveau capital dans un festival qui ne cesse de monter. Selon <a href=\"https:\/\/www.liberation.fr\/economie\/matthieu-pigasse-prend-les-renes-du-festival-we-love-green-20250724_SZHZZLKYJVFRXNN7F6SXCM3L7U\/\" target=\"_blank\" rel=\"noopener\">Lib\u00e9ration<\/a>, l\u2019homme d\u2019affaires <strong>Matthieu Pigasse<\/strong>, qui poss\u00e8de le groupe de m\u00e9dias Combats (Radio Nova et Les Inrockuptibles), a fait main basse sur le festival <a href=\"https:\/\/actu.fr\/ile-de-france\/paris_75056\/mort-d-une-femme-we-love-green-trafic-de-cocaine-les-infos-du-week-end-en-ile-de-france_62745555.html\" target=\"_blank\" rel=\"noopener\">We Love Green<\/a>, qui se d\u00e9roule au <a href=\"https:\/\/actu.fr\/tag\/bois-de-vincennes\" target=\"_blank\" rel=\"noopener\">bois de Vincennes<\/a>, dans le 12e arrondissement de <a href=\"https:\/\/actu.fr\/paris\/\" target=\"_blank\" rel=\"noopener\">Paris,<\/a> avec le groupe am\u00e9ricain AEG Present. Le banquier de 57\u00a0ans, n\u00e9 \u00e0 <a href=\"https:\/\/actu.fr\/ile-de-france\/clichy_92024\" target=\"_blank\" rel=\"noopener\">Clichy<\/a> (Hauts-de-Seine) a confirm\u00e9 cette information sur X le vendredi 25\u00a0juillet 2025.<\/p>\n<p class=\" wall-content\"><strong>\u00ab\u2009Un festival est une zone libre\u2009\u00bb<\/strong><\/p>\n<p class=\" wall-content\">\u00ab\u2009Nous avons achet\u00e9 le festival @WeLoveGreen parce qu\u2019un festival incarne tout ce qu\u2019on tente de faire taire. \u00c0 l\u2019heure o\u00f9 la droite radicale r\u00eave d\u2019ordre et de censure, un festival est une zone libre, un espace ouvert, qui nous relie. Il a le m\u00e9tissage comme horizon et la culture comme contre-pouvoir. L\u00e0 o\u00f9 les r\u00e9acs r\u00eavent de silence et d\u2019ob\u00e9issance. <strong>Nous feront r\u00e9sonner la f\u00eate et la contestation<\/strong>\u2009\u00bb, a \u00e9crit Matthieu Pigasse sur le r\u00e9seau social.<\/p>\n<p class=\" wall-content\">\n<p class=\" wall-content\">Depuis plusieurs ann\u00e9es, ce dernier a acquis plusieurs <strong>\u00e9v\u00e9nements culturels<\/strong> par le biais de son groupe Combats, \u00e0 l\u2019instar de La Route du Rock, mais surtout de <a href=\"https:\/\/actu.fr\/ile-de-france\/saint-cloud_92064\/rock-en-seine-oppose-a-la-participation-du-groupe-kneecap-la-ville-de-saint-cloud-retire-sa-subvention_62921457.html\" target=\"_blank\" rel=\"noopener\">Rock en Seine<\/a>, qui a lieu tous les ans au <a href=\"https:\/\/actu.fr\/ile-de-france\/saint-cloud_92064\/domaines-nationaux-des-hauts-de-seine-des-associations-de-defense-du-patrimoine-ont-fait-plier-l-etat_61184419.html\" target=\"_blank\" rel=\"noopener\">domaine national de Saint-Cloud<\/a> (Hauts-de-Seine).<\/p>\n<p class=\" wall-content\">Avec We Love Green, l\u2019homme d\u2019affaires souhaite s\u2019inscrire dans l\u2019identit\u00e9 \u00e9cologique et citoyenne de cet \u00e9v\u00e9nement agglom\u00e9rant <strong>plus de 100\u2009000 festivaliers<\/strong> durant trois jours. Depuis sa cr\u00e9ation en 2010, le festival organise des conf\u00e9rences, des d\u00e9bats et des ateliers relatifs au d\u00e9veloppement durable.<\/p>\n<p class=\" wall-content\">Or, son existence, \u00e0 l\u2019image d\u2019autres rassemblements de m\u00eame nature, reste fragile en raison des <strong>difficult\u00e9s budg\u00e9taires<\/strong> du secteur culturel. Selon une \u00e9tude du <a href=\"https:\/\/cnm.fr\/actus\/le-centre-national-de-la-musique-devoile-les-chiffres-2024-de-la-diffusion-de-spectacles-de-musique-et-de-varietes\/\" target=\"_blank\" rel=\"noopener\">Centre national de la musique<\/a> (CNM), l\u2019augmentation des prix \u2013 de l\u2019ordre de 5\u2009% entre 2023 et 2024 \u2013 n\u2019a pas permis de contrebalancer la baisse de fr\u00e9quentation (-5\u2009%) dans les festivals.<\/p>\n<p class=\" wall-content\">Suivez toute l\u2019actualit\u00e9 de vos villes et m\u00e9dias favoris en vous inscrivant \u00e0 <a href=\"https:\/\/moncompte.actu.fr\" title=\"D\u00e9couvez Mon Actu\" rel=\"nofollow noopener\" data-trk=\"{&quot;cta&quot;:{&quot;action&quot;:&quot;https:\\\/\\\/moncompte.actu.fr&quot;,&quot;category&quot;:&quot;mon compte&quot;,&quot;from&quot;:&quot;article footer&quot;,&quot;name&quot;:&quot;Mon actu&quot;,&quot;type&quot;:&quot;cta&quot;}}\" target=\"_blank\">Mon Actu<\/a>.<\/p>\n<ul class=\"ac-article-tag wall-content\">\n<li><a href=\"https:\/\/actu.fr\/tag\/rock-en-seine\" data-trk=\"{&quot;cta&quot;:{&quot;action&quot;:&quot;Rock en Seine&quot;,&quot;category&quot;:&quot;tag&quot;,&quot;from&quot;:&quot;article footer&quot;,&quot;name&quot;:&quot;Rock en Seine&quot;,&quot;type&quot;:&quot;cta&quot;}}\" target=\"_blank\" rel=\"noopener\">#Rock en Seine<\/a><\/li>\n<li><a href=\"https:\/\/actu.fr\/tag\/we-love-green\" data-trk=\"{&quot;cta&quot;:{&quot;action&quot;:&quot;We Love Green&quot;,&quot;category&quot;:&quot;tag&quot;,&quot;from&quot;:&quot;article footer&quot;,&quot;name&quot;:&quot;We Love Green&quot;,&quot;type&quot;:&quot;cta&quot;}}\" target=\"_blank\" rel=\"noopener\">#We Love Green<\/a><\/li>\n<\/ul>\n","protected":false},"excerpt":{"rendered":"Par Antoine Grotteria Publi\u00e9 le 26 juil. 2025 \u00e0 17h16 Un nouveau capital dans un festival qui ne&hellip;\n","protected":false},"author":2,"featured_media":275516,"comment_status":"","ping_status":"","sticky":false,"template":"","format":"standard","meta":{"footnotes":""},"categories":[1888],"tags":[1111,1928,11,1927,1777,674,1011,27,12,1926,626,1925,25,36376,104,29240],"class_list":{"0":"post-275515","1":"post","2":"type-post","3":"status-publish","4":"format-standard","5":"has-post-thumbnail","7":"category-paris","8":"tag-actu","9":"tag-actu-paris","10":"tag-actualites","11":"tag-actualites-paris","12":"tag-eu","13":"tag-europe","14":"tag-fr","15":"tag-france","16":"tag-news","17":"tag-news-paris","18":"tag-paris","19":"tag-paris-news","20":"tag-republique-francaise","21":"tag-rock-en-seine","22":"tag-societe","23":"tag-we-love-green"},"share_on_mastodon":{"url":"https:\/\/pubeurope.com\/@fr\/114920372674632151","error":""},"_links":{"self":[{"href":"https:\/\/www.europesays.com\/fr\/wp-json\/wp\/v2\/posts\/275515","targetHints":{"allow":["GET"]}}],"collection":[{"href":"https:\/\/www.europesays.com\/fr\/wp-json\/wp\/v2\/posts"}],"about":[{"href":"https:\/\/www.europesays.com\/fr\/wp-json\/wp\/v2\/types\/post"}],"author":[{"embeddable":true,"href":"https:\/\/www.europesays.com\/fr\/wp-json\/wp\/v2\/users\/2"}],"replies":[{"embeddable":true,"href":"https:\/\/www.europesays.com\/fr\/wp-json\/wp\/v2\/comments?post=275515"}],"version-history":[{"count":0,"href":"https:\/\/www.europesays.com\/fr\/wp-json\/wp\/v2\/posts\/275515\/revisions"}],"wp:featuredmedia":[{"embeddable":true,"href":"https:\/\/www.europesays.com\/fr\/wp-json\/wp\/v2\/media\/275516"}],"wp:attachment":[{"href":"https:\/\/www.europesays.com\/fr\/wp-json\/wp\/v2\/media?parent=275515"}],"wp:term":[{"taxonomy":"category","embeddable":true,"href":"https:\/\/www.europesays.com\/fr\/wp-json\/wp\/v2\/categories?post=275515"},{"taxonomy":"post_tag","embeddable":true,"href":"https:\/\/www.europesays.com\/fr\/wp-json\/wp\/v2\/tags?post=275515"}],"curies":[{"name":"wp","href":"https:\/\/api.w.org\/{rel}","templated":true}]}}