{"id":275517,"date":"2025-07-26T16:01:12","date_gmt":"2025-07-26T16:01:12","guid":{"rendered":"https:\/\/www.europesays.com\/fr\/275517\/"},"modified":"2025-07-26T16:01:12","modified_gmt":"2025-07-26T16:01:12","slug":"tour-de-france-que-se-passera-t-il-en-cas-de-pluie-dimanche-a-montmartre","status":"publish","type":"post","link":"https:\/\/www.europesays.com\/fr\/275517\/","title":{"rendered":"Tour de France\u00a0: que se passera-t-il en cas de pluie, dimanche, \u00e0 Montmartre\u00a0?"},"content":{"rendered":"<p class=\"paragraph text_align_left lp-f-body-02\">Les pr\u00e9visions m\u00e9t\u00e9o n\u2019ont fait que changer depuis une semaine. Pleuvra, pleuvra pas \u00e0 <a href=\"https:\/\/www.leparisien.fr\/paris-75\/\" target=\"_self\" rel=\"nofollow noopener\">Paris<\/a> dimanche pour l\u2019ultime \u00e9tape de ce <a href=\"https:\/\/www.leparisien.fr\/sports\/cyclisme\/tour-de-france\/\" target=\"_self\" rel=\"nofollow noopener\">Tour de France 2025<\/a>\u00a0? \u00c0 vrai dire, m\u00eame la veille de l\u2019arriv\u00e9e aux Champs-\u00c9lys\u00e9es <a href=\"https:\/\/www.leparisien.fr\/paris-75\/paris-75008\/\" target=\"_self\" rel=\"nofollow noopener\">(VIIIe)<\/a>, les diff\u00e9rentes applications m\u00e9t\u00e9o ne s\u2019accordent pas. Mais une tendance semble se d\u00e9gager\u00a0: celle d\u2019une apr\u00e8s-midi pluvieuse dans la capitale.<\/p>\n<p class=\"paragraph text_align_left lp-f-body-02\">D\u2019apr\u00e8s les donn\u00e9es de Meteociel, des premi\u00e8res gouttes sont attendues dans Paris en d\u00e9but d\u2019apr\u00e8s-midi, et ce jusqu\u2019\u00e0 17 voire 18\u00a0heures. De quoi inqui\u00e9ter les \u00e9quipes du Tour, sachant que les coureurs sont attendus dans la capitale \u00e0 partir de 17h30. Surtout, le peloton empruntera cette ann\u00e9e les pav\u00e9s de Montmartre, <a href=\"https:\/\/www.leparisien.fr\/paris-75\/paris-a-montmartre-les-jo-et-le-tour-de-france-dopent-la-passion-du-velo-sur-les-paves-de-la-butte-25-05-2025-FDWAWCOXJVBHTATZD5BNITGXTQ.php\" target=\"_blank\" rel=\"noreferrer nofollow noopener\">comme lors des JO de l\u2019an dernier<\/a>. Et tout bon cycliste de ville conna\u00eet la cons\u00e9quence d\u2019un cocktail \u00ab\u00a0pluie-pav\u00e9\u00a0\u00bb.<\/p>\n<p>Pas besoin des pav\u00e9s pour glisser<\/p>\n<p class=\"paragraph text_align_left lp-f-body-02\">\u00ab\u00a0On le sait, Paris, d\u00e8s la moindre goutte d\u2019eau, c\u2019est une vraie patinoire. On l\u2019a vu en d\u00e9but de JO au contre-la-montre. \u00c7a peut tourner \u00e0 la catastrophe\u00a0\u00bb, nous avait confi\u00e9s juste apr\u00e8s l\u2019\u00e9preuve de course en ligne Thierry Gouvenou, le directeur de course du Tour de France.<\/p>\n<p class=\"paragraph text_align_left lp-f-body-02\">Alors que faire\u00a0? Renoncer \u00e0 faire passer les coureurs <a href=\"https:\/\/www.leparisien.fr\/paris-75\/un-an-apres-les-j0-la-rue-lepic-prepare-le-retour-du-velo-ca-sera-encore-plus-ouf-24-07-2025-DYX4DPMDTJDI3IMWWGOH34P62U.php\" target=\"_self\" rel=\"nofollow noopener\">rue Lepic (XVIIIe)<\/a> malgr\u00e9 les mois de pr\u00e9paration, de calculs, de n\u00e9gociations et toutes restrictions mises en \u0153uvre\u00a0? Car si les rues bitum\u00e9es de Paris peuvent \u00eatre glissantes pour un peloton lanc\u00e9 \u00e0 60\u00a0km\/h dans les rues de la capitale, les rues \u00e9troites et le pav\u00e9 irr\u00e9gulier de Lepic peuvent d\u00e9cupler le risque. Surtout que le bas de la rue comporte <a href=\"https:\/\/www.leparisien.fr\/paris-75\/une-pente-a-59-trois-ascensions-150-coureurs-la-rue-lepic-en-mode-tour-de-france-anatomie-dune-butte-26-07-2025-V322GHMKDFA7DCZQNREL3QQO2E.php\" target=\"_self\" rel=\"nofollow noopener\">un gauche-droite des plus techniques<\/a>.<\/p>\n<p class=\"paragraph text_align_left lp-f-body-02\">\u00ab\u00a0On a un protocole pour geler les temps. L\u2019\u00e9tape se d\u00e9roule, mais les temps sont gel\u00e9s\u00a0\u00bb, expliquait Thierry Gouvenou avant le d\u00e9part du Tour. De quoi rassurer notamment les pr\u00e9tendants au classement g\u00e9n\u00e9ral, qui ne veulent pas tout perdre dans les derni\u00e8res minutes de course.<\/p>\n<p>\u00ab\u00a0C\u2019est d\u00e9j\u00e0 arriv\u00e9 \u00e0 sept ou huit kilom\u00e8tres de l\u2019arriv\u00e9e, ce n\u2019est pas un probl\u00e8me\u00a0\u00bb<\/p>\n<p class=\"paragraph text_align_left lp-f-body-02\">Le chronom\u00e8tre pourrait en gros s\u2019arr\u00eater n\u2019importe quand. D\u00e8s le premier passage sur les Champs-\u00c9lys\u00e9es (vers 17h50-18h) ou en toute fin d\u2019\u00e9tape. \u00ab\u00a0C\u2019est d\u00e9j\u00e0 arriv\u00e9 \u00e0 sept ou huit kilom\u00e8tres de l\u2019arriv\u00e9e, ce n\u2019est pas un probl\u00e8me\u00a0\u00bb, a confirm\u00e9 ce samedi matin Thierry Gouvenou <a href=\"https:\/\/www.leparisien.fr\/sports\/cyclisme\/tour-de-france\/tour-de-france-etape-20-les-horaires-ville-par-ville-du-passage-de-la-caravane-entre-nantua-et-pontarlier-25-07-2025-QS6JDBX5VBHDFGYK4ZYHYOT4AA.php\" target=\"_self\" rel=\"nofollow noopener\">\u00e0 Nantua (Ain)<\/a> alors que certains coureurs exprimaient leurs inqui\u00e9tudes face \u00e0 la presse.<\/p>\n<p class=\"paragraph text_align_left lp-f-body-02\">En 2015, alors qu\u2019il pleuvait \u00e0 seaux, la sentence \u00e9tait tomb\u00e9e d\u00e8s le premier passage sur la c\u00e9l\u00e8bre avenue. Bis repetita dix ans plus tard\u00a0? \u00c0 celles et ceux qui n\u2019attendent que \u00e7a, en tout cas pas d\u2019inqui\u00e9tude\u00a0: il y aura bien du v\u00e9lo rue Lepic.<\/p>\n<p class=\"paragraph text_align_left lp-f-body-02\">Trois ascensions sont pour rappel au programme. Dont la derni\u00e8re interviendra \u00e0 six kilom\u00e8tres seulement de la ligne d\u2019arriv\u00e9e, pr\u00e9vue aux alentours de 19h30.<\/p>\n","protected":false},"excerpt":{"rendered":"Les pr\u00e9visions m\u00e9t\u00e9o n\u2019ont fait que changer depuis une semaine. Pleuvra, pleuvra pas \u00e0 Paris dimanche pour l\u2019ultime&hellip;\n","protected":false},"author":2,"featured_media":275518,"comment_status":"","ping_status":"","sticky":false,"template":"","format":"standard","meta":{"footnotes":""},"categories":[1888],"tags":[1111,1928,11,1927,207,1777,674,1011,27,12,1926,626,1925,25,60,210],"class_list":{"0":"post-275517","1":"post","2":"type-post","3":"status-publish","4":"format-standard","5":"has-post-thumbnail","7":"category-paris","8":"tag-actu","9":"tag-actu-paris","10":"tag-actualites","11":"tag-actualites-paris","12":"tag-cyclisme","13":"tag-eu","14":"tag-europe","15":"tag-fr","16":"tag-france","17":"tag-news","18":"tag-news-paris","19":"tag-paris","20":"tag-paris-news","21":"tag-republique-francaise","22":"tag-sports","23":"tag-tour-de-france"},"share_on_mastodon":{"url":"https:\/\/pubeurope.com\/@fr\/114920376543039076","error":""},"_links":{"self":[{"href":"https:\/\/www.europesays.com\/fr\/wp-json\/wp\/v2\/posts\/275517","targetHints":{"allow":["GET"]}}],"collection":[{"href":"https:\/\/www.europesays.com\/fr\/wp-json\/wp\/v2\/posts"}],"about":[{"href":"https:\/\/www.europesays.com\/fr\/wp-json\/wp\/v2\/types\/post"}],"author":[{"embeddable":true,"href":"https:\/\/www.europesays.com\/fr\/wp-json\/wp\/v2\/users\/2"}],"replies":[{"embeddable":true,"href":"https:\/\/www.europesays.com\/fr\/wp-json\/wp\/v2\/comments?post=275517"}],"version-history":[{"count":0,"href":"https:\/\/www.europesays.com\/fr\/wp-json\/wp\/v2\/posts\/275517\/revisions"}],"wp:featuredmedia":[{"embeddable":true,"href":"https:\/\/www.europesays.com\/fr\/wp-json\/wp\/v2\/media\/275518"}],"wp:attachment":[{"href":"https:\/\/www.europesays.com\/fr\/wp-json\/wp\/v2\/media?parent=275517"}],"wp:term":[{"taxonomy":"category","embeddable":true,"href":"https:\/\/www.europesays.com\/fr\/wp-json\/wp\/v2\/categories?post=275517"},{"taxonomy":"post_tag","embeddable":true,"href":"https:\/\/www.europesays.com\/fr\/wp-json\/wp\/v2\/tags?post=275517"}],"curies":[{"name":"wp","href":"https:\/\/api.w.org\/{rel}","templated":true}]}}