{"id":275519,"date":"2025-07-26T16:02:17","date_gmt":"2025-07-26T16:02:17","guid":{"rendered":"https:\/\/www.europesays.com\/fr\/275519\/"},"modified":"2025-07-26T16:02:17","modified_gmt":"2025-07-26T16:02:17","slug":"affaire-vueling-paris-demande-des-explications-a-la-compagnie-aerienne-apres-le-debarquement-denfant-juifs","status":"publish","type":"post","link":"https:\/\/www.europesays.com\/fr\/275519\/","title":{"rendered":"Affaire Vueling : Paris demande des \u00ab explications \u00bb \u00e0 la compagnie a\u00e9rienne apr\u00e8s le d\u00e9barquement d\u2019enfant juifs"},"content":{"rendered":"<p>\tAffaire Vueling : Paris demande des \u00ab explications \u00bb \u00e0 la compagnie a\u00e9rienne apr\u00e8s le d\u00e9barquement d\u2019enfant juifs &#8211; Valeurs actuelles<\/p>\n<p><a href=\"https:\/\/www.valeursactuelles.com\/\" target=\"_blank\" rel=\"noopener\">Accueil<\/a> \u00bb <a href=\"https:\/\/www.valeursactuelles.com\/societe\" target=\"_blank\" rel=\"noopener\">Soci\u00e9t\u00e9<\/a> \u00bb Affaire Vueling : Paris demande des \u00ab explications \u00bb \u00e0 la compagnie a\u00e9rienne apr\u00e8s le d\u00e9barquement d\u2019enfant juifs<\/p>\n<p>            la boutique <img decoding=\"async\" class=\"lazy\" src=\"https:\/\/www.valeursactuelles.com\/assets\/themes\/krea-theme\/images\/valeurs-actuelles-yellow.svg\" title=\"Valeurs actuelles\"\/><\/p>\n<p>                                                            <img decoding=\"async\" class=\"lazy\" src=\"https:\/\/www.europesays.com\/fr\/wp-content\/uploads\/2025\/06\/VA_HS39_001B.jpg\"\/><\/p>\n<p>                                                    Voir le produit<\/p>\n<p>                                                            <img decoding=\"async\" class=\"lazy\" src=\"https:\/\/www.europesays.com\/fr\/wp-content\/uploads\/2025\/06\/WhatsApp-Image-2024-05-28-a-11.48.56_25edefee-1.jpg\"\/><\/p>\n<p>                                                    Voir le produit<\/p>\n<p>                                                            <img decoding=\"async\" class=\"lazy\" src=\"https:\/\/www.europesays.com\/fr\/wp-content\/uploads\/2025\/06\/SM017_001.jpg\"\/><\/p>\n<p>                                                    Voir le produit<\/p>\n","protected":false},"excerpt":{"rendered":"Affaire Vueling : Paris demande des \u00ab explications \u00bb \u00e0 la compagnie a\u00e9rienne apr\u00e8s le d\u00e9barquement d\u2019enfant juifs&hellip;\n","protected":false},"author":2,"featured_media":275520,"comment_status":"","ping_status":"","sticky":false,"template":"","format":"standard","meta":{"footnotes":""},"categories":[1888],"tags":[11,1084,663,17318,1777,674,5219,1011,27,17198,12,626,1062,25],"class_list":{"0":"post-275519","1":"post","2":"type-post","3":"status-publish","4":"format-standard","5":"has-post-thumbnail","7":"category-paris","8":"tag-actualites","9":"tag-adolescent","10":"tag-aeroport","11":"tag-compagnies-aeriennes","12":"tag-eu","13":"tag-europe","14":"tag-expulsion","15":"tag-fr","16":"tag-france","17":"tag-juifs","18":"tag-news","19":"tag-paris","20":"tag-polemique","21":"tag-republique-francaise"},"share_on_mastodon":{"url":"https:\/\/pubeurope.com\/@fr\/114920380637511769","error":""},"_links":{"self":[{"href":"https:\/\/www.europesays.com\/fr\/wp-json\/wp\/v2\/posts\/275519","targetHints":{"allow":["GET"]}}],"collection":[{"href":"https:\/\/www.europesays.com\/fr\/wp-json\/wp\/v2\/posts"}],"about":[{"href":"https:\/\/www.europesays.com\/fr\/wp-json\/wp\/v2\/types\/post"}],"author":[{"embeddable":true,"href":"https:\/\/www.europesays.com\/fr\/wp-json\/wp\/v2\/users\/2"}],"replies":[{"embeddable":true,"href":"https:\/\/www.europesays.com\/fr\/wp-json\/wp\/v2\/comments?post=275519"}],"version-history":[{"count":0,"href":"https:\/\/www.europesays.com\/fr\/wp-json\/wp\/v2\/posts\/275519\/revisions"}],"wp:featuredmedia":[{"embeddable":true,"href":"https:\/\/www.europesays.com\/fr\/wp-json\/wp\/v2\/media\/275520"}],"wp:attachment":[{"href":"https:\/\/www.europesays.com\/fr\/wp-json\/wp\/v2\/media?parent=275519"}],"wp:term":[{"taxonomy":"category","embeddable":true,"href":"https:\/\/www.europesays.com\/fr\/wp-json\/wp\/v2\/categories?post=275519"},{"taxonomy":"post_tag","embeddable":true,"href":"https:\/\/www.europesays.com\/fr\/wp-json\/wp\/v2\/tags?post=275519"}],"curies":[{"name":"wp","href":"https:\/\/api.w.org\/{rel}","templated":true}]}}