{"id":275521,"date":"2025-07-26T16:03:15","date_gmt":"2025-07-26T16:03:15","guid":{"rendered":"https:\/\/www.europesays.com\/fr\/275521\/"},"modified":"2025-07-26T16:03:15","modified_gmt":"2025-07-26T16:03:15","slug":"paris-fete-le-premier-anniversaire-avec-une-parade-sur-la-seine-et-le-retour-des-phryges","status":"publish","type":"post","link":"https:\/\/www.europesays.com\/fr\/275521\/","title":{"rendered":"Paris f\u00eate le premier anniversaire avec une parade sur la Seine et le retour des Phryges"},"content":{"rendered":"\n<p> La lecture de ce contenu est susceptible d\u2019entra\u00eener un d\u00e9p\u00f4t de cookies de la part de l\u2019op\u00e9rateur tiers qui l\u2019h\u00e9berge. Compte-tenu des choix que vous avez exprim\u00e9s en mati\u00e8re de d\u00e9p\u00f4t de cookies, nous avons bloqu\u00e9 l\u2019affichage de ce contenu. Si vous souhaitez y acc\u00e9der, vous devez accepter la cat\u00e9gorie de cookies \u201cContenus tiers\u201d en cliquant sur le bouton ci-dessous. <\/p>\n<p> Lire la Vid\u00e9o              <\/p>\n<p class=\"asset asset-text\">JEUX OLYMPIQUES &#8211; Paris est, et restera toujours une grande f\u00eate. La capitale a souffl\u00e9 avec une pointe de nostalgie la premi\u00e8re bougie des <a href=\"https:\/\/www.huffingtonpost.fr\/tech-futurs\/article\/emmanuel-macron-partage-une-video-nostalgique-des-jo-de-paris-2024-faite-avec-l-aide-de-l-ia_253006.html\" target=\"_blank\" rel=\"noopener\">Jeux olympiques<\/a>\u00a0ce samedi 26\u00a0juillet. Un\u00a0an auparavant, jour pour jour, la c\u00e9r\u00e9monie d\u2019ouverture lan\u00e7ait les JO d\u2019\u00e9t\u00e9 le long de la Seine. Pour c\u00e9l\u00e9brer ce \u00ab\u00a0souvenir commun\u00a0\u00bb, comme le dit le chef d\u2019orchestre de celle-ci <a href=\"https:\/\/www.huffingtonpost.fr\/culture\/video\/thomas-jolly-nous-parle-de-la-ceremonie-d-ouverture-des-jo-2024-et-sa-joie-est-toujours-aussi-contagieuse-un-an-apres_252983.html\" target=\"_blank\" rel=\"noopener\">Thomas Jolly<\/a>, un retour en Seine \u00e9tait in\u00e9vitable.<\/p>\n<p class=\"asset asset-text\">Une parade nautique de cano\u00ebs, paddles, kayaks a ainsi lanc\u00e9 cette journ\u00e9e anniversaire. Deux grandes <a href=\"https:\/\/www.huffingtonpost.fr\/jo-paris-2024\/video\/mascotte-des-jo-paris-2024-on-a-demande-aux-fans-de-la-phryge-pourquoi-ils-l-adorent_237789.html\" target=\"_blank\" rel=\"noopener\">Phryges<\/a>, les mascottes \u00e0 succ\u00e8s des JO, grimp\u00e9es sur un zodiac, ont salu\u00e9 depuis le fleuve la d\u00e9l\u00e9gation institutionnelle en promenade, tandis que quelques \u00ab\u00a0merci\u00a0! merci\u00a0!\u00a0\u00bb fusaient. Le refrain des Champs-\u00c9lys\u00e9es de Joe Dassin a m\u00eame \u00e9t\u00e9 chant\u00e9 en ch\u0153ur par les navigateurs.<\/p>\n<p class=\"asset asset-text\">\u00ab\u00a0Les Jeux ont chang\u00e9 la ville profond\u00e9ment, ils nous ont donn\u00e9 beaucoup de bonheur, beaucoup de joie\u00a0\u00bb, a comment\u00e9 depuis le pont Saint-Louis la maire PS de Paris Anne Hidalgo, \u00e9voquant \u00ab\u00a0l\u2019h\u00e9ritage tr\u00e8s tr\u00e8s important, comme la baignade en Seine\u00a0\u00bb.<\/p>\n<p class=\"asset asset-text\">\u00ab\u00a0Aucune nostalgie, mais des souvenirs merveilleux qui sont toujours tr\u00e8s forts et tr\u00e8s pr\u00e9sents\u00a0\u00bb, a lui lanc\u00e9 <a href=\"https:\/\/www.huffingtonpost.fr\/economie\/article\/ce-rapport-de-la-cour-des-comptes-sur-les-depenses-des-jo-de-paris-2024-crispe-tony-estanguet_251684.html\" target=\"_blank\" rel=\"noopener\">Tony Estanguet<\/a>, l\u2019ex-patron du comit\u00e9 d\u2019organisation. Pour son premier d\u00e9placement en France, la nouvelle pr\u00e9sidente du CIO Kirsty Coventry a trouv\u00e9 \u00ab\u00a0merveilleux d\u2019\u00eatre de retour \u00e0 Paris et de voir tout l\u2019h\u00e9ritage laiss\u00e9 derri\u00e8re\u00a0\u00bb des JO, a-t-elle lanc\u00e9, aux c\u00f4t\u00e9s de Thomas Bach, son pr\u00e9d\u00e9cesseur, qui a suivi de tr\u00e8s pr\u00e8s pendant des ann\u00e9es la pr\u00e9paration des Jeux de Paris.<\/p>\n<p>                     Programme olympique    <\/p>\n<p class=\"asset asset-text\">Apr\u00e8s avoir d\u00e9couvert le projet de \u00ab\u00a0monument des championnes et champions\u00a0\u00bb qui sera install\u00e9 sur le pont Saint-Louis d\u2019ici la fin de l\u2019ann\u00e9e pour rendre hommage aux m\u00e9daill\u00e9s des JO, l\u2019ensemble de la d\u00e9l\u00e9gation s\u2019est rendu \u00e0 l\u2019espace de baignade situ\u00e9 sur le bras Marie. Les <a href=\"https:\/\/www.huffingtonpost.fr\/france\/article\/les-bassins-de-la-seine-a-paris-deja-interdits-a-la-baignade-un-jour-apres-leur-ouverture_252282.html\" target=\"_blank\" rel=\"noopener\">trois zones de baignade<\/a> dans la Seine, ouvertes d\u00e9but juillet, \u00e9taient toutefois encore ferm\u00e9es ce samedi, cons\u00e9quence de la m\u00e9t\u00e9o pluvieuse des derniers jours.<\/p>\n<p class=\"asset asset-text\">La d\u00e9l\u00e9gation du CIO s\u2019est ensuite rendue dans le nord de Paris, rue de la Chapelle, o\u00f9 ont \u00e9t\u00e9 install\u00e9es les <a href=\"https:\/\/www.huffingtonpost.fr\/jo-paris-2024\/article\/les-statues-de-femmes-celebres-de-la-ceremonie-d-ouverture-des-jo-exposees-a-paris_239526.html\" target=\"_blank\" rel=\"noopener\">statues de dix femmes c\u00e9l\u00e8bres<\/a>, qui avaient \u00e9merg\u00e9 de la Seine le soir de la c\u00e9r\u00e9monie d\u2019ouverture. Elles ont pris place sur terre, le long de la nouvelle esplanade Alice Milliat devant la Adidas Arena.<\/p>\n<p class=\"asset asset-text\">Le parvis de l\u2019H\u00f4tel de Ville s\u2019est de son c\u00f4t\u00e9 transform\u00e9 en terrain de beach-volley pour la journ\u00e9e, avec une d\u00e9monstration des m\u00e9daill\u00e9es d\u2019or br\u00e9siliennes, Ana Patricia Silva Ramos et Eduarda \u00ab\u00a0Duda\u00a0\u00bb Santos Lisboa, et des volleyeurs fran\u00e7ais, Arnaud Gauthier-Rat et T\u00e9o Rotar. Sur les quais de Seine, ce sont les gymnastes de la Brigade des Sapeurs Pompiers de Paris qui ont assur\u00e9 le show.<\/p>\n<p class=\"asset asset-text\">Les <a href=\"https:\/\/www.huffingtonpost.fr\/france\/article\/les-anneaux-olympiques-ne-feront-pas-leur-retour-sur-la-tour-eiffel-en-2025-a-cause-d-un-contretemps_250547.html\" target=\"_blank\" rel=\"noopener\">anneaux olympiques<\/a> ont eux presque fait leur retour sur la tour Eiffel, sous la forme d\u2019un drapeau qui sera \u00e9clair\u00e9 dans la soir\u00e9e. Pour r\u00e9installer des anneaux en dur, volont\u00e9 affich\u00e9e d\u2019Anne Hidalgo, il faudrait modifier la l\u00e9gislation. Mais pour l\u2019instant, le S\u00e9nat a rejet\u00e9 cette possibilit\u00e9 dans la loi olympique qui passera \u00e0 l\u2019Assembl\u00e9e cet automne.<\/p>\n<p>    Tiakola en concert gratuit    <\/p>\n<p class=\"asset asset-text\">En fin d\u2019apr\u00e8s-midi, la ville de Paris a donn\u00e9 rendez-vous aux m\u00e9lomanes place du Ch\u00e2telet pour un \u00ab\u00a0bingo music quiz\u00a0\u00bb anim\u00e9 par la drag-queen Minima Gest\u00e9, suivi d\u2019un karaok\u00e9 g\u00e9ant et d\u2019un DJ set.<\/p>\n<p class=\"asset asset-text\">Et il n\u2019y a pas qu\u2019\u00e0 Paris que l\u2019anniversaire des JO a \u00e9t\u00e9 f\u00eat\u00e9. Le convoi institutionnel s\u2019est aussi rendu en Seine-Saint-Denis. Au menu\u00a0: une visite du centre aquatique olympique, gratuit pour cette journ\u00e9e anniversaire, et du parc Georges-Valbon \u00e0 la Courneuve o\u00f9 seront install\u00e9s les anneaux olympiques.<\/p>\n<p class=\"asset asset-text\">Dans la soir\u00e9e, le parc accueillera un grand concert gratuit du rappeur <a href=\"https:\/\/www.huffingtonpost.fr\/culture\/video\/tiakola-la-revelation-des-victoires-de-la-musique-dont-vous-allez-entendre-parler_213874.html\" target=\"_blank\" rel=\"noopener\" title=\"Nouvelle fen\u00eatre\">Tiakola<\/a>, en plein air. Pr\u00e8s de 25\u00a0000\u00a0personnes sont attendues selon <a href=\"https:\/\/www.leparisien.fr\/seine-saint-denis-93\/24-000-personnes-attendues-un-dispositif-xxl-pour-le-concert-gratuit-de-tiakola-a-la-courneuve-samedi-24-07-2025-DMEW72ZNAVGVRAGHUMMMNI3WE4.php\" target=\"_blank\" rel=\"noopener\" title=\"Nouvelle fen\u00eatre\">Le Parisien<\/a>. La performance musicale sera suivie d\u2019un feu d\u2019artifice.<\/p>\n","protected":false},"excerpt":{"rendered":"La lecture de ce contenu est susceptible d\u2019entra\u00eener un d\u00e9p\u00f4t de cookies de la part de l\u2019op\u00e9rateur tiers&hellip;\n","protected":false},"author":2,"featured_media":275522,"comment_status":"","ping_status":"","sticky":false,"template":"","format":"standard","meta":{"footnotes":""},"categories":[1888],"tags":[11,1777,674,1011,27,3996,7941,12,2532,626,25],"class_list":{"0":"post-275521","1":"post","2":"type-post","3":"status-publish","4":"format-standard","5":"has-post-thumbnail","7":"category-paris","8":"tag-actualites","9":"tag-eu","10":"tag-europe","11":"tag-fr","12":"tag-france","13":"tag-jeux-olympiques","14":"tag-jo-paris-2024","15":"tag-news","16":"tag-nos-videos","17":"tag-paris","18":"tag-republique-francaise"},"share_on_mastodon":{"url":"https:\/\/pubeurope.com\/@fr\/114920384348845911","error":""},"_links":{"self":[{"href":"https:\/\/www.europesays.com\/fr\/wp-json\/wp\/v2\/posts\/275521","targetHints":{"allow":["GET"]}}],"collection":[{"href":"https:\/\/www.europesays.com\/fr\/wp-json\/wp\/v2\/posts"}],"about":[{"href":"https:\/\/www.europesays.com\/fr\/wp-json\/wp\/v2\/types\/post"}],"author":[{"embeddable":true,"href":"https:\/\/www.europesays.com\/fr\/wp-json\/wp\/v2\/users\/2"}],"replies":[{"embeddable":true,"href":"https:\/\/www.europesays.com\/fr\/wp-json\/wp\/v2\/comments?post=275521"}],"version-history":[{"count":0,"href":"https:\/\/www.europesays.com\/fr\/wp-json\/wp\/v2\/posts\/275521\/revisions"}],"wp:featuredmedia":[{"embeddable":true,"href":"https:\/\/www.europesays.com\/fr\/wp-json\/wp\/v2\/media\/275522"}],"wp:attachment":[{"href":"https:\/\/www.europesays.com\/fr\/wp-json\/wp\/v2\/media?parent=275521"}],"wp:term":[{"taxonomy":"category","embeddable":true,"href":"https:\/\/www.europesays.com\/fr\/wp-json\/wp\/v2\/categories?post=275521"},{"taxonomy":"post_tag","embeddable":true,"href":"https:\/\/www.europesays.com\/fr\/wp-json\/wp\/v2\/tags?post=275521"}],"curies":[{"name":"wp","href":"https:\/\/api.w.org\/{rel}","templated":true}]}}