{"id":275523,"date":"2025-07-26T16:04:12","date_gmt":"2025-07-26T16:04:12","guid":{"rendered":"https:\/\/www.europesays.com\/fr\/275523\/"},"modified":"2025-07-26T16:04:12","modified_gmt":"2025-07-26T16:04:12","slug":"en-russie-la-fonte-dun-glacier-revele-un-incroyable-cimetiere-prehistorique-de-baleines","status":"publish","type":"post","link":"https:\/\/www.europesays.com\/fr\/275523\/","title":{"rendered":"En Russie, la fonte d&rsquo;un glacier r\u00e9v\u00e8le un incroyable cimeti\u00e8re pr\u00e9historique de baleines"},"content":{"rendered":"<p>Alors que les glaciers fondent \u00e0 un rythme in\u00e9dit, les effets concrets du r\u00e9chauffement climatique deviennent de plus en plus tangibles, jusqu\u2019au c\u0153ur des r\u00e9gions les plus inaccessibles de la plan\u00e8te. Dans l\u2019archipel russe de la Terre Fran\u00e7ois-Joseph, l\u2019\u00eele de Wilczek, longtemps ensevelie sous la glace, voit d\u00e9sormais ses sols lib\u00e9r\u00e9s par le retrait acc\u00e9l\u00e9r\u00e9 d\u2019un glacier. Cette fonte a mis au jour un important amas d\u2019ossements de c\u00e9tac\u00e9s anciens, formant un v\u00e9ritable cimeti\u00e8re marin fossile. <\/p>\n<p>l\u2019Arctic and Antarctic Research Institute (AARI) dans le cadre de l\u2019exp\u00e9dition scientifique \u00ab Universit\u00e9 Flottante Arctique 2025 \u00bb, offre un \u00e9clairage in\u00e9dit sur les \u00e9volutions environnementales de l\u2019Arctique au cours des derniers mill\u00e9naires. Il soul\u00e8ve aussi des questions majeures sur les transformations g\u00e9ophysiques en cours, dans une r\u00e9gion strat\u00e9gique \u00e0 la fois pour la science et la navigation.    Une d\u00e9couverte rendue possible par le recul acc\u00e9l\u00e9r\u00e9 d\u2019un glacier <\/p>\n<p>Le retrait du glacier observ\u00e9 sur l\u2019\u00eele de Wilczek s\u2019inscrit dans un ph\u00e9nom\u00e8ne largement document\u00e9 de fonte acc\u00e9l\u00e9r\u00e9e des masses glaciaires \u00e0 l\u2019\u00e9chelle plan\u00e9taire. Ce processus est principalement li\u00e9 \u00e0 l\u2019\u00e9l\u00e9vation des temp\u00e9ratures atmosph\u00e9riques et oc\u00e9aniques dans les r\u00e9gions polaires. Le r\u00e9chauffement y est deux \u00e0 trois fois plus rapide que la moyenne mondiale. La cryosph\u00e8re arctique, particuli\u00e8rement sensible aux variations climatiques, conna\u00eet des pertes de volume significatives. Ce qui affecte non seulement les calottes glaciaires terrestres, mais aussi le perg\u00e9lisol et les banquises.<\/p>\n<p>Sur Wilczek, le glacier \u00e9tudi\u00e9 a recul\u00e9 de mani\u00e8re suffisamment nette pour modifier durablement le paysage. Nikita Demidov, g\u00e9ologue de l\u2019AARI et coordinateur de l\u2019exp\u00e9dition, explique : \u00ab En comparant les donn\u00e9es actuelles avec celles issues de l\u2019imagerie satellitaire ancienne, nous avons confirm\u00e9 que la glace s\u2019\u00e9tait retir\u00e9e \u00e0 un rythme exceptionnel. \u00bb Ce recul s\u2019inscrit dans une tendance globale : selon une \u00e9tude internationale cit\u00e9e par les chercheurs, les glaciers ont perdu environ 5 % de leur masse depuis l\u2019an 2000, soit une perte de couverture de plusieurs kilom\u00e8tres carr\u00e9s en moins de deux d\u00e9cennies. Ce type de recul, qualifi\u00e9 \u00ab\u00a0d\u2019anormalement rapide \u00bb par l\u2019AARI, est significatif d\u2019un basculement climatique \u00e0 l\u2019\u00e9chelle r\u00e9gionale.<\/p>\n<p>Le perg\u00e9lisol expos\u00e9 par cette fonte constitue une archive environnementale pr\u00e9cieuse. Jusqu\u2019alors gel\u00e9 en profondeur, il renferme des mat\u00e9riaux organiques, biologiques et g\u00e9ologiques conserv\u00e9s depuis des milliers d\u2019ann\u00e9es. La zone ainsi d\u00e9gag\u00e9e repr\u00e9sente une opportunit\u00e9 rare pour les scientifiques d\u2019\u00e9tudier des couches s\u00e9dimentaires jusque-l\u00e0 inaccessibles, tout en \u00e9valuant les cons\u00e9quences de leur d\u00e9gel sur les \u00e9quilibres microbiologiques et hydrog\u00e9ologiques locaux.<\/p>\n<p> Un \u00ab\u00a0cimeti\u00e8re de baleines\u00a0\u00bb sous la glace : un tr\u00e9sor pal\u00e9ontologique <\/p>\n<p>Le site mis au jour sur l\u2019\u00eele de Wilczek pr\u00e9sente une concentration inhabituelle de restes de c\u00e9tac\u00e9s, r\u00e9partis sur une terrasse c\u00f4ti\u00e8re d\u00e9gag\u00e9e par la fonte glaciaire. Les ossements d\u00e9couverts appartiennent \u00e0 des baleines de grande taille, vraisemblablement \u00e9chou\u00e9es ou pi\u00e9g\u00e9es dans des baies peu profondes lors d\u2019\u00e9v\u00e9nements marins anciens. Leur dispersion et leur stratigraphie sugg\u00e8rent qu\u2019il ne s\u2019agit pas d\u2019une mort group\u00e9e soudaine. Mais il s\u2019agit plut\u00f4t d\u2019un d\u00e9p\u00f4t progressif, accumul\u00e9 au fil de plusieurs \u00e9pisodes.<\/p>\n<p>Les conditions de conservation varient fortement selon la localisation. \u00c0 proximit\u00e9 imm\u00e9diate du glacier, les temp\u00e9ratures stables et le perg\u00e9lisol ont permis de pr\u00e9server les os dans un \u00e9tat exceptionnel. Plus proche du littoral, l\u2019exposition prolong\u00e9e \u00e0 des alternances de gel et de d\u00e9gel a d\u00e9grad\u00e9 les structures osseuses. Cela a rendu certaines parties friables ou fragment\u00e9es.<\/p>\n<p>L\u2019analyse pal\u00e9ontologique du site vise \u00e0 d\u00e9terminer l\u2019esp\u00e8ce exacte des c\u00e9tac\u00e9s, leur \u00e2ge au moment de la mort, ainsi que les possibles causes de leur pr\u00e9sence \u00e0 cet endroit. Des recherches compl\u00e9mentaires, notamment isotopiques et ADN fossile, pourraient permettre d\u2019\u00e9tablir une chronologie pr\u00e9cise des d\u00e9p\u00f4ts osseux. \u00ab Cette accumulation d\u2019ossements t\u00e9moigne d\u2019un \u00e9pisode de variation rapide du niveau marin dans cette r\u00e9gion du Haut-Arctique eurasien, probablement survenu il y a quelques milliers d\u2019ann\u00e9es \u00bb, souligne Demidov \u00e0 <a href=\"https:\/\/www.livescience.com\/animals\/whales\/ancient-whale-graveyard-discovered-under-melting-russian-glacier\" target=\"_blank\" rel=\"nofollow noopener\">Live Science<\/a>. Cette hypoth\u00e8se, confort\u00e9e par la configuration des couches s\u00e9dimentaires et la position des squelettes, pourrait aider \u00e0 reconstituer les migrations pass\u00e9es des c\u00e9tac\u00e9s et les conditions climatiques du pass\u00e9.<\/p>\n<p>Ce type de d\u00e9p\u00f4t documente \u00e9galement la mani\u00e8re dont les esp\u00e8ces marines ont r\u00e9pondu aux stress environnementaux anciens. Ce champ de recherche se montre particuli\u00e8rement pertinent \u00e0 l\u2019heure o\u00f9 les c\u00e9tac\u00e9s modernes subissent de fortes pressions li\u00e9es au changement climatique.<\/p>\n<p> Une exp\u00e9dition scientifique ambitieuse, au c\u0153ur de l\u2019Arctique russe <\/p>\n<p>L\u2019exp\u00e9dition ayant permis la d\u00e9couverte du cimeti\u00e8re de baleines s\u2019inscrit dans un contexte logistique complexe. Organis\u00e9e par l\u2019Arctic and Antarctic Research Institute (AARI), elle fait partie du programme \u00ab Universit\u00e9 Flottante Arctique 2025 \u00bb. Il s\u2019agit d\u2019une initiative combinant recherche de terrain, formation universitaire et coop\u00e9ration interdisciplinaire. La mission s\u2019effectue \u00e0 bord du Professor Molchanov, un navire renforc\u00e9 pour la glace. Il se montre capable de naviguer dans des zones polaires extr\u00eames. En effet, les conditions de navigation y varient rapidement sous l\u2019effet des d\u00e9rives glaciaires, du brouillard permanent et de la fragmentation des banquises.<\/p>\n<p><img loading=\"lazy\" decoding=\"async\" itemprop=\"thumbnailUrl\" class=\"alignnone wp-image-206160 img-responsive \" src=\"https:\/\/www.europesays.com\/fr\/wp-content\/uploads\/2025\/07\/os-baleines-1024x683.jpg\" alt=\"\" width=\"500\" height=\"333\"\/> \u00a9  Nikita Demidov, AARI, Alexander Ermolov<\/p>\n<p>L\u2019exp\u00e9dition vise principalement \u00e0 \u00e9tudier la dynamique du perg\u00e9lisol en haute latitude, une cl\u00e9 dans la compr\u00e9hension du r\u00e9chauffement arctique. Les scientifiques y analysent l\u2019\u00e9paisseur et la structure du sol gel\u00e9, notamment le d\u00e9veloppement des couches saisonni\u00e8rement d\u00e9gel\u00e9es. Ils \u00e9tudient aussi des formes g\u00e9ocryologiques typiques comme les polygones de glace. Ces derniers correspondent \u00e0 des motifs g\u00e9om\u00e9triques form\u00e9s dans le sol gel\u00e9, dus \u00e0 l\u2019alternance gel-d\u00e9gel du perg\u00e9lisol. Ils t\u00e9moignent de la stabilit\u00e9 climatique sur le long terme.<\/p>\n<p>La campagne a \u00e9galement conduit les chercheurs au cap Zhelania, \u00e0 la pointe nord de la Nouvelle-Zemble, zone critique pour l\u2019observation climatique. Ce site a \u00e9t\u00e9 choisi pour y forer un puits thermom\u00e9trique, afin de mesurer l\u2019\u00e9volution des temp\u00e9ratures en profondeur. Les donn\u00e9es recueillies permettront de mod\u00e9liser l\u2019impact du r\u00e9chauffement sur la stabilit\u00e9 du sol et la navigabilit\u00e9 du passage arctique. L\u2019Institut, fond\u00e9 il y a plus d\u2019un si\u00e8cle et op\u00e9rant plus de 1 200 exp\u00e9ditions depuis sa cr\u00e9ation, reste aujourd\u2019hui un acteur central de la recherche climatique russe.<\/p>\n<p>    Changements globaux et enjeux scientifiques <\/p>\n<p>La r\u00e9v\u00e9lation de ces ossements enfouis sous la glace depuis des mill\u00e9naires ne se limite pas \u00e0 une avanc\u00e9e pal\u00e9ontologique. Elle constitue un indicateur tangible de la rapidit\u00e9 des transformations en cours dans les r\u00e9gions polaires. Le recul du glacier de Wilczek, en lib\u00e9rant un espace longtemps rest\u00e9 fig\u00e9, mat\u00e9rialise l\u2019acc\u00e9l\u00e9ration des processus climatiques, autrefois imperceptibles \u00e0 l\u2019\u00e9chelle d\u2019une vie humaine.<\/p>\n<p>Cette \u00e9volution n\u2019est pas isol\u00e9e. La perte de masse des glaciers, la mont\u00e9e du niveau des mers et la d\u00e9stabilisation du perg\u00e9lisol sont d\u00e9sormais des ph\u00e9nom\u00e8nes mesurables, observables et int\u00e9gr\u00e9s dans les projections scientifiques \u00e0 moyen terme. Ce que cette d\u00e9couverte illustre de mani\u00e8re frappante, c\u2019est la capacit\u00e9 du climat \u00e0 modifier profond\u00e9ment et rapidement un territoire jusque-l\u00e0 consid\u00e9r\u00e9 comme stable.<\/p>\n<p>Face \u00e0 cette r\u00e9alit\u00e9, la recherche scientifique conserve un r\u00f4le central : non pas pr\u00e9dire avec certitude, mais comprendre les m\u00e9canismes \u00e0 l\u2019\u0153uvre, afin d\u2019\u00e9clairer les choix collectifs \u00e0 venir. L\u2019exp\u00e9dition men\u00e9e sur Wilczek rappelle l\u2019importance de maintenir un effort constant d\u2019observation et d\u2019analyse dans ces zones sensibles. Elle montre aussi que les traces du pass\u00e9 peuvent contribuer \u00e0 mieux cerner les enjeux du pr\u00e9sent.<\/p>\n<p>Ni catastrophiste ni optimiste, ce constat appelle \u00e0 une vigilance raisonn\u00e9e. Les paysages polaires ne sont pas immuables. Leur \u00e9volution actuelle, capt\u00e9e par les scientifiques, ouvre de nouvelles pistes de recherche et de compr\u00e9hension sur les interactions complexes entre climat, g\u00e9ologie et biosph\u00e8re.<\/p>\n","protected":false},"excerpt":{"rendered":"Alors que les glaciers fondent \u00e0 un rythme in\u00e9dit, les effets concrets du r\u00e9chauffement climatique deviennent de plus&hellip;\n","protected":false},"author":2,"featured_media":275524,"comment_status":"","ping_status":"","sticky":false,"template":"","format":"standard","meta":{"footnotes":""},"categories":[1591],"tags":[11,1887,12,1885,1886,132],"class_list":{"0":"post-275523","1":"post","2":"type-post","3":"status-publish","4":"format-standard","5":"has-post-thumbnail","7":"category-russie","8":"tag-actualites","9":"tag-federation-de-russie","10":"tag-news","11":"tag-russia","12":"tag-russian-federation","13":"tag-russie"},"share_on_mastodon":{"url":"https:\/\/pubeurope.com\/@fr\/114920388380148495","error":""},"_links":{"self":[{"href":"https:\/\/www.europesays.com\/fr\/wp-json\/wp\/v2\/posts\/275523","targetHints":{"allow":["GET"]}}],"collection":[{"href":"https:\/\/www.europesays.com\/fr\/wp-json\/wp\/v2\/posts"}],"about":[{"href":"https:\/\/www.europesays.com\/fr\/wp-json\/wp\/v2\/types\/post"}],"author":[{"embeddable":true,"href":"https:\/\/www.europesays.com\/fr\/wp-json\/wp\/v2\/users\/2"}],"replies":[{"embeddable":true,"href":"https:\/\/www.europesays.com\/fr\/wp-json\/wp\/v2\/comments?post=275523"}],"version-history":[{"count":0,"href":"https:\/\/www.europesays.com\/fr\/wp-json\/wp\/v2\/posts\/275523\/revisions"}],"wp:featuredmedia":[{"embeddable":true,"href":"https:\/\/www.europesays.com\/fr\/wp-json\/wp\/v2\/media\/275524"}],"wp:attachment":[{"href":"https:\/\/www.europesays.com\/fr\/wp-json\/wp\/v2\/media?parent=275523"}],"wp:term":[{"taxonomy":"category","embeddable":true,"href":"https:\/\/www.europesays.com\/fr\/wp-json\/wp\/v2\/categories?post=275523"},{"taxonomy":"post_tag","embeddable":true,"href":"https:\/\/www.europesays.com\/fr\/wp-json\/wp\/v2\/tags?post=275523"}],"curies":[{"name":"wp","href":"https:\/\/api.w.org\/{rel}","templated":true}]}}