{"id":275527,"date":"2025-07-26T16:06:11","date_gmt":"2025-07-26T16:06:11","guid":{"rendered":"https:\/\/www.europesays.com\/fr\/275527\/"},"modified":"2025-07-26T16:06:11","modified_gmt":"2025-07-26T16:06:11","slug":"etats-unis-en-pleine-course-aux-etoiles-le-personnel-de-la-nasa-va-fondre-de-20","status":"publish","type":"post","link":"https:\/\/www.europesays.com\/fr\/275527\/","title":{"rendered":"Etats-Unis : en pleine course aux \u00e9toiles, le personnel de la Nasa va fondre de 20%"},"content":{"rendered":"<p>Dans un communiqu\u00e9 transmis par e-mail, la prestigieuse agence a fait savoir qu&rsquo;environ 3000 personnes ont particip\u00e9 \u00e0 la deuxi\u00e8me vague de son programme de licenciements diff\u00e9r\u00e9s, qui s&rsquo;est achev\u00e9e vendredi.\u00a0<\/p>\n<p>L&rsquo;agence spatiale am\u00e9ricaine voit ses effectifs passer de 18.000 employ\u00e9s avant l&rsquo;arriv\u00e9e de Donald Trump au pouvoir fin janvier \u00e0 14.000, soit une baisse de 20%.\u00a0<\/p>\n<p>La Nasa souligne que \u00ab\u00a0la s\u00e9curit\u00e9 reste une priorit\u00e9 absolue\u00a0\u00bb, alors qu&rsquo;elle cherche \u00ab\u00a0\u00e0 trouver un \u00e9quilibre entre la n\u00e9cessit\u00e9 de devenir une organisation plus rationalis\u00e9e et efficace et celle de rester en pleine capacit\u00e9 de poursuivre un \u00e2ge d&rsquo;or d&rsquo;exploration et d&rsquo;innovation, notamment vers la Lune et Mars\u00a0\u00bb.<\/p>\n<p>Plus t\u00f4t cette ann\u00e9e, l&rsquo;administration Trump a propos\u00e9 un budget de la Nasa centr\u00e9 sur un retour sur la Lune et une mission sur Mars, au d\u00e9triment de programmes scientifiques et climatiques. La Maison Blanche a dit qu&rsquo;elle souhaitait \u00ab\u00a0battre la Chine dans la course vers la Lune et envoyer le premier humain sur Mars\u00a0\u00bb. La Chine pr\u00e9voit de r\u00e9aliser son premier alunissage habit\u00e9 d&rsquo;ici 2030, tandis que le programme am\u00e9ricain, baptis\u00e9 Artemis, conna\u00eet des retards \u00e0 r\u00e9p\u00e9tition. Donald Trump a nomm\u00e9 d\u00e9but juillet, Sean Duffy, son ministre des Transports, \u00e0 la t\u00eate de l&rsquo;agence f\u00e9d\u00e9rale, apr\u00e8s avoir propos\u00e9 l&rsquo;homme d&rsquo;affaires Jared Isaacman, un proche du multimilliardaire Elon Musk, finalement \u00e9cart\u00e9.<\/p>\n","protected":false},"excerpt":{"rendered":"Dans un communiqu\u00e9 transmis par e-mail, la prestigieuse agence a fait savoir qu&rsquo;environ 3000 personnes ont particip\u00e9 \u00e0&hellip;\n","protected":false},"author":2,"featured_media":275528,"comment_status":"","ping_status":"","sticky":false,"template":"","format":"standard","meta":{"footnotes":""},"categories":[1589],"tags":[11,73,1866,12,1864,1865,1863,308],"class_list":{"0":"post-275527","1":"post","2":"type-post","3":"status-publish","4":"format-standard","5":"has-post-thumbnail","7":"category-etats-unis","8":"tag-actualites","9":"tag-etats-unis","10":"tag-etats-unis-damerique","11":"tag-news","12":"tag-united-states","13":"tag-united-states-of-america","14":"tag-us","15":"tag-usa"},"share_on_mastodon":{"url":"https:\/\/pubeurope.com\/@fr\/114920396120445874","error":""},"_links":{"self":[{"href":"https:\/\/www.europesays.com\/fr\/wp-json\/wp\/v2\/posts\/275527","targetHints":{"allow":["GET"]}}],"collection":[{"href":"https:\/\/www.europesays.com\/fr\/wp-json\/wp\/v2\/posts"}],"about":[{"href":"https:\/\/www.europesays.com\/fr\/wp-json\/wp\/v2\/types\/post"}],"author":[{"embeddable":true,"href":"https:\/\/www.europesays.com\/fr\/wp-json\/wp\/v2\/users\/2"}],"replies":[{"embeddable":true,"href":"https:\/\/www.europesays.com\/fr\/wp-json\/wp\/v2\/comments?post=275527"}],"version-history":[{"count":0,"href":"https:\/\/www.europesays.com\/fr\/wp-json\/wp\/v2\/posts\/275527\/revisions"}],"wp:featuredmedia":[{"embeddable":true,"href":"https:\/\/www.europesays.com\/fr\/wp-json\/wp\/v2\/media\/275528"}],"wp:attachment":[{"href":"https:\/\/www.europesays.com\/fr\/wp-json\/wp\/v2\/media?parent=275527"}],"wp:term":[{"taxonomy":"category","embeddable":true,"href":"https:\/\/www.europesays.com\/fr\/wp-json\/wp\/v2\/categories?post=275527"},{"taxonomy":"post_tag","embeddable":true,"href":"https:\/\/www.europesays.com\/fr\/wp-json\/wp\/v2\/tags?post=275527"}],"curies":[{"name":"wp","href":"https:\/\/api.w.org\/{rel}","templated":true}]}}