{"id":27553,"date":"2025-04-15T20:51:10","date_gmt":"2025-04-15T20:51:10","guid":{"rendered":"https:\/\/www.europesays.com\/fr\/27553\/"},"modified":"2025-04-15T20:51:10","modified_gmt":"2025-04-15T20:51:10","slug":"lyon-linfluenceuse-franco-algerienne-sofia-benlemmane-condamnee-a-neuf-mois-de-prison-avec-sursis-ses-reseaux-sociaux-supprimes","status":"publish","type":"post","link":"https:\/\/www.europesays.com\/fr\/27553\/","title":{"rendered":"Lyon. L&rsquo;influenceuse franco-alg\u00e9rienne Sofia Benlemmane condamn\u00e9e \u00e0 neuf mois de prison avec sursis, ses r\u00e9seaux sociaux supprim\u00e9s"},"content":{"rendered":"<p>\u00c0 la suite du proc\u00e8s devant le tribunal correctionnel de Lyon le 18\u00a0mars, Sofia Benlemmane, Franco-Alg\u00e9rienne quinquag\u00e9naire, a \u00e9t\u00e9 d\u00e9clar\u00e9e ce mardi 15\u00a0avril coupable de \u00ab\u200aprovocation publique \u00e0 commettre un crime ou un d\u00e9lit\u200a\u00bb, \u00ab\u200amenaces de mort par image\u200a\u00bb et \u00ab\u200ainjure publique en raison de l\u2019orientation sexuelle et de la religion\u200a\u00bb. Elle est condamn\u00e9e \u00e0 neuf mois d\u2019emprisonnement avec sursis probatoire pour deux ans avec ex\u00e9cution provisoire, ainsi que 200 heures de travaux d\u2019int\u00e9r\u00eat g\u00e9n\u00e9ral \u00e0 faire dans les 18 mois.<\/p>\n<p>Le tribunal ordonne la suppression de ses comptes Facebook, X et TikTok pour six mois et l\u2019interdiction de cr\u00e9er de nouveaux comptes. Elle devra verser 500\u00a0euros \u00e0 chacune des quatre parties civiles.<\/p>\n<p>\u00a0<\/p>\n<p>\u00ab\u00a0Bravo la justice fran\u00e7aise qui emp\u00eache les gens de s&rsquo;exprimer \u00a0! \u00bb<\/p>\n<p>Apr\u00e8s avoir \u00e9cout\u00e9 le d\u00e9lib\u00e9r\u00e9, Sofia Benlemmane a applaudi la pr\u00e9sidente en commentant la d\u00e9cision d\u2019interdiction de 6 mois d\u2019utiliser ses r\u00e9seaux sociaux\u200a: \u00ab\u200aBravo la justice fran\u00e7aise qui emp\u00eache les gens de s\u2019exprimer\u200a!\u200a\u00bb Une fois dans la salle des pas perdus, elle a poursuivi sa litanie, exprimant notamment <a href=\"https:\/\/www.leprogres.fr\/faits-divers-justice\/2025\/03\/27\/boualem-sansal-critique-du-regime-condamne-a-cinq-ans-de-prison-ferme\" target=\"_blank\" rel=\"nofollow noopener\">des propos tr\u00e8s durs envers l\u2019\u00e9crivain Boualem Sansal<\/a>\u200a: \u00ab\u200aJe suis contente qu\u2019il ait \u00e9t\u00e9 condamn\u00e9, ils ont fait expr\u00e8s d\u2019attendre de conna\u00eetre sa condamnation avant de me donner la mienne.\u200aC\u2019est une d\u00e9cision politique.\u200a\u00bb<\/p>\n<p>Des mots qui ont imm\u00e9diatement attir\u00e9 l\u2019attention d\u2019avocats et visiteurs pr\u00e9sents aux abords de la salle d\u2019audience. Sofia Benlemmane, siffl\u00e9e et hu\u00e9e, a hauss\u00e9 le ton. Entre deux insultes, elle a notamment lanc\u00e9\u200a: \u00ab\u200aJe suis antisioniste.\u200a\u00bb L\u2019esclandre a \u00e9t\u00e9 capt\u00e9 par la cam\u00e9ra du Progr\u00e8s. La s\u00e9curit\u00e9 a finalement \u00e9vacu\u00e9 l\u2019influenceuse apr\u00e8s un nouvelle bousculade.<\/p>\n<p>\u00c0 l\u2019ext\u00e9rieur, Sofia Benlemmane s\u2019est \u00e0 nouveau exprim\u00e9e\u200a: \u00ab\u200aCe qui m\u2019a mise hors de moi, c\u2019est la suspension de mes r\u00e9seaux sociaux. C\u2019est bien plus grave pour moi que les neuf mois de prison avec sursis. J\u2019aurais pr\u00e9f\u00e9r\u00e9 partir six mois en prison d\u00e8s maintenant.\u200a\u00bb<\/p>\n<p>Propos haineux et mena\u00e7ants<\/p>\n<p>Le jeudi 9\u00a0janvier dernier, cette ancienne footballeuse du Caluire Sporting Club, suivie sur TikTok et Facebook par plus de 340\u200a000 personnes, <a href=\"https:\/\/www.leprogres.fr\/faits-divers-justice\/2025\/01\/09\/elle-avait-provoque-l-arret-du-match-france-algerie-en-2001-le-parcours-singulier-de-l-influenceuse-sofia-benlemmane-placee-en-garde-a-vue-ce-jeudi\" target=\"_blank\" rel=\"nofollow noopener\">avait \u00e9t\u00e9 plac\u00e9e en garde \u00e0 vue<\/a>.<\/p>\n<p>Ce sont des signalements de lanceurs d\u2019alerte qui avaient mis en lumi\u00e8re les prises de position de Sofia Benlemmane contre des opposants au r\u00e9gime alg\u00e9rien sur ses r\u00e9seaux sociaux\u200a: des vid\u00e9os dans lesquelles elle s\u2019en prenait notamment \u00e0 une autre femme\u200a: \u00ab\u200aNique ta race, toi et ta France, J\u2019esp\u00e8re que tu seras tu\u00e9e, j\u2019esp\u00e8re qu\u2019ils vont te tuer.\u200a\u00bb<\/p>\n<p>D\u00e9non\u00e7ant des \u00ab\u200apropos particuli\u00e8rement graves, n\u2019ayant aucune place dans une d\u00e9mocratie\u200a\u00bb, <a href=\"https:\/\/www.leprogres.fr\/faits-divers-justice\/2025\/03\/18\/l-influenceuse-franco-algerienne-au-tribunal-des-expressions-anodines\" target=\"_blank\" rel=\"nofollow noopener\">le procureur avait requis un an de prison avec sursis contre Sofia Benlemmane<\/a>. \u00c0 l\u2019audience, elle avait affirm\u00e9 que le mot \u00ab\u200atuer\u200a\u00bb n\u2019est qu\u2019une \u00ab\u200aexpression anodine\u200a\u00bb tout comme sa phrase \u00ab\u200aAu diable les juifs\u200a\u00bb, sur TikTok.<\/p>\n<p>Une pr\u00e9c\u00e9dente condamnation en 2001<\/p>\n<p>Sofia Benlemmane avait d\u00e9j\u00e0 \u00e9t\u00e9 condamn\u00e9e par la justice il y a plus de vingt ans. En effet, le 6\u00a0octobre 2001, elle \u00e9tait la premi\u00e8re personne \u00e0 s\u2019introduire <a href=\"https:\/\/www.leprogres.fr\/faits-divers-justice\/2025\/01\/09\/elle-avait-provoque-l-arret-du-match-france-algerie-en-2001-le-parcours-singulier-de-l-influenceuse-sofia-benlemmane-placee-en-garde-a-vue-ce-jeudi\" target=\"_blank\" rel=\"nofollow noopener\">sur la pelouse du Stade de France lors du match de football France-Alg\u00e9rie<\/a>. Suivie par des dizaines de supporters alg\u00e9riens, son action avait provoqu\u00e9 l\u2019arr\u00eat d\u00e9finitif de la rencontre. Quelques semaines plus tard, le tribunal correctionnel de Bobigny l\u2019avait condamn\u00e9e \u00e0 sept mois de prison avec sursis, 1\u200a524\u00a0euros d\u2019amende et trois ans d\u2019interdiction de stade.<\/p>\n","protected":false},"excerpt":{"rendered":"\u00c0 la suite du proc\u00e8s devant le tribunal correctionnel de Lyon le 18\u00a0mars, Sofia Benlemmane, Franco-Alg\u00e9rienne quinquag\u00e9naire, a&hellip;\n","protected":false},"author":2,"featured_media":27554,"comment_status":"","ping_status":"","sticky":false,"template":"","format":"standard","meta":{"footnotes":""},"categories":[1889],"tags":[1111,11,2430,3152,2757,1777,674,274,107,1011,27,2428,12,25,2429],"class_list":{"0":"post-27553","1":"post","2":"type-post","3":"status-publish","4":"format-standard","5":"has-post-thumbnail","7":"category-lyon","8":"tag-actu","9":"tag-actualites","10":"tag-auvergne-rhone-alpes","11":"tag-edition-est-lyonnais","12":"tag-edition-lyon-villeurbanne","13":"tag-eu","14":"tag-europe","15":"tag-faits-divers-justice","16":"tag-fil-info","17":"tag-fr","18":"tag-france","19":"tag-lyon","20":"tag-news","21":"tag-republique-francaise","22":"tag-rhone"},"share_on_mastodon":{"url":"https:\/\/pubeurope.com\/@fr\/114343961206641488","error":""},"_links":{"self":[{"href":"https:\/\/www.europesays.com\/fr\/wp-json\/wp\/v2\/posts\/27553","targetHints":{"allow":["GET"]}}],"collection":[{"href":"https:\/\/www.europesays.com\/fr\/wp-json\/wp\/v2\/posts"}],"about":[{"href":"https:\/\/www.europesays.com\/fr\/wp-json\/wp\/v2\/types\/post"}],"author":[{"embeddable":true,"href":"https:\/\/www.europesays.com\/fr\/wp-json\/wp\/v2\/users\/2"}],"replies":[{"embeddable":true,"href":"https:\/\/www.europesays.com\/fr\/wp-json\/wp\/v2\/comments?post=27553"}],"version-history":[{"count":0,"href":"https:\/\/www.europesays.com\/fr\/wp-json\/wp\/v2\/posts\/27553\/revisions"}],"wp:featuredmedia":[{"embeddable":true,"href":"https:\/\/www.europesays.com\/fr\/wp-json\/wp\/v2\/media\/27554"}],"wp:attachment":[{"href":"https:\/\/www.europesays.com\/fr\/wp-json\/wp\/v2\/media?parent=27553"}],"wp:term":[{"taxonomy":"category","embeddable":true,"href":"https:\/\/www.europesays.com\/fr\/wp-json\/wp\/v2\/categories?post=27553"},{"taxonomy":"post_tag","embeddable":true,"href":"https:\/\/www.europesays.com\/fr\/wp-json\/wp\/v2\/tags?post=27553"}],"curies":[{"name":"wp","href":"https:\/\/api.w.org\/{rel}","templated":true}]}}