{"id":275531,"date":"2025-07-26T16:08:10","date_gmt":"2025-07-26T16:08:10","guid":{"rendered":"https:\/\/www.europesays.com\/fr\/275531\/"},"modified":"2025-07-26T16:08:10","modified_gmt":"2025-07-26T16:08:10","slug":"lol-monte-en-puissance-en-allemagne-face-a-hambourg-4-0","status":"publish","type":"post","link":"https:\/\/www.europesays.com\/fr\/275531\/","title":{"rendered":"L\u2019OL monte en puissance en Allemagne face \u00e0 Hambourg (4-0)"},"content":{"rendered":"<p itemprop=\"description\"><strong>En d\u00e9placement \u00e0 Hambourg pour son troisi\u00e8me match de pr\u00e9paration estivale, l\u2019Olympique lyonnais a sign\u00e9 une prestation aboutie et s\u2019est impos\u00e9 4-0, ce samedi 26 juillet.<\/strong><\/p>\n<p data-start=\"1519\" data-end=\"1865\">Apr\u00e8s deux sorties timides, l\u2019Olympique lyonnais a sign\u00e9 un succ\u00e8s convaincant contre Hambourg ce samedi en Allemagne. Le match, disput\u00e9 en deux mi-temps de 60 minutes, a permis \u00e0\u00a0<strong>Paulo Fonseca<\/strong> de tester son \u00e9quipe-type en premi\u00e8re p\u00e9riode, puis de lancer de nombreux jeunes apr\u00e8s la pause.<\/p>\n<p data-start=\"1867\" data-end=\"2190\">D\u00e8s l\u2019entame, les Lyonnais ont subi le pressing allemand, mais c\u2019est bien <strong>Malick Fofana<\/strong> qui a ouvert le score d\u2019une frappe puissante \u00e0 la 11e minute. Tr\u00e8s en vue, le jeune belge a \u00e9t\u00e9 impliqu\u00e9 sur plusieurs actions chaudes, dont le troisi\u00e8me but lyonnais sign\u00e9 Mikautadze (43e), apr\u00e8s une combinaison collective de qualit\u00e9.<\/p>\n<p data-start=\"2192\" data-end=\"2468\">Entre-temps, <strong>Ainsley Maitland-Niles<\/strong> avait doubl\u00e9 la mise (35e) sur une ouverture de <strong>Tolisso<\/strong>, auteur d\u2019un match plein au milieu. <strong>R\u00e9my Descamps<\/strong> s\u2019est illustr\u00e9 par une belle parade sur coup franc (47e), avant une longue phase de possession conclue par plusieurs occasions nettes.<\/p>\n<p data-start=\"2470\" data-end=\"2749\">\u00c0 la reprise, Paulo Fonseca a proc\u00e9d\u00e9 \u00e0 onze changements, laissant la place aux jeunes pousses. Les recrues <strong>Afonso Moreira<\/strong> et <strong>Justin Kluivert<\/strong> ont fait leurs d\u00e9buts. C\u2019est justement Moreira qui a inscrit le quatri\u00e8me but (99e), servi par Gomes Rodriguez apr\u00e8s un pressing gagnant.<\/p>\n<p data-start=\"2751\" data-end=\"2981\">Malgr\u00e9 la jeunesse de l\u2019\u00e9quipe align\u00e9e en deuxi\u00e8me p\u00e9riode, l\u2019OL a continu\u00e9 \u00e0 dominer, avant de g\u00e9rer la fin de match sans encaisser.\u00a0<\/p>\n","protected":false},"excerpt":{"rendered":"En d\u00e9placement \u00e0 Hambourg pour son troisi\u00e8me match de pr\u00e9paration estivale, l\u2019Olympique lyonnais a sign\u00e9 une prestation aboutie&hellip;\n","protected":false},"author":2,"featured_media":275532,"comment_status":"","ping_status":"","sticky":false,"template":"","format":"standard","meta":{"footnotes":""},"categories":[1587],"tags":[1111,11,672,2813,1109,1804,1805,1112,1803,1777,674,2257,1801,1922,1110,1114,2851,12,241,1802,517],"class_list":{"0":"post-275531","1":"post","2":"type-post","3":"status-publish","4":"format-standard","5":"has-post-thumbnail","7":"category-allemagne","8":"tag-actu","9":"tag-actualites","10":"tag-allemagne","11":"tag-article","12":"tag-breves","13":"tag-bundesrepublik-deutschland","14":"tag-de","15":"tag-depeches","16":"tag-deutschland","17":"tag-eu","18":"tag-europe","19":"tag-foot","20":"tag-germany","21":"tag-info","22":"tag-informations","23":"tag-infos","24":"tag-lyonfoot","25":"tag-news","26":"tag-ol","27":"tag-republique-federale-dallemagne","28":"tag-sport"},"share_on_mastodon":{"url":"https:\/\/pubeurope.com\/@fr\/114920403968091299","error":""},"_links":{"self":[{"href":"https:\/\/www.europesays.com\/fr\/wp-json\/wp\/v2\/posts\/275531","targetHints":{"allow":["GET"]}}],"collection":[{"href":"https:\/\/www.europesays.com\/fr\/wp-json\/wp\/v2\/posts"}],"about":[{"href":"https:\/\/www.europesays.com\/fr\/wp-json\/wp\/v2\/types\/post"}],"author":[{"embeddable":true,"href":"https:\/\/www.europesays.com\/fr\/wp-json\/wp\/v2\/users\/2"}],"replies":[{"embeddable":true,"href":"https:\/\/www.europesays.com\/fr\/wp-json\/wp\/v2\/comments?post=275531"}],"version-history":[{"count":0,"href":"https:\/\/www.europesays.com\/fr\/wp-json\/wp\/v2\/posts\/275531\/revisions"}],"wp:featuredmedia":[{"embeddable":true,"href":"https:\/\/www.europesays.com\/fr\/wp-json\/wp\/v2\/media\/275532"}],"wp:attachment":[{"href":"https:\/\/www.europesays.com\/fr\/wp-json\/wp\/v2\/media?parent=275531"}],"wp:term":[{"taxonomy":"category","embeddable":true,"href":"https:\/\/www.europesays.com\/fr\/wp-json\/wp\/v2\/categories?post=275531"},{"taxonomy":"post_tag","embeddable":true,"href":"https:\/\/www.europesays.com\/fr\/wp-json\/wp\/v2\/tags?post=275531"}],"curies":[{"name":"wp","href":"https:\/\/api.w.org\/{rel}","templated":true}]}}