{"id":275533,"date":"2025-07-26T16:09:10","date_gmt":"2025-07-26T16:09:10","guid":{"rendered":"https:\/\/www.europesays.com\/fr\/275533\/"},"modified":"2025-07-26T16:09:10","modified_gmt":"2025-07-26T16:09:10","slug":"apres-la-guerre-avec-israel-teheran-tente-de-relancer-les-discussions-sur-le-nucleaire-avec-leurope","status":"publish","type":"post","link":"https:\/\/www.europesays.com\/fr\/275533\/","title":{"rendered":"Apr\u00e8s la guerre avec Isra\u00ebl, T\u00e9h\u00e9ran tente de relancer les discussions sur le nucl\u00e9aire avec l\u2019Europe"},"content":{"rendered":"\n<p>Des n\u00e9gociations se sont tenues entre l\u2019Iran et les \u00e9missaires fran\u00e7ais, britanniques et allemands \u00e0 Istanbul vendredi 25\u00a0juillet. Il s\u2019agit de la premi\u00e8re r\u00e9union entre T\u00e9h\u00e9ran et les\u00a0Occidentaux depuis les frappes isra\u00e9liennes et am\u00e9ricaines qui ont vis\u00e9, mi-juin, des sites nucl\u00e9aires et militaires en Iran.<\/p>\n<p>La R\u00e9publique islamique accuse les Europ\u00e9ens d\u2019avoir fait pression sur l\u2019Agence internationale de l\u2019\u00e9nergie atomique (AIEA) pour qu\u2019elle publie un rapport sur le programme nucl\u00e9aire iranien le 12\u00a0juin dernier. Selon le r\u00e9gime des mollahs, ce rapport \u2013 accusant l\u2019Iran de violer ses engagements en mati\u00e8re d\u2019enrichissement de l\u2019uranium \u2013 a ouvert la voie aux attaques contre son programme nucl\u00e9aire.<\/p>\n<p>De leur c\u00f4t\u00e9, les trois pays, qui avaient conclu avec les \u00c9tats-Unis mais aussi la Russie et la Chine un accord sur le nucl\u00e9aire iranien en 2015, accusent T\u00e9h\u00e9ran de ne pas avoir respect\u00e9 ses engagements et ont menac\u00e9 de r\u00e9tablir des sanctions contre le pays en vertu d\u2019une clause pr\u00e9vue par ledit accord qui expire en octobre. Un sc\u00e9nario que l\u2019Iran cherche \u00e0 \u00e9viter \u00e0 tout prix.<\/p>\n<p> Vers un retour de la diplomatie\u00a0? <\/p>\n<p>\u00c0 l\u2019issue des discussions \u00e0 Istanbul, la R\u00e9publique islamique a affirm\u00e9 avoir eu une discussion \u201cfranche et approfondie\u201d et s\u2019\u00eatre entendue avec l\u2019Europe pour \u201cpoursuivre\u201d le<\/p>\n","protected":false},"excerpt":{"rendered":"Des n\u00e9gociations se sont tenues entre l\u2019Iran et les \u00e9missaires fran\u00e7ais, britanniques et allemands \u00e0 Istanbul vendredi 25\u00a0juillet.&hellip;\n","protected":false},"author":2,"featured_media":275534,"comment_status":"","ping_status":"","sticky":false,"template":"","format":"standard","meta":{"footnotes":""},"categories":[1586],"tags":[11,1777,674,1011,27,1892,3019,3257,12,22376,25],"class_list":{"0":"post-275533","1":"post","2":"type-post","3":"status-publish","4":"format-standard","5":"has-post-thumbnail","7":"category-europe","8":"tag-actualites","9":"tag-eu","10":"tag-europe","11":"tag-fr","12":"tag-france","13":"tag-gu00e9opolitique","14":"tag-iran","15":"tag-moyen-orient","16":"tag-news","17":"tag-nuclu00e9aire-iranien","18":"tag-republique-francaise"},"share_on_mastodon":{"url":"https:\/\/pubeurope.com\/@fr\/114920407978391322","error":""},"_links":{"self":[{"href":"https:\/\/www.europesays.com\/fr\/wp-json\/wp\/v2\/posts\/275533","targetHints":{"allow":["GET"]}}],"collection":[{"href":"https:\/\/www.europesays.com\/fr\/wp-json\/wp\/v2\/posts"}],"about":[{"href":"https:\/\/www.europesays.com\/fr\/wp-json\/wp\/v2\/types\/post"}],"author":[{"embeddable":true,"href":"https:\/\/www.europesays.com\/fr\/wp-json\/wp\/v2\/users\/2"}],"replies":[{"embeddable":true,"href":"https:\/\/www.europesays.com\/fr\/wp-json\/wp\/v2\/comments?post=275533"}],"version-history":[{"count":0,"href":"https:\/\/www.europesays.com\/fr\/wp-json\/wp\/v2\/posts\/275533\/revisions"}],"wp:featuredmedia":[{"embeddable":true,"href":"https:\/\/www.europesays.com\/fr\/wp-json\/wp\/v2\/media\/275534"}],"wp:attachment":[{"href":"https:\/\/www.europesays.com\/fr\/wp-json\/wp\/v2\/media?parent=275533"}],"wp:term":[{"taxonomy":"category","embeddable":true,"href":"https:\/\/www.europesays.com\/fr\/wp-json\/wp\/v2\/categories?post=275533"},{"taxonomy":"post_tag","embeddable":true,"href":"https:\/\/www.europesays.com\/fr\/wp-json\/wp\/v2\/tags?post=275533"}],"curies":[{"name":"wp","href":"https:\/\/api.w.org\/{rel}","templated":true}]}}