{"id":275535,"date":"2025-07-26T16:10:12","date_gmt":"2025-07-26T16:10:12","guid":{"rendered":"https:\/\/www.europesays.com\/fr\/275535\/"},"modified":"2025-07-26T16:10:12","modified_gmt":"2025-07-26T16:10:12","slug":"orban-menace-de-ne-pas-voter-le-budget-de-lue-si-les-fonds-geles-ne-sont-pas-debloques-26-07-2025-a-1228","status":"publish","type":"post","link":"https:\/\/www.europesays.com\/fr\/275535\/","title":{"rendered":"Orban menace de ne pas voter le budget de l&rsquo;UE si les fonds gel\u00e9s ne sont pas d\u00e9bloqu\u00e9s &#8211; 26\/07\/2025 \u00e0 12:28"},"content":{"rendered":"<p>        <img fetchpriority=\"high\" decoding=\"async\" src=\"https:\/\/www.europesays.com\/fr\/wp-content\/uploads\/2025\/07\/02b11f2380284026e84a7d2a655ef835-760x507.jpg\" alt=\"Le Premier ministre hongrois Viktor Orb\u00e1n s'adresse aux m\u00e9dias alors qu'il participe au sommet des dirigeants de l'Union Europ\u00e9enne \u00e0 Bruxelles, en Belgique\" loading=\"eager\" width=\"760\" height=\"507\" style=\"max-width: 100%!important; height: auto;\"\/><\/p>\n<p class=\"c-image-news__legend\">Le Premier ministre hongrois Viktor Orb\u00e1n s&rsquo;adresse aux m\u00e9dias alors qu&rsquo;il participe au sommet des dirigeants de l&rsquo;Union Europ\u00e9enne \u00e0 Bruxelles, en Belgique<\/p>\n<p>\n Le Premier ministre hongrois Viktor Orban a d\u00e9clar\u00e9 samedi que son gouvernement ne soutiendrait pas le prochain budget pluriannuel de l&rsquo;Union europ\u00e9enne tant que Bruxelles ne d\u00e9bloquera pas l&rsquo;ensemble des fonds europ\u00e9ens gel\u00e9s.\n<\/p>\n<p>\n \u00ab\u00a0L&rsquo;approbation du nouveau budget de sept ans n\u00e9cessite l&rsquo;unanimit\u00e9 et tant que nous n&rsquo;aurons pas r\u00e9cup\u00e9r\u00e9 les fonds restants, il n&rsquo;y aura pas de nouveau budget europ\u00e9en\u00a0\u00bb, a affirm\u00e9 Viktor Orban lors d&rsquo;un discours \u00e0 l&rsquo;universit\u00e9 d&rsquo;\u00e9t\u00e9 de Baile Tusnad, en Transylvanie roumaine, o\u00f9 r\u00e9side une importante communaut\u00e9 magyare.\n<\/p>\n<p>\n Depuis quinze ans, le dirigeant nationaliste est en conflit avec Bruxelles sur ses politiques migratoires, la restriction des droits LGBTQ et ce que ses d\u00e9tracteurs qualifient d&rsquo;\u00e9rosion de la d\u00e9mocratie en Hongrie. L&rsquo;Union europ\u00e9enne a suspendu plusieurs milliards d&rsquo;euros de fonds destin\u00e9s \u00e0 Budapest dans le cadre d&rsquo;un diff\u00e9rend sur l&rsquo;\u00c9tat de droit.\n<\/p>\n<p>\n Viktor Orban a \u00e9galement accus\u00e9 l&rsquo;UE de vouloir installer un \u00ab\u00a0gouvernement pro-Ukraine et pro-Bruxelles\u00a0\u00bb en Hongrie lors des \u00e9lections nationales de l&rsquo;an prochain.\n<\/p>\n<p>\n Selon lui, la direction actuelle de l&rsquo;Union m\u00e8ne le bloc vers une guerre commerciale que l&rsquo;Europe \u00ab\u00a0ne peut pas gagner\u00a0\u00bb. \u00ab\u00a0La direction actuelle de l&rsquo;UE sera toujours la derni\u00e8re \u00e0 signer des accords avec les \u00c9tats-Unis, et toujours les plus mauvais accords\u00a0\u00bb, a-t-il ajout\u00e9, appelant \u00e0 un changement de leadership.\n<\/p>\n<p>\n La pr\u00e9sidente de la Commission europ\u00e9enne Ursula von der Leyen doit rencontrer le pr\u00e9sident am\u00e9ricain Donald Trump dimanche en \u00c9cosse, alors que des responsables europ\u00e9ens esp\u00e8rent conclure un accord-cadre commercial ce week-end.\n<\/p>\n<p>\n D\u00e9but juillet, la Commission europ\u00e9enne a propos\u00e9 un budget de 2.000 milliards d&rsquo;euros pour la p\u00e9riode 2028-2034, avec un accent mis sur la comp\u00e9titivit\u00e9 \u00e9conomique et la d\u00e9fense.\n<\/p>\n<p>\n Viktor Orban accuse les \u00ab\u00a0bureaucrates mondialistes\u00a0\u00bb de vouloir \u00ab\u00a0aspirer l&rsquo;argent de l&rsquo;Europe vers l&rsquo;Ukraine\u00a0\u00bb, tandis que \u00ab\u00a0nos agriculteurs se l\u00e8vent pour d\u00e9fendre leur avenir\u00a0\u00bb.\n<\/p>\n<p>\n Les n\u00e9gociations budg\u00e9taires figurent parmi les plus sensibles au sein de l&rsquo;UE, r\u00e9v\u00e9lant les clivages politiques et \u00e9conomiques entre \u00c9tats membres.\n<\/p>\n<p>\n Vainqueur des quatre derni\u00e8res \u00e9lections, Orban fait face \u00e0 un nouvel adversaire de poids en 2026. Le parti Tisza, dirig\u00e9 par son principal rival, devance le Fidesz dans la plupart des sondages, sur fond de stagnation \u00e9conomique.\n<\/p>\n<p>\n Viktor Orban s&rsquo;est toutefois montr\u00e9 confiant ce dimanche, affirmant que selon les donn\u00e9es internes de son parti, le Fidesz l&#8217;emporterait dans 80 des 106 circonscriptions si les \u00e9lections avaient lieu dimanche.\n<\/p>\n<p>\n (Krisztina Than;:; version fran\u00e7aise Nicolas Delame)<\/p>\n","protected":false},"excerpt":{"rendered":"Le Premier ministre hongrois Viktor Orb\u00e1n s&rsquo;adresse aux m\u00e9dias alors qu&rsquo;il participe au sommet des dirigeants de l&rsquo;Union&hellip;\n","protected":false},"author":2,"featured_media":275536,"comment_status":"","ping_status":"","sticky":false,"template":"","format":"standard","meta":{"footnotes":""},"categories":[1586],"tags":[400,11,398,408,405,1777,674,1779,1011,27,403,402,399,404,12,25,401,406,1778,364,407],"class_list":{"0":"post-275535","1":"post","2":"type-post","3":"status-publish","4":"format-standard","5":"has-post-thumbnail","7":"category-europe","8":"tag-action-cac-40","9":"tag-actualites","10":"tag-bourse-de-paris","11":"tag-boursorama","12":"tag-cotations","13":"tag-eu","14":"tag-europe","15":"tag-european-union","16":"tag-fr","17":"tag-france","18":"tag-indices-devises","19":"tag-investir","20":"tag-investissement","21":"tag-marche-boursier","22":"tag-news","23":"tag-republique-francaise","24":"tag-sicav","25":"tag-trackers","26":"tag-ue","27":"tag-union-europeenne","28":"tag-warrants"},"share_on_mastodon":{"url":"https:\/\/pubeurope.com\/@fr\/114920411919997341","error":""},"_links":{"self":[{"href":"https:\/\/www.europesays.com\/fr\/wp-json\/wp\/v2\/posts\/275535","targetHints":{"allow":["GET"]}}],"collection":[{"href":"https:\/\/www.europesays.com\/fr\/wp-json\/wp\/v2\/posts"}],"about":[{"href":"https:\/\/www.europesays.com\/fr\/wp-json\/wp\/v2\/types\/post"}],"author":[{"embeddable":true,"href":"https:\/\/www.europesays.com\/fr\/wp-json\/wp\/v2\/users\/2"}],"replies":[{"embeddable":true,"href":"https:\/\/www.europesays.com\/fr\/wp-json\/wp\/v2\/comments?post=275535"}],"version-history":[{"count":0,"href":"https:\/\/www.europesays.com\/fr\/wp-json\/wp\/v2\/posts\/275535\/revisions"}],"wp:featuredmedia":[{"embeddable":true,"href":"https:\/\/www.europesays.com\/fr\/wp-json\/wp\/v2\/media\/275536"}],"wp:attachment":[{"href":"https:\/\/www.europesays.com\/fr\/wp-json\/wp\/v2\/media?parent=275535"}],"wp:term":[{"taxonomy":"category","embeddable":true,"href":"https:\/\/www.europesays.com\/fr\/wp-json\/wp\/v2\/categories?post=275535"},{"taxonomy":"post_tag","embeddable":true,"href":"https:\/\/www.europesays.com\/fr\/wp-json\/wp\/v2\/tags?post=275535"}],"curies":[{"name":"wp","href":"https:\/\/api.w.org\/{rel}","templated":true}]}}