{"id":275543,"date":"2025-07-26T16:15:09","date_gmt":"2025-07-26T16:15:09","guid":{"rendered":"https:\/\/www.europesays.com\/fr\/275543\/"},"modified":"2025-07-26T16:15:09","modified_gmt":"2025-07-26T16:15:09","slug":"mondial-de-volley-u19-la-tunisie-battue-par-liran-mosaiquefm-net","status":"publish","type":"post","link":"https:\/\/www.europesays.com\/fr\/275543\/","title":{"rendered":"Mondial de volley U19: La Tunisie battue par l&#039;Iran &#8211; mosaiquefm.net"},"content":{"rendered":"<ol>\n<li><a href=\"https:\/\/news.google.com\/rss\/articles\/CBMioAFBVV95cUxNR2Q5cG9ZcnFXaFYtUnYzd1lmdkRVR21tbWZNQTY3NXFneDNHeDlZaWtCV0w3TjRoUjE1R24xelkxXzFGTkczZTB4aS10Nk9tbHRzMkhXb0ZOLWVUaGpGY0pDRmg0clM3aW4xczRsU2JrNjZqdnMyWnRUYnVPdTktUW9Xa2c5YmFZNWc2RFZmR3NVZkRHNmNOVW9nRmhPTTc2?oc=5\" target=\"_blank\" rel=\"nofollow noopener\">Mondial de volley U19: La Tunisie battue par l&rsquo;Iran<\/a>&nbsp;&nbsp;mosaiquefm.net<\/li>\n<li><a href=\"https:\/\/news.google.com\/rss\/articles\/CBMizgFBVV95cUxNNHQwdThzWDZta0p1LTFNMHU1N0dLdFhJcXZqbXJEWGt6ZG5YbHY5cUdJTWIzOTNac01PYjFkS1V0Y1VEMVBGaFg4cE1RZVNiVGdTRGxOQ3FHdFQtbU4wdDBvWExzdGRHRUkzRmczcTU3QkJmZFQ0dUl4R2ZYeVh4YU1xMUR1dDd5SExxVDYydDc3RmJLa01yNGU1VlF3clhvVEZ0VGFaOThvd2xyS192Mmt3dEJaNi1EZ2UzT3prRm1JY0ZCMEdJR3pqdkNaZw?oc=5\" target=\"_blank\" rel=\"nofollow noopener\">\u00ab \u00c7a montre que le travail paie \u00bb : le Marl\u00e9sien Adelin Nowaczyk s\u00e9lectionn\u00e9 pour les Mondiaux U19 de volley<\/a>&nbsp;&nbsp;Nord Littoral<\/li>\n<li><a href=\"https:\/\/news.google.com\/rss\/articles\/CBMi6wFBVV95cUxPSmF3am1kYW1MZHYzX2FQX2sxOXhUMUZSVjlWd2dUOVJHYkdILS1sTm1mOEl6WHZOR05zUVhhSTcxaDBOelVjYVQtVHI3aVUtVGdHTVp4TThBZmdTMm5FcU5YUks1aEdDd0drbUZNYkVZY1lqZ1Z1YzhRR3lZNmwyVm9vanRfbWJPbFVZbDROOHl1TVE1b285alZYNGVQRlNTbzhGWHlMSlpFaFE2cWZ6eVh5eVBmWkgwa3NGMVg0UVRQOXRYU3NEUlpUeXVwU2Jwamw2SEFyMkpRVU8tWVk4dGpPdWItNFNOaHBj?oc=5\" target=\"_blank\" rel=\"nofollow noopener\">Volley-ball : D\u00e9faite de la s\u00e9lection tunisienne U19 \u00e0 son premier match au championnat du Monde 2025<\/a>&nbsp;&nbsp;Kawarji.com<\/li>\n<li><a href=\"https:\/\/news.google.com\/rss\/articles\/CBMi9wFBVV95cUxOcmxySDdjNnVBXzJQaHhmUy15SUVOY2lhMjB2ZmZLZDMtZ25aS0ZMdHUyV0ZFbFJVOWhuQ2pQY1NoSm1rOG90dzJYSm5GOEcyLXd1UVBQS0NsXzlOUXhHaUxJazctWlFNbm1PNnFzaU9nb19tUXBBMGJrT3JERXctRGZOM2dxS2xPdEw2WFZZS1hEVVVKOGpESjF2LWxjX1hqVmJoeE12d0xKY3BadzNyc2dTSjJld2tDRTBXTmliejVqU3hnaER0Z21lMU5jVlc5ZnpIM3lXNU1scTlLejByMVhXeU0wdjBqaHAzbGpadHhDemlReHJN?oc=5\" target=\"_blank\" rel=\"nofollow noopener\">Volleyball &#8211; Championnat du monde U19 &#8211; Aboubakeur Cheniti, s\u00e9lectionneur national : \u00abR\u00e9aliser un parcours honorable \u00e0 Tachkent\u00bb<\/a>&nbsp;&nbsp;El Moudjahid<\/li>\n<li><a href=\"https:\/\/news.google.com\/rss\/articles\/CBMiuwFBVV95cUxPN3N4NE9XUmUwR2tYMjRiVzlCOXNxR1VyNHFVQXdDeWhNVEdkRzlCNnJVLXo1Um43d2UtVEJfWHBycFJCVU84NGhpOVVldjNka3hwLV9QRzlpb09YbWhoVmJidEFxOWp6aGpGWVZXZmRkaEc2a2ktdlJOTXNLT3pfMjBsUkJoa2hHSWRTTXptNlNhMFAtN1hGVG4tN084aXFad3BSLTNLR2NUMHdkTFVzZUtkdTNsMk5HUGFn0gHAAUFVX3lxTE5EeXludC05ZEFyTm5wekZMUFFzX01uRmJwbmtLMU1pRDdFR3JOckwxWUZkNEc1QXV1MDFYV29TcHFESFJsY2U5V1Q2LUdTTThHRzRZcENCeW9SS2Fva1ZCMTJOX2IwWEVoWUpkdm51R1BreGh2WVJxQ0VucUJ3NEZsY0NQeFBNOEFqT1o4OHBnVzBNMXhyMUstdGlGR3cxdXJmb0JrdVZVTnhiYjFCWEllQ21ZZlhjMWx0YVh1Rk9kdg?oc=5\" target=\"_blank\" rel=\"nofollow noopener\">Volley \u2013 Mondial masculin U19 : sur quelle chaine et \u00e0 quelle heure suivre Tunisie \u2013 \u00c9gypte ?<\/a>&nbsp;&nbsp;Tunisie numerique<\/li>\n<\/ol>\n","protected":false},"excerpt":{"rendered":"Mondial de volley U19: La Tunisie battue par l&rsquo;Iran&nbsp;&nbsp;mosaiquefm.net \u00ab \u00c7a montre que le travail paie \u00bb :&hellip;\n","protected":false},"author":2,"featured_media":275544,"comment_status":"","ping_status":"","sticky":false,"template":"","format":"standard","meta":{"footnotes":""},"categories":[1417],"tags":[1011,27,60,1470,1469],"class_list":{"0":"post-275543","1":"post","2":"type-post","3":"status-publish","4":"format-standard","5":"has-post-thumbnail","7":"category-volley","8":"tag-fr","9":"tag-france","10":"tag-sports","11":"tag-volley","12":"tag-volleyball"},"share_on_mastodon":{"url":"https:\/\/pubeurope.com\/@fr\/114920431939762684","error":""},"_links":{"self":[{"href":"https:\/\/www.europesays.com\/fr\/wp-json\/wp\/v2\/posts\/275543","targetHints":{"allow":["GET"]}}],"collection":[{"href":"https:\/\/www.europesays.com\/fr\/wp-json\/wp\/v2\/posts"}],"about":[{"href":"https:\/\/www.europesays.com\/fr\/wp-json\/wp\/v2\/types\/post"}],"author":[{"embeddable":true,"href":"https:\/\/www.europesays.com\/fr\/wp-json\/wp\/v2\/users\/2"}],"replies":[{"embeddable":true,"href":"https:\/\/www.europesays.com\/fr\/wp-json\/wp\/v2\/comments?post=275543"}],"version-history":[{"count":0,"href":"https:\/\/www.europesays.com\/fr\/wp-json\/wp\/v2\/posts\/275543\/revisions"}],"wp:featuredmedia":[{"embeddable":true,"href":"https:\/\/www.europesays.com\/fr\/wp-json\/wp\/v2\/media\/275544"}],"wp:attachment":[{"href":"https:\/\/www.europesays.com\/fr\/wp-json\/wp\/v2\/media?parent=275543"}],"wp:term":[{"taxonomy":"category","embeddable":true,"href":"https:\/\/www.europesays.com\/fr\/wp-json\/wp\/v2\/categories?post=275543"},{"taxonomy":"post_tag","embeddable":true,"href":"https:\/\/www.europesays.com\/fr\/wp-json\/wp\/v2\/tags?post=275543"}],"curies":[{"name":"wp","href":"https:\/\/api.w.org\/{rel}","templated":true}]}}