{"id":275547,"date":"2025-07-26T16:17:11","date_gmt":"2025-07-26T16:17:11","guid":{"rendered":"https:\/\/www.europesays.com\/fr\/275547\/"},"modified":"2025-07-26T16:17:11","modified_gmt":"2025-07-26T16:17:11","slug":"garcia-et-royer-recoivent-une-invitation","status":"publish","type":"post","link":"https:\/\/www.europesays.com\/fr\/275547\/","title":{"rendered":"Garcia et Royer re\u00e7oivent une invitation"},"content":{"rendered":"<p class=\"date\">\n                                                            Aur\u00e9lie Sacchelli, Media365, publi\u00e9 le samedi 26 juillet 2025 \u00e0 15h55\n                                                    <\/p>\n<p>En vertu de l&rsquo;accord de r\u00e9ciprocit\u00e9 entre les F\u00e9d\u00e9ration fran\u00e7aise et am\u00e9ricaine de tennis, la FFT a d\u00e9cid\u00e9 d&rsquo;attribuer une wild-card \u00e0 Caroline Garcia et Valentin Royer pour le prochain US Open.<\/p>\n<p>En mai dernier, les Am\u00e9ricains Iva Jovic et Emilio Nava avaient re\u00e7u des invitations de la part de leur F\u00e9d\u00e9ration pour entrer directement dans le tableau de Roland-Garros. Deux mois plus tard, en vertu de l&rsquo;accord de r\u00e9ciprocit\u00e9 en vigueur entre les F\u00e9d\u00e9rations am\u00e9ricaine et fran\u00e7aise de tennis, c&rsquo;est au tour de la FFT de d\u00e9livrer deux wild-cards pour l&rsquo;US Open. Et les heureux \u00e9lus se nomment Caroline Garcia et Valentin Royer ! Pour le dernier tournoi du Grand Chelem de sa carri\u00e8re, la Lyonnaise de 31 ans n&rsquo;aura donc pas besoin de passer par les qualifications. Retomb\u00e9e au 197e rang mondial, l&rsquo;ancienne gagnante du Masters WTA avait annonc\u00e9 juste avant Roland-Garros qu&rsquo;elle prendrait sa retraite en fin de saison. Perturb\u00e9e par des douleurs au dos, Garcia a d\u00fb renoncer aux qualifications de Wimbledon et n&rsquo;a pas rejou\u00e9 depuis son \u00e9limination au premier tour Porte d&rsquo;Auteuil. <strong>Mari\u00e9e depuis la semaine derni\u00e8re, elle n&rsquo;est \u00e0 ce jour inscrite dans aucun tournoi avant l&rsquo;US Open, qui sera donc son 53e et dernier tournoi du Grand Chelem.<\/strong> Un tournoi o\u00f9 elle avait obtenu son meilleur r\u00e9sultat en atteignant les demi-finales en 2022, ann\u00e9e de sa victoire au Masters. Passer un tour cette ann\u00e9e serait d\u00e9j\u00e0 une belle performance.<\/p>\n<p>Royer r\u00e9compens\u00e9 de sa belle saison<\/p>\n<p>Valentin Royer, quant \u00e0 lui, n&rsquo;en est qu&rsquo;au d\u00e9but de sa carri\u00e8re et va prendre part \u00e0 son tout premier US Open, lui qui avait \u00e9t\u00e9 \u00e9limin\u00e9 au dernier tour des qualifications l&rsquo;an pass\u00e9. Class\u00e9 au 113e rang mondial cette semaine (il a \u00e9t\u00e9 au mieux 108e, il y a deux semaines),<strong> le joueur de 24 ans vit sa plus belle saison (il \u00e9tait 197e d\u00e9but janvier), avec notamment deux victoire et deux finales en Challenger, et un deuxi\u00e8me tour \u00e0 Wimbledon<\/strong>, apr\u00e8s avoir b\u00e9n\u00e9fici\u00e9 de l&rsquo;abandon de Stefanos Tsitsipas au premier. Pr\u00e9sent ce week-end <a href=\"https:\/\/sports.orange.fr\/tennis\/atp\/article\/atp-toronto-un-coup-a-jouer-pour-les-francais-CNT000002jKqme.html\" rel=\"nofollow noopener\" target=\"_blank\">aux qualifications \u00e0 Toronto<\/a>, il a de bonnes chances d&rsquo;\u00eatre le prochain nouveau Fran\u00e7ais \u00e0 d\u00e9couvrir le Top 100.<\/p>\n","protected":false},"excerpt":{"rendered":"Aur\u00e9lie Sacchelli, Media365, publi\u00e9 le samedi 26 juillet 2025 \u00e0 15h55 En vertu de l&rsquo;accord de r\u00e9ciprocit\u00e9 entre&hellip;\n","protected":false},"author":2,"featured_media":275548,"comment_status":"","ping_status":"","sticky":false,"template":"","format":"standard","meta":{"footnotes":""},"categories":[1415],"tags":[1011,27,60,1467],"class_list":{"0":"post-275547","1":"post","2":"type-post","3":"status-publish","4":"format-standard","5":"has-post-thumbnail","7":"category-tennis","8":"tag-fr","9":"tag-france","10":"tag-sports","11":"tag-tennis"},"share_on_mastodon":{"url":"https:\/\/pubeurope.com\/@fr\/114920439360376907","error":""},"_links":{"self":[{"href":"https:\/\/www.europesays.com\/fr\/wp-json\/wp\/v2\/posts\/275547","targetHints":{"allow":["GET"]}}],"collection":[{"href":"https:\/\/www.europesays.com\/fr\/wp-json\/wp\/v2\/posts"}],"about":[{"href":"https:\/\/www.europesays.com\/fr\/wp-json\/wp\/v2\/types\/post"}],"author":[{"embeddable":true,"href":"https:\/\/www.europesays.com\/fr\/wp-json\/wp\/v2\/users\/2"}],"replies":[{"embeddable":true,"href":"https:\/\/www.europesays.com\/fr\/wp-json\/wp\/v2\/comments?post=275547"}],"version-history":[{"count":0,"href":"https:\/\/www.europesays.com\/fr\/wp-json\/wp\/v2\/posts\/275547\/revisions"}],"wp:featuredmedia":[{"embeddable":true,"href":"https:\/\/www.europesays.com\/fr\/wp-json\/wp\/v2\/media\/275548"}],"wp:attachment":[{"href":"https:\/\/www.europesays.com\/fr\/wp-json\/wp\/v2\/media?parent=275547"}],"wp:term":[{"taxonomy":"category","embeddable":true,"href":"https:\/\/www.europesays.com\/fr\/wp-json\/wp\/v2\/categories?post=275547"},{"taxonomy":"post_tag","embeddable":true,"href":"https:\/\/www.europesays.com\/fr\/wp-json\/wp\/v2\/tags?post=275547"}],"curies":[{"name":"wp","href":"https:\/\/api.w.org\/{rel}","templated":true}]}}