{"id":275549,"date":"2025-07-26T16:18:24","date_gmt":"2025-07-26T16:18:24","guid":{"rendered":"https:\/\/www.europesays.com\/fr\/275549\/"},"modified":"2025-07-26T16:18:24","modified_gmt":"2025-07-26T16:18:24","slug":"charleville-mezieres-premiere-enflammee-ffbb","status":"publish","type":"post","link":"https:\/\/www.europesays.com\/fr\/275549\/","title":{"rendered":"Charleville-M\u00e9zi\u00e8res, premi\u00e8re enflamm\u00e9e | FFBB"},"content":{"rendered":"<p>                            <img decoding=\"async\" class=\"img-fluid thumbnail__news\" src=\"https:\/\/www.europesays.com\/fr\/wp-content\/uploads\/2025\/07\/9fd24de9-86bf-42a2-a731-e6696225ee4b.jpg\" alt=\"Charleville-M\u00e9zi\u00e8res, premi\u00e8re enflamm\u00e9e\"\/><\/p>\n<p>Photo : Lo\u00efc Wacziak\/FFBB<\/p>\n<p>                                                        Les Flammes Carolo ont remport\u00e9 ce samedi \u00e0 l&rsquo;Accor Arena la premi\u00e8re Coupe de France de leur histoire face \u00e0 Bourges (70-67). Une belle r\u00e9compense pour les Ardennaises et leur embl\u00e9matique capitaine Amel Bouderra qui prendra sa retraite en fin de saison.<\/p>\n<p>Bourges &#8211; <strong>Charleville-M\u00e9zi\u00e8res<\/strong> <a href=\"https:\/\/fibalivestats.dcd.shared.geniussports.com\/u\/FFBB\/2641879\/\" target=\"_blank\" rel=\"noopener nofollow\">67-70<\/a><\/p>\n<p>Elimin\u00e9 \u00e0 la surprise g\u00e9n\u00e9rale en quart de finale des playoffs de La Boulang\u00e8re Wonderligue, Bourges n&rsquo;avait plus que ce match pour finir la saison sur un titre. Face aux Tango, Charleville-M\u00e9zi\u00e8res d\u00e9barquait \u00e0 Paris en confiance mais avec le souvenir de quatre finales perdues entre 2017 et 2021 dont trois contre&#8230;les Berruy\u00e8res.<\/p>\n<p>L&rsquo;entame de match \u00e9tait ardennaise, Sara Chevaugeon de loin puis Leia Dongue \u00e0 l&rsquo;int\u00e9rieur embrasaient l&rsquo;Accor Arena (6-14, 6&prime;). La Mozambicaine, intenable dans le premier quart-temps avec 12 points, trouvait du r\u00e9pondant avec Kariata Diaby. La MVP de la saison r\u00e9guli\u00e8re s&rsquo;occupait de tout chez les Tango (11 points) mais c&rsquo;\u00e9tait insuffisant pour emp\u00eacher les Flammes de faire la course en t\u00eate (15-23, 10&prime;).<\/p>\n<p>L&rsquo;euphorie du d\u00e9but de match laissait place \u00e0 un jeu plus pos\u00e9 sur demi-terrain qui seyait mieux \u00e0 Bourges. Charleville-M\u00e9zi\u00e8res gal\u00e9rait, ne scorait que sur la ligne des lancers francs mais les filles du Cher n&rsquo;en profitaient pas en raison d&rsquo;une maladresse aux tirs. En retrouvant la fixation Diaby dans la peinture, les espaces s&rsquo;ouvraient en faveur des Tango qui allaient mieux (24-29, 17&prime;) puis c&rsquo;\u00e9tait au tour des Ardennaises de prendre leur shot d&rsquo;oxyg\u00e8ne gr\u00e2ce \u00e0 quelques beaux mouvements offensifs (27-40 \u00e0 la pause).<\/p>\n<p>Deux fl\u00e8ches venues des Ardennes annon\u00e7aient la couleur d\u00e8s la reprise du jeu, elles \u00e9taient rendues dans la foul\u00e9e par Bourges, un temps \u00e0 -19, mais qui n&rsquo;allait pas abdiquer aussi facilement (35-46, 24&prime;). Leia Dongue, sanctionn\u00e9e deux fois de suite, devait quitter la partie pour 5 fautes et l&rsquo;absence de l&rsquo;int\u00e9rieure allait forc\u00e9ment peser dans la balance. La tension montait d&rsquo;un cran, Bourges revenait petit \u00e0 petit sur les talons des Flammes (50-57, 30&prime;).<\/p>\n<p>La digue de l&rsquo;Est tenait toujours gr\u00e2ce \u00e0 l&rsquo;impact de Sara Chevaugeon m\u00eame si la pression berruy\u00e8re se faisait de plus en plus grande (59-61, 34&prime;). La mar\u00e9e Tango continuait de monter, Ornella Bankol\u00e9 stoppait l&rsquo;h\u00e9morragie d&rsquo;un tir prim\u00e9 avec la planche laissant entrer un peu d&rsquo;air dans le kop ardennais. Un r\u00e9pit de courte dur\u00e9e avant que Diaby ne remette son \u00e9quipe en t\u00eate pour la premi\u00e8re fois depuis&#8230; le 2-0 intial. Mais il ne faut jamais sous-estimer le c\u0153ur des Flammes car Amel Bouderra puis No\u00e9mie Brochant renversaient la table avant la derni\u00e8re minute. Bourges ne marquera plus et c&rsquo;est en larmes que capitaine Bouderra accueillait avec le plus grand des soulagements le buzzer final.\u00a0<\/p>\n<p>Avec 18 points, 4 passes d\u00e9cisives et 2 interceptions (18 d&rsquo;\u00e9valuation), Sara Chevaugeon \u00e9tait d\u00e9sign\u00e9e MVP de la finale.<\/p>\n","protected":false},"excerpt":{"rendered":"Photo : Lo\u00efc Wacziak\/FFBB Les Flammes Carolo ont remport\u00e9 ce samedi \u00e0 l&rsquo;Accor Arena la premi\u00e8re Coupe de&hellip;\n","protected":false},"author":2,"featured_media":275550,"comment_status":"","ping_status":"","sticky":false,"template":"","format":"standard","meta":{"footnotes":""},"categories":[1414],"tags":[1465,1464,1011,27,60],"class_list":{"0":"post-275549","1":"post","2":"type-post","3":"status-publish","4":"format-standard","5":"has-post-thumbnail","7":"category-basket","8":"tag-basket","9":"tag-basketball","10":"tag-fr","11":"tag-france","12":"tag-sports"},"share_on_mastodon":{"url":"https:\/\/pubeurope.com\/@fr\/114920443366183033","error":""},"_links":{"self":[{"href":"https:\/\/www.europesays.com\/fr\/wp-json\/wp\/v2\/posts\/275549","targetHints":{"allow":["GET"]}}],"collection":[{"href":"https:\/\/www.europesays.com\/fr\/wp-json\/wp\/v2\/posts"}],"about":[{"href":"https:\/\/www.europesays.com\/fr\/wp-json\/wp\/v2\/types\/post"}],"author":[{"embeddable":true,"href":"https:\/\/www.europesays.com\/fr\/wp-json\/wp\/v2\/users\/2"}],"replies":[{"embeddable":true,"href":"https:\/\/www.europesays.com\/fr\/wp-json\/wp\/v2\/comments?post=275549"}],"version-history":[{"count":0,"href":"https:\/\/www.europesays.com\/fr\/wp-json\/wp\/v2\/posts\/275549\/revisions"}],"wp:featuredmedia":[{"embeddable":true,"href":"https:\/\/www.europesays.com\/fr\/wp-json\/wp\/v2\/media\/275550"}],"wp:attachment":[{"href":"https:\/\/www.europesays.com\/fr\/wp-json\/wp\/v2\/media?parent=275549"}],"wp:term":[{"taxonomy":"category","embeddable":true,"href":"https:\/\/www.europesays.com\/fr\/wp-json\/wp\/v2\/categories?post=275549"},{"taxonomy":"post_tag","embeddable":true,"href":"https:\/\/www.europesays.com\/fr\/wp-json\/wp\/v2\/tags?post=275549"}],"curies":[{"name":"wp","href":"https:\/\/api.w.org\/{rel}","templated":true}]}}