{"id":275563,"date":"2025-07-26T16:25:20","date_gmt":"2025-07-26T16:25:20","guid":{"rendered":"https:\/\/www.europesays.com\/fr\/275563\/"},"modified":"2025-07-26T16:25:20","modified_gmt":"2025-07-26T16:25:20","slug":"quels-styles-de-livres-lisez-vous-on-a-sonde-des-lecteurs-de-concarneau","status":"publish","type":"post","link":"https:\/\/www.europesays.com\/fr\/275563\/","title":{"rendered":"Quels styles de livres lisez-vous\u00a0? On a sond\u00e9 des lecteurs de Concarneau"},"content":{"rendered":"<p>Jules, 27 ans\u00a0: \u00ab\u00a0Des policiers\u00a0\u00bb<\/p>\n<p>\u00ab\u00a0Je suis fan de Fred Vargas. J\u2019appr\u00e9cie le c\u00f4t\u00e9 intrigant et myst\u00e9rieux des enqu\u00eates. Par contre, j\u2019ai moyennement appr\u00e9ci\u00e9 les adaptations t\u00e9l\u00e9vis\u00e9es. Je lis aussi des livres d\u2019un auteur fran\u00e7ais qui a pris le pseudo de Dora. \u00c7a se passe en Afghanistan pendant la guerre avec des histoires de trafic d\u2019opium. J\u2019ai relu il y a peu les romans d\u2019Agatha Christie mais je les trouve d\u00e9suets. J\u2019adorais \u00e7a quand j\u2019\u00e9tais enfant. J\u2019ai aussi lu le dernier de Michel Houellebecq et j\u2019ai beaucoup aim\u00e9. Je lis apr\u00e8s le travail ou pendant les pauses\u00a0\u00bb.<\/p>\n<p>Manon et Lucie, 23 ans\u00a0: \u00ab\u00a0Des romances\u00a0\u00bb<img decoding=\"async\" src=\"https:\/\/www.europesays.com\/fr\/wp-content\/uploads\/2025\/07\/6884e15e84717eb5cf09eeaf.1.jpeg\" width=\"480\" height=\"300\" class=\"web_golden_m\" loading=\"lazy\" alt=\"Manon et Lucie lisent notamment des romances et des histoires dramatiques.\"\/>Manon et Lucie lisent notamment des romances et des histoires dramatiques.<\/p>\n<p>\u00ab\u00a0Lucie vient d\u2019acheter \u00ab\u00a0La sage-femme de Berlin\u00a0\u00bb tir\u00e9e d\u2019une histoire vraie. C\u2019est une histoire dramatique. Quant \u00e0 moi, j\u2019adore les romances. Je lis Danielle Steel, Virginie Grimaldi, et toutes les autrices du m\u00eame type. Je suis tr\u00e8s fleur bleue et ce, depuis mon enfance, et je continue \u00e0 l\u2019\u00eatre. Fleur bleue un jour, fleur bleue toujours. Sinon je lis aussi des articles scientifiques et des romans. Comme je lis tr\u00e8s vite, je vais regarder sur Vinted ou j\u2019ach\u00e8te en promotion. Lucie pr\u00e9f\u00e8re acheter moins de livres mais en librairie\u00a0\u00bb.<\/p>\n<p>Max, 25 ans\u00a0: \u00ab\u00a0Des thrillers\u00a0\u00bb<img decoding=\"async\" src=\"https:\/\/www.europesays.com\/fr\/wp-content\/uploads\/2025\/07\/6884e15efafd2092b10d0273.1.jpeg\" width=\"480\" height=\"300\" class=\"web_golden_m\" loading=\"lazy\" alt=\"Fan d\u2019Harlan Coben, Max peut lire 100 pages par heure.\"\/>Fan d\u2019Harlan Coben, Max peut lire 100 pages par heure.<\/p>\n<p>\u00ab\u00a0Je suis un fan inconditionnel d\u2019Harlan Coben, je l\u2019ai d\u00e9couvert \u00e0 l\u2019\u00e2ge de 14 ans et, \u00e0 l\u2019\u00e9poque, j\u2019en lisais un par jour au grand d\u00e9sespoir de mes parents pour le c\u00f4t\u00e9 financier. Je lis environ 100 pages par heure. Je lis aussi d\u2019autres auteurs de thrillers et d\u2019autres genres de livres. J\u2019ai fini il y a peu \u00ab\u00a0L\u2019enrag\u00e9\u00a0\u00bb de Sorj Chalandon. Je travaille maintenant dans une librairie et \u00e7a me permet de d\u00e9couvrir les derni\u00e8res sorties en exclusivit\u00e9 ou presque. Je peux ainsi d\u00e9couvrir d\u2019autres auteurs, les nouveaut\u00e9s et conseiller la client\u00e8le\u00a0\u00bb.<\/p>\n","protected":false},"excerpt":{"rendered":"Jules, 27 ans\u00a0: \u00ab\u00a0Des policiers\u00a0\u00bb \u00ab\u00a0Je suis fan de Fred Vargas. J\u2019appr\u00e9cie le c\u00f4t\u00e9 intrigant et myst\u00e9rieux des&hellip;\n","protected":false},"author":2,"featured_media":275564,"comment_status":"","ping_status":"","sticky":false,"template":"","format":"standard","meta":{"footnotes":""},"categories":[1357],"tags":[1379,3322,58,59,1011,27,1380],"class_list":{"0":"post-275563","1":"post","2":"type-post","3":"status-publish","4":"format-standard","5":"has-post-thumbnail","7":"category-livres","8":"tag-books","9":"tag-concarneau","10":"tag-divertissement","11":"tag-entertainment","12":"tag-fr","13":"tag-france","14":"tag-livres"},"share_on_mastodon":{"url":"https:\/\/pubeurope.com\/@fr\/114920471106299683","error":""},"_links":{"self":[{"href":"https:\/\/www.europesays.com\/fr\/wp-json\/wp\/v2\/posts\/275563","targetHints":{"allow":["GET"]}}],"collection":[{"href":"https:\/\/www.europesays.com\/fr\/wp-json\/wp\/v2\/posts"}],"about":[{"href":"https:\/\/www.europesays.com\/fr\/wp-json\/wp\/v2\/types\/post"}],"author":[{"embeddable":true,"href":"https:\/\/www.europesays.com\/fr\/wp-json\/wp\/v2\/users\/2"}],"replies":[{"embeddable":true,"href":"https:\/\/www.europesays.com\/fr\/wp-json\/wp\/v2\/comments?post=275563"}],"version-history":[{"count":0,"href":"https:\/\/www.europesays.com\/fr\/wp-json\/wp\/v2\/posts\/275563\/revisions"}],"wp:featuredmedia":[{"embeddable":true,"href":"https:\/\/www.europesays.com\/fr\/wp-json\/wp\/v2\/media\/275564"}],"wp:attachment":[{"href":"https:\/\/www.europesays.com\/fr\/wp-json\/wp\/v2\/media?parent=275563"}],"wp:term":[{"taxonomy":"category","embeddable":true,"href":"https:\/\/www.europesays.com\/fr\/wp-json\/wp\/v2\/categories?post=275563"},{"taxonomy":"post_tag","embeddable":true,"href":"https:\/\/www.europesays.com\/fr\/wp-json\/wp\/v2\/tags?post=275563"}],"curies":[{"name":"wp","href":"https:\/\/api.w.org\/{rel}","templated":true}]}}