{"id":275569,"date":"2025-07-26T16:28:17","date_gmt":"2025-07-26T16:28:17","guid":{"rendered":"https:\/\/www.europesays.com\/fr\/275569\/"},"modified":"2025-07-26T16:28:17","modified_gmt":"2025-07-26T16:28:17","slug":"bientot-un-4e-film-la-reponse-cinglante-de-gerard-jugnot","status":"publish","type":"post","link":"https:\/\/www.europesays.com\/fr\/275569\/","title":{"rendered":"Bient\u00f4t un 4e film ? La r\u00e9ponse cinglante de G\u00e9rard Jugnot"},"content":{"rendered":"<p>Alors qu&rsquo;il est \u00e0 l&rsquo;affiche de la com\u00e9die Y a pas de r\u00e9seau, en salles le mercredi 6 ao\u00fbt 2025, G\u00e9rard Jugnot est revenu aupr\u00e8s de T\u00e9l\u00e9-Loisirs sur la possibilit\u00e9 d&rsquo;une quatri\u00e8me aventure des Bronz\u00e9s. Sa r\u00e9ponse a le m\u00e9rite d&rsquo;\u00eatre claire !<\/p>\n<p>Ils nous ont tant fait rire&#8230; Depuis les ann\u00e9es 70, le rire se conjugue \u00e0 la mode Splendid. La bande de copains est en effet \u00e0 l&rsquo;origine de quelques-unes des com\u00e9dies les plus cultes du cin\u00e9ma fran\u00e7ais, dont Le P\u00e8re No\u00ebl est une ordure, <a href=\"https:\/\/www.programme-tv.net\/news\/cinema\/366607-le-pere-noel-est-une-ordure-aurait-pu-sappeler-autrement-thierry-lhermitte-et-marie-anne-chazel-devoilent-ce-titre-ose-qui-a-ete-censure\/\" data-api-deeplink=\"teleloisirs:\/\/news\/366607\" target=\"_blank\" rel=\"noopener\">film qui aurait pu avoir un titre encore plus os\u00e9<\/a>, aux dialogues <a href=\"https:\/\/www.programme-tv.net\/news\/cinema\/342373-le-pere-noel-est-une-ordure-derriere-cette-replique-culte-se-cache-une-anecdote-tres-personnelle\/\" data-api-deeplink=\"teleloisirs:\/\/news\/342373\" target=\"_blank\" rel=\"noopener\">absolument l\u00e9gendaires<\/a>. Jugnot, Clavier, Balasko et les autres sont aussi \u00e0 les ambassadeurs d&rsquo;une saga qui fait toujours hurler de rire les spectateurs, celle des Bronz\u00e9s. Avec notamment Les Bronz\u00e9s font du ski, ind\u00e9modable classique des vacances de sports d&rsquo;hiver, <a href=\"https:\/\/www.programme-tv.net\/news\/cinema\/365235-il-etait-anesthesie-le-pauvre-pour-pouvoir-etre-ligote-thierry-lhermitte-raconte-les-coulisses-de-cette-scene-culte-des-bronzes-font-du-ski-ou-christian-clavier-etait-fou-de-colere\/\" data-api-deeplink=\"teleloisirs:\/\/news\/365235\" target=\"_blank\" rel=\"noopener\">dont le tournage n&rsquo;a cependant pas \u00e9t\u00e9 des plus tranquille<\/a>&#8230;<\/p>\n<p>Y aura-t-il un Bronz\u00e9s 4 ? La r\u00e9ponse sans d\u00e9tour de G\u00e9rard Jugnot<\/p>\n<p>Avant leur aventure \u00e0 la montagne, nos amis bronz\u00e9s ont \u00e9t\u00e9 les h\u00e9ros d&rsquo;un premier film, <a href=\"https:\/\/www.programme-tv.net\/news\/cinema\/273416-les-bronzes-michel-blanc-nu-sous-les-algues-gerard-jugnot-maltraite-par-un-colosse-les-coulisses-de-la-comedie-culte-video\/\" data-api-deeplink=\"teleloisirs:\/\/news\/273416\" target=\"_blank\" rel=\"noopener\">l\u00e0 aussi pas avare de s\u00e9quences cultes<\/a>. Puis, en 2006 sort Les Bronz\u00e9s 3 Amis pour la vie, <a href=\"https:\/\/www.programme-tv.net\/news\/cinema\/355896-les-bronzes-3-amis-pour-la-vie-que-devient-ornella-muti\/\" data-api-deeplink=\"teleloisirs:\/\/news\/355896\" target=\"_blank\" rel=\"noopener\">dans lequel la star Ornella Muti rejoint la joyeuse bande<\/a>. Un film <a href=\"https:\/\/www.programme-tv.net\/news\/cinema\/365136-ils-avaient-dit-ca-pour-les-deux-premiers-gerard-jugnot-repond-aux-critiques-sur-les-bronzes-3\/\" data-api-deeplink=\"teleloisirs:\/\/news\/365136\" target=\"_blank\" rel=\"noopener\">qui n&rsquo;a pas \u00e9t\u00e9 \u00e9pargn\u00e9 par la critique<\/a>. Pas de quoi d\u00e9courager les fans, qui esp\u00e8rent encore et toujours un nouveau volet. Depuis pr\u00e8s de vingt ans, Les Bronz\u00e9s 4 est une arl\u00e9sienne du cin\u00e9ma hexagonal. En octobre 2024, <a href=\"https:\/\/www.programme-tv.net\/news\/people\/367108-tout-nest-pas-encore-clair-encore-bouleverse-thierry-lhermitte-se-confie-sur-la-mort-brutale-de-michel-blanc\/\" data-api-deeplink=\"teleloisirs:\/\/news\/367108\" target=\"_blank\" rel=\"noopener\">la mort soudaine de Michel Blanc<\/a>, membre \u00e9m\u00e9rite du Splendid, attriste la France enti\u00e8re, et met forc\u00e9ment ce projet entre parenth\u00e8ses. Alors, Les Bronz\u00e9s 4, \u00e7a arrive ? Nous avons pos\u00e9 la question \u00e0 G\u00e9rard Jugnot, en pleine promotion de la com\u00e9die Y a pas de r\u00e9seau, en salles le mercredi 6 ao\u00fbt 2025. La r\u00e9ponse de l&rsquo;acteur semble tr\u00e8s claire. \u00ab\u00a0On ne va pas faire un quatri\u00e8me Bronz\u00e9s (sans Michel Blanc, ndlr), \u00e7a ne rimerait \u00e0 rien\u00a0\u00bb, nous r\u00e9pond-il. \u00ab\u00a0M\u00eame s\u2019il avait \u00e9t\u00e9 l\u00e0, il n\u2019aurait pas \u00e9t\u00e9 certain que Michel vienne avec nous, il avait toujours besoin d\u2019\u00eatre \u00e0 distance, il pr\u00e9f\u00e9rait sa carri\u00e8re personnelle \u00e0 celle du groupe. Si on avait lanc\u00e9 un nouveau film, je pense que Michel n\u2019aurait pas \u00e9t\u00e9 dedans.\u00a0\u00bb Il est vrai qu&rsquo;un an avant sa mort, Michel Blanc avait officiellement annonc\u00e9 <a href=\"https:\/\/www.programme-tv.net\/news\/cinema\/337621-michel-blanc-et-les-bronzes-cest-termine-je-ne-suis-plus-jean-claude-dusse\/\" data-api-deeplink=\"teleloisirs:\/\/news\/337621\" target=\"_blank\" rel=\"noopener\">qu&rsquo;il n&rsquo;incarnerait plus son c\u00e9l\u00e8bre personnage de Jean-Claude Dusse<\/a>. Si un film Les Bronz\u00e9s 4 semble donc d\u00e9finitivement abandonn\u00e9, G\u00e9rard Jugnot, <a href=\"https:\/\/www.programme-tv.net\/news\/cinema\/368990-il-n-avait-pas-le-droit-de-faire-ca-l-hommage-emu-de-gerard-jugnot-a-michel-blanc-en-ouverture-du-festival-de-l-alpe-d-huez\/\" data-api-deeplink=\"teleloisirs:\/\/news\/368990\" target=\"_blank\" rel=\"noopener\">qui est apparu tr\u00e8s touch\u00e9 par la disparition de son ami d&rsquo;\u00e9cole<\/a> en janvier 2025 lors du Festival de l&rsquo;Alpe d&rsquo;Huez, n&rsquo;exclut cependant pas de nouvelles collaborations avec les autres membres de sa troupe.<\/p>\n<p>                        Y aura-t-il un nouveau film du Splendid ?<\/p>\n<p>\u00ab\u00a0Il faudrait qu\u2019il y ait un sc\u00e9nario\u00a0\u00bb, nous a pr\u00e9cis\u00e9 G\u00e9rard Jugnot. \u00ab\u00a0J\u2019ai crois\u00e9 <a href=\"https:\/\/www.programme-tv.net\/biographie\/2186-clavier-christian\/\" data-link-people=\"e77624e1-ced9-42e8-a8dc-9757ab415df3\" target=\"_blank\" rel=\"noopener\">Christian Clavier<\/a> l\u2019autre jour qui m\u2019a dit qu\u2019il avait peut-\u00eatre une id\u00e9e. Mais il faudrait que quelqu\u2019un nous \u00e9crive une histoire, on a l\u2019impression qu\u2019on a d\u00e9j\u00e0 tout fait. Mais le plaisir de se retrouver est toujours l\u00e0.\u00a0\u00bb Un seul \u00eatre vous manque&#8230; Heureusement, le rire est sans doute encore l\u00e0.<\/p>\n","protected":false},"excerpt":{"rendered":"Alors qu&rsquo;il est \u00e0 l&rsquo;affiche de la com\u00e9die Y a pas de r\u00e9seau, en salles le mercredi 6&hellip;\n","protected":false},"author":2,"featured_media":275570,"comment_status":"","ping_status":"","sticky":false,"template":"","format":"standard","meta":{"footnotes":""},"categories":[1354],"tags":[41492,2203,244,58,59,8644,1346,1011,27,41489,41490,2173,41496,31861,41493,41494,3970,1360,41495,36266,36233,41491],"class_list":{"0":"post-275569","1":"post","2":"type-post","3":"status-publish","4":"format-standard","5":"has-post-thumbnail","7":"category-films","8":"tag-channel_le-cine-en-questions","9":"tag-christian-clavier","10":"tag-commentaire","11":"tag-divertissement","12":"tag-entertainment","13":"tag-exclu","14":"tag-films","15":"tag-fr","16":"tag-france","17":"tag-gu00e9rard-jugnot","18":"tag-guid_5317220423001","19":"tag-interview","20":"tag-josiane-balasko","21":"tag-le-splendid","22":"tag-les-bronzu00e9s-font-du-ski","23":"tag-marie-anne-chazel","24":"tag-michel-blanc","25":"tag-movies","26":"tag-patrice-leconte","27":"tag-sorties-cinu00e9ma","28":"tag-thierry-lhermitte","29":"tag-uuid_0254f3e6-0cab-4ec9-9571-734b524adc38"},"share_on_mastodon":{"url":"https:\/\/pubeurope.com\/@fr\/114920482759870064","error":""},"_links":{"self":[{"href":"https:\/\/www.europesays.com\/fr\/wp-json\/wp\/v2\/posts\/275569","targetHints":{"allow":["GET"]}}],"collection":[{"href":"https:\/\/www.europesays.com\/fr\/wp-json\/wp\/v2\/posts"}],"about":[{"href":"https:\/\/www.europesays.com\/fr\/wp-json\/wp\/v2\/types\/post"}],"author":[{"embeddable":true,"href":"https:\/\/www.europesays.com\/fr\/wp-json\/wp\/v2\/users\/2"}],"replies":[{"embeddable":true,"href":"https:\/\/www.europesays.com\/fr\/wp-json\/wp\/v2\/comments?post=275569"}],"version-history":[{"count":0,"href":"https:\/\/www.europesays.com\/fr\/wp-json\/wp\/v2\/posts\/275569\/revisions"}],"wp:featuredmedia":[{"embeddable":true,"href":"https:\/\/www.europesays.com\/fr\/wp-json\/wp\/v2\/media\/275570"}],"wp:attachment":[{"href":"https:\/\/www.europesays.com\/fr\/wp-json\/wp\/v2\/media?parent=275569"}],"wp:term":[{"taxonomy":"category","embeddable":true,"href":"https:\/\/www.europesays.com\/fr\/wp-json\/wp\/v2\/categories?post=275569"},{"taxonomy":"post_tag","embeddable":true,"href":"https:\/\/www.europesays.com\/fr\/wp-json\/wp\/v2\/tags?post=275569"}],"curies":[{"name":"wp","href":"https:\/\/api.w.org\/{rel}","templated":true}]}}