{"id":275573,"date":"2025-07-26T16:30:11","date_gmt":"2025-07-26T16:30:11","guid":{"rendered":"https:\/\/www.europesays.com\/fr\/275573\/"},"modified":"2025-07-26T16:30:11","modified_gmt":"2025-07-26T16:30:11","slug":"tadej-pogacar-est-il-un-vainqueur-triste","status":"publish","type":"post","link":"https:\/\/www.europesays.com\/fr\/275573\/","title":{"rendered":"Tadej Pogacar est-il un vainqueur triste ?"},"content":{"rendered":"<p><strong>LA QUESTION DU JOUR <\/strong>&#8211; Le Slov\u00e8ne devrait remporter ce dimanche son quatri\u00e8me Tour de France. Visage ferm\u00e9, il en attend l\u2019\u00e9pilogue avec impatience.<\/p>\n<p class=\"fig-paragraph\">La question tourne en (Grande) boucle depuis des jours. Il a \u00e9t\u00e9 question d\u2019un rhume, avant de s\u2019accrocher \u00e0 son humeur s\u2019\u00e9tant par\u00e9e des couleurs du temps. Maussade. Et la sortie des Alpes signant la fin des difficult\u00e9s accueillie par une moue boudeuse a laiss\u00e9 tourner les interpr\u00e9tations au sujet de\u00a0<a href=\"http:\/\/www.lefigaro.fr\/sports\/cyclisme\/tour-de-france\/tour-de-france-tadej-pogacar-rate-t-il-sa-fin-de-tour-20250724\" data-fig-type=\"NewsFlash\" data-gtm-custom-categorie=\"navigation\" data-gtm-custom-action=\"crossclick\" data-gtm-custom-label=\"Contextuel\" data-gtm-event=\"customEventSPE\" data-fig-domain=\"LEFIGARO\" target=\"_blank\" rel=\"noopener\">Tadej Pogacar<\/a>\u00a0dominateur d\u2019un\u00a0<a href=\"https:\/\/www.lefigaro.fr\/sports\/cyclisme\/tour-de-france\/en-direct-tour-de-france-suivez-la-20e-etape-entre-nantua-et-pontarlier-20250726\" data-fig-type=\"Live\" data-gtm-custom-categorie=\"navigation\" data-gtm-custom-action=\"crossclick\" data-gtm-custom-label=\"Contextuel\" data-gtm-event=\"customEventSPE\" data-fig-domain=\"LEFIGARO\" target=\"_blank\" rel=\"noopener\">Tour<\/a>\u00a0(4 victoires d\u2019\u00e9tapes) qu\u2019il a h\u00e2te de classer. Pour mieux lui tourner le dos.<\/p>\n<p class=\"fig-paragraph\">En plus de la fatigue d\u2019un \u00e9reintant voyage de trois semaines et de la pression de l\u2019\u00e9v\u00e9nement ne porte-t-il pas une profonde lassitude\u00a0?<br \/>Une usure mentale qui l\u2019a emp\u00each\u00e9 d\u2019aller chercher les victoires qui lui semblaient promises (Mont Ventoux, col de la Loze). Il a fait part de son impatience de voir la fin de ce Tour, port\u00e9 comme un fardeau, \u00e9mis des doutes quant \u00e0 sa participation \u00e0 la Vuelta\u00a0: \u00ab Normalement, on a envisag\u00e9 ma participation. Mais je ne sais pas&#8230; il faudra que je r\u00e9fl\u00e9chisse. Je ne sais pas si je veux passer encore un mois entier loin de la maison\u00a0\u00bb.<\/p>\n<p>                                    <a class=\"fig-a11y-skip a11y-hidden\" href=\"#fig-a11y-skip-main-inarticle\"><br \/>\n        Passer la publicit\u00e9<br \/>\n    <\/a><\/p>\n<p class=\"fig-paragraph\">Sa saison a \u00e9t\u00e9 immense. Il a \u00e9t\u00e9 au rendez-vous (presque) partout. Au d\u00e9part, il n\u2019a pas d\u2019autre alternative que la victoire. La pression est colossale. La suspicion sur ses performances et les critiques envers son \u00e9quipe qualifi\u00e9e d\u2019arrogante ne le m\u00e9nagent pas. Et l\u2019affectent. De quoi assombrir les jours les meilleurs au sortir d\u2019un Tour o\u00f9 le Slov\u00e8ne a attaqu\u00e9 avec plaisir. Avant de d\u00e9fendre avec application. Un r\u00f4le strat\u00e9gique qui lui a s\u00fbrement beaucoup moins plu mais a prouv\u00e9 une maturit\u00e9 nouvelle.<\/p>\n<p class=\"fig-paragraph\">\u00c0 26 ans, le ph\u00e9nom\u00e8ne Pogacar a peut-\u00eatre simplement besoin de retrouver un peu de fra\u00eecheur, de plaisir. Pour appr\u00e9cier ce qu\u2019il a accompli, avant de se lancer de nouveaux d\u00e9fis. Sur des courses d\u2019un jour, les courses par \u00e9tapes d\u2019une semaine et le Tour de France. La plus grande course du monde ne peut pas se passer du num\u00e9ro 1 mondial. Elle a besoin de ses fulgurances, de sa chasse aux records. Avec ou sans sourire.<\/p>\n","protected":false},"excerpt":{"rendered":"LA QUESTION DU JOUR &#8211; Le Slov\u00e8ne devrait remporter ce dimanche son quatri\u00e8me Tour de France. Visage ferm\u00e9,&hellip;\n","protected":false},"author":2,"featured_media":275574,"comment_status":"","ping_status":"","sticky":false,"template":"","format":"standard","meta":{"footnotes":""},"categories":[9],"tags":[1011,27,27884,33550,60,1138],"class_list":{"0":"post-275573","1":"post","2":"type-post","3":"status-publish","4":"format-standard","5":"has-post-thumbnail","7":"category-sports","8":"tag-fr","9":"tag-france","10":"tag-jonas-vingegaard","11":"tag-julian-alaphilippe","12":"tag-sports","13":"tag-tadej-pogacar"},"share_on_mastodon":{"url":"https:\/\/pubeurope.com\/@fr\/114920490535999426","error":""},"_links":{"self":[{"href":"https:\/\/www.europesays.com\/fr\/wp-json\/wp\/v2\/posts\/275573","targetHints":{"allow":["GET"]}}],"collection":[{"href":"https:\/\/www.europesays.com\/fr\/wp-json\/wp\/v2\/posts"}],"about":[{"href":"https:\/\/www.europesays.com\/fr\/wp-json\/wp\/v2\/types\/post"}],"author":[{"embeddable":true,"href":"https:\/\/www.europesays.com\/fr\/wp-json\/wp\/v2\/users\/2"}],"replies":[{"embeddable":true,"href":"https:\/\/www.europesays.com\/fr\/wp-json\/wp\/v2\/comments?post=275573"}],"version-history":[{"count":0,"href":"https:\/\/www.europesays.com\/fr\/wp-json\/wp\/v2\/posts\/275573\/revisions"}],"wp:featuredmedia":[{"embeddable":true,"href":"https:\/\/www.europesays.com\/fr\/wp-json\/wp\/v2\/media\/275574"}],"wp:attachment":[{"href":"https:\/\/www.europesays.com\/fr\/wp-json\/wp\/v2\/media?parent=275573"}],"wp:term":[{"taxonomy":"category","embeddable":true,"href":"https:\/\/www.europesays.com\/fr\/wp-json\/wp\/v2\/categories?post=275573"},{"taxonomy":"post_tag","embeddable":true,"href":"https:\/\/www.europesays.com\/fr\/wp-json\/wp\/v2\/tags?post=275573"}],"curies":[{"name":"wp","href":"https:\/\/api.w.org\/{rel}","templated":true}]}}