{"id":275582,"date":"2025-07-26T16:35:10","date_gmt":"2025-07-26T16:35:10","guid":{"rendered":"https:\/\/www.europesays.com\/fr\/275582\/"},"modified":"2025-07-26T16:35:10","modified_gmt":"2025-07-26T16:35:10","slug":"un-policier-municipal-percute-par-un-scooter","status":"publish","type":"post","link":"https:\/\/www.europesays.com\/fr\/275582\/","title":{"rendered":"un policier municipal percut\u00e9 par un scooter"},"content":{"rendered":"<p itemprop=\"description\"><strong>Les faits se sont produits dans la nuit du vendredi 25 au samedi 26 juillet, peu avant minuit, dans le secteur d\u2019Oullins-Pierre-B\u00e9nite (m\u00e9tropole de Lyon).<\/strong><\/p>\n<p>Un policier municipal a \u00e9t\u00e9 renvers\u00e9 par le conducteur d\u2019un scooter lors d\u2019un refus d\u2019obtemp\u00e9rer.<\/p>\n<p>Le contr\u00f4le avait \u00e9t\u00e9 engag\u00e9 dans le quartier de la Saulaie, \u00e0 l\u2019intersection des rues Louis-Normand et Louis-Roy, aux abords d\u2019un point de deal identifi\u00e9. Le pilote du deux-roues a refus\u00e9 de s\u2019arr\u00eater et a pris la fuite, empruntant \u00e0 au moins une reprise le trottoir, pr\u00e9cise Le Progr\u00e8s.\u00a0<\/p>\n<p>Une course-poursuite s\u2019est engag\u00e9e jusqu\u2019au boulevard John-Fitzgerald-Kennedy, pr\u00e8s du parc de l\u2019Yzeron. Un agent, descendu de son v\u00e9hicule pour tenter d\u2019interpeller le fuyard, a \u00e9t\u00e9 percut\u00e9 \u00e0 la jambe. Sa chute lui a caus\u00e9 des blessures au bras. Il s\u2019est vu d\u00e9livrer dix jours d\u2019ITT. Son pronostic vital n\u2019est pas engag\u00e9.<\/p>\n<p>Le suspect a pris la fuite. Il \u00e9tait toujours recherch\u00e9 ce samedi. Une enqu\u00eate a \u00e9t\u00e9 ouverte pour\u00a0violence volontaire avec arme par destination\u00a0(le scooter) et\u00a0refus d\u2019obtemp\u00e9rer.<\/p>\n","protected":false},"excerpt":{"rendered":"Les faits se sont produits dans la nuit du vendredi 25 au samedi 26 juillet, peu avant minuit,&hellip;\n","protected":false},"author":2,"featured_media":275583,"comment_status":"","ping_status":"","sticky":false,"template":"","format":"standard","meta":{"footnotes":""},"categories":[4],"tags":[1111,11,2813,2190,1109,251,1112,2811,118,1011,27,1922,1110,1114,2428,2810,12,241,316,25,2812,517,800],"class_list":{"0":"post-275582","1":"post","2":"type-post","3":"status-publish","4":"format-standard","5":"has-post-thumbnail","7":"category-france","8":"tag-actu","9":"tag-actualites","10":"tag-article","11":"tag-asvel","12":"tag-breves","13":"tag-culture","14":"tag-depeches","15":"tag-economique","16":"tag-faits-divers","17":"tag-fr","18":"tag-france","19":"tag-info","20":"tag-informations","21":"tag-infos","22":"tag-lyon","23":"tag-lyonmag","24":"tag-news","25":"tag-ol","26":"tag-politique","27":"tag-republique-francaise","28":"tag-sociale","29":"tag-sport","30":"tag-transports"},"share_on_mastodon":{"url":"https:\/\/pubeurope.com\/@fr\/114920510316230706","error":""},"_links":{"self":[{"href":"https:\/\/www.europesays.com\/fr\/wp-json\/wp\/v2\/posts\/275582","targetHints":{"allow":["GET"]}}],"collection":[{"href":"https:\/\/www.europesays.com\/fr\/wp-json\/wp\/v2\/posts"}],"about":[{"href":"https:\/\/www.europesays.com\/fr\/wp-json\/wp\/v2\/types\/post"}],"author":[{"embeddable":true,"href":"https:\/\/www.europesays.com\/fr\/wp-json\/wp\/v2\/users\/2"}],"replies":[{"embeddable":true,"href":"https:\/\/www.europesays.com\/fr\/wp-json\/wp\/v2\/comments?post=275582"}],"version-history":[{"count":0,"href":"https:\/\/www.europesays.com\/fr\/wp-json\/wp\/v2\/posts\/275582\/revisions"}],"wp:featuredmedia":[{"embeddable":true,"href":"https:\/\/www.europesays.com\/fr\/wp-json\/wp\/v2\/media\/275583"}],"wp:attachment":[{"href":"https:\/\/www.europesays.com\/fr\/wp-json\/wp\/v2\/media?parent=275582"}],"wp:term":[{"taxonomy":"category","embeddable":true,"href":"https:\/\/www.europesays.com\/fr\/wp-json\/wp\/v2\/categories?post=275582"},{"taxonomy":"post_tag","embeddable":true,"href":"https:\/\/www.europesays.com\/fr\/wp-json\/wp\/v2\/tags?post=275582"}],"curies":[{"name":"wp","href":"https:\/\/api.w.org\/{rel}","templated":true}]}}