{"id":275586,"date":"2025-07-26T16:37:12","date_gmt":"2025-07-26T16:37:12","guid":{"rendered":"https:\/\/www.europesays.com\/fr\/275586\/"},"modified":"2025-07-26T16:37:12","modified_gmt":"2025-07-26T16:37:12","slug":"saint-etienne-pourquoi-la-maison-de-sante-de-beaubrun-na-toujours-pas-ouvert-ses-portes","status":"publish","type":"post","link":"https:\/\/www.europesays.com\/fr\/275586\/","title":{"rendered":"Saint-Etienne. Pourquoi la maison de sant\u00e9 de Beaubrun n\u2019a toujours pas ouvert ses portes"},"content":{"rendered":"<p>C\u2019est un projet qui lui tient \u00e0 c\u0153ur. Un projet qu\u2019il porte depuis pr\u00e8s quatre ans et qui patine aujourd\u2019hui.<\/p>\n<p>J\u00e9r\u00f4me Civet est kin\u00e9sith\u00e9rapeute dans le quartier de Beaubrun depuis une quinzaine d\u2019ann\u00e9es. Et, pour r\u00e9pondre aux attentes de la population, il a pour ambition de construire une maison de sant\u00e9 pluriprofessionnelle. \u00ab\u00a0Les attentes sont importantes et grandissantes sur le quartier et m\u00eame au niveau de la ville\u00a0\u00bb, constate-t-il.<\/p>\n<p>Pour y rem\u00e9dier, <a href=\"https:\/\/www.leprogres.fr\/sante\/2022\/02\/10\/maison-de-sante-un-projet-ambitieux-et-perenne-pour-beaubrun\" target=\"_blank\" rel=\"nofollow noopener\">J\u00e9r\u00f4me Civet se met au travail<\/a>. En 2021, son projet est&#8230;<\/p>\n","protected":false},"excerpt":{"rendered":"C\u2019est un projet qui lui tient \u00e0 c\u0153ur. Un projet qu\u2019il porte depuis pr\u00e8s quatre ans et qui&hellip;\n","protected":false},"author":2,"featured_media":275587,"comment_status":"","ping_status":"","sticky":false,"template":"","format":"standard","meta":{"footnotes":""},"categories":[9653],"tags":[1111,11,2430,7539,1777,674,1011,27,12,25,4001,7538,71],"class_list":{"0":"post-275586","1":"post","2":"type-post","3":"status-publish","4":"format-standard","5":"has-post-thumbnail","7":"category-saint-etienne","8":"tag-actu","9":"tag-actualites","10":"tag-auvergne-rhone-alpes","11":"tag-edition-loire-sud","12":"tag-eu","13":"tag-europe","14":"tag-fr","15":"tag-france","16":"tag-news","17":"tag-republique-francaise","18":"tag-saint-etienne","19":"tag-saint-etienne-ville","20":"tag-sante"},"share_on_mastodon":{"url":"https:\/\/pubeurope.com\/@fr\/114920518027952175","error":""},"_links":{"self":[{"href":"https:\/\/www.europesays.com\/fr\/wp-json\/wp\/v2\/posts\/275586","targetHints":{"allow":["GET"]}}],"collection":[{"href":"https:\/\/www.europesays.com\/fr\/wp-json\/wp\/v2\/posts"}],"about":[{"href":"https:\/\/www.europesays.com\/fr\/wp-json\/wp\/v2\/types\/post"}],"author":[{"embeddable":true,"href":"https:\/\/www.europesays.com\/fr\/wp-json\/wp\/v2\/users\/2"}],"replies":[{"embeddable":true,"href":"https:\/\/www.europesays.com\/fr\/wp-json\/wp\/v2\/comments?post=275586"}],"version-history":[{"count":0,"href":"https:\/\/www.europesays.com\/fr\/wp-json\/wp\/v2\/posts\/275586\/revisions"}],"wp:featuredmedia":[{"embeddable":true,"href":"https:\/\/www.europesays.com\/fr\/wp-json\/wp\/v2\/media\/275587"}],"wp:attachment":[{"href":"https:\/\/www.europesays.com\/fr\/wp-json\/wp\/v2\/media?parent=275586"}],"wp:term":[{"taxonomy":"category","embeddable":true,"href":"https:\/\/www.europesays.com\/fr\/wp-json\/wp\/v2\/categories?post=275586"},{"taxonomy":"post_tag","embeddable":true,"href":"https:\/\/www.europesays.com\/fr\/wp-json\/wp\/v2\/tags?post=275586"}],"curies":[{"name":"wp","href":"https:\/\/api.w.org\/{rel}","templated":true}]}}