{"id":27559,"date":"2025-04-15T20:54:10","date_gmt":"2025-04-15T20:54:10","guid":{"rendered":"https:\/\/www.europesays.com\/fr\/27559\/"},"modified":"2025-04-15T20:54:10","modified_gmt":"2025-04-15T20:54:10","slug":"aston-villa-psg-la-composition-officielle-de-paris-avec-bradley-barcola-titulaire","status":"publish","type":"post","link":"https:\/\/www.europesays.com\/fr\/27559\/","title":{"rendered":"Aston Villa &#8211; PSG\u00a0: la composition officielle de Paris avec Bradley Barcola titulaire"},"content":{"rendered":"<p class=\"paragraph text_align_left\">Luis Enrique a tranch\u00e9 ! Une semaine apr\u00e8s avoir choisi D\u00e9sir\u00e9 Dou\u00e9 pour animer l\u2019aile droite de l\u2019attaque <a href=\"https:\/\/www.leparisien.fr\/sports\/football\/psg\/\" target=\"_blank\" rel=\"nofollow noopener\">du PSG<\/a>, l\u2019entra\u00eeneur espagnol va relancer Bradley Barcola, ce mardi \u00e0 21 heures, en quart de finale retour de Ligue des champions contre Aston Villa. L\u2019ancien Lyonnais est pr\u00e9f\u00e9r\u00e9, cette fois, au num\u00e9ro 14 parisien. Ces derniers jours, \u00e0 l\u2019entra\u00eenement, les joueurs de Paris ont mis l\u2019accent sur les relances sous pression et la prise d\u2019espace, des situations qui peuvent convenir aux qualit\u00e9s de l\u2019attaquant de 22 ans.<\/p>\n<p class=\"legal-notices lp-f-ui-06 lp-color-text-muted lp-mb-07\">Les jeux d&rsquo;argent et de hasard peuvent \u00eatre dangereux : pertes d&rsquo;argent, conflits familiaux, addiction\u2026 Retrouvez nos conseils sur <a href=\"https:\/\/joueurs-info-service.fr\/\" class=\"lp-color-text-muted\" rel=\"nofollow noopener\" target=\"_blank\">joueurs-info-service.fr<\/a> (09 74 75 13 13 &#8211; appel non surtax\u00e9)<\/p>\n<p class=\"paragraph text_align_left\">Pour compl\u00e9ter le trio offensif, on retrouvera Ousmane Demb\u00e9l\u00e9 et Khvicha Kvaratskhelia. Dans l\u2019entrejeu, aucune surprise, puisque Vitinha, Joao Neves et Fabian Ruiz sont de nouveau associ\u00e9s ensemble. L\u2019Espagnol est sous le coup d\u2019une suspension. En d\u00e9fense, Marquinhos retrouve logiquement sa place au coup d\u2019envoi au d\u00e9triment de Lucas Beraldo, apr\u00e8s avoir purg\u00e9 son match de suspension la semaine pass\u00e9e.<\/p>\n<p class=\"paragraph text_align_left\"><b>La compo officielle :<\/b><\/p>\n<p class=\"paragraph text_align_left\">Donnarumma &#8211; Hakimi, Marquinhos (cap.), Pacho, Mendes &#8211; Neves, Vitinha, Ruiz &#8211; Barcola, Demb\u00e9l\u00e9, Kvaratskhelia.<\/p>\n","protected":false},"excerpt":{"rendered":"Luis Enrique a tranch\u00e9 ! Une semaine apr\u00e8s avoir choisi D\u00e9sir\u00e9 Dou\u00e9 pour animer l\u2019aile droite de l\u2019attaque&hellip;\n","protected":false},"author":2,"featured_media":27560,"comment_status":"","ping_status":"","sticky":false,"template":"","format":"standard","meta":{"footnotes":""},"categories":[1888],"tags":[1111,1928,11,1927,1777,674,63,1011,27,447,12,1926,626,1925,25,60],"class_list":{"0":"post-27559","1":"post","2":"type-post","3":"status-publish","4":"format-standard","5":"has-post-thumbnail","7":"category-paris","8":"tag-actu","9":"tag-actu-paris","10":"tag-actualites","11":"tag-actualites-paris","12":"tag-eu","13":"tag-europe","14":"tag-football","15":"tag-fr","16":"tag-france","17":"tag-ligue-des-champions","18":"tag-news","19":"tag-news-paris","20":"tag-paris","21":"tag-paris-news","22":"tag-republique-francaise","23":"tag-sports"},"share_on_mastodon":{"url":"https:\/\/pubeurope.com\/@fr\/114343972982181363","error":""},"_links":{"self":[{"href":"https:\/\/www.europesays.com\/fr\/wp-json\/wp\/v2\/posts\/27559","targetHints":{"allow":["GET"]}}],"collection":[{"href":"https:\/\/www.europesays.com\/fr\/wp-json\/wp\/v2\/posts"}],"about":[{"href":"https:\/\/www.europesays.com\/fr\/wp-json\/wp\/v2\/types\/post"}],"author":[{"embeddable":true,"href":"https:\/\/www.europesays.com\/fr\/wp-json\/wp\/v2\/users\/2"}],"replies":[{"embeddable":true,"href":"https:\/\/www.europesays.com\/fr\/wp-json\/wp\/v2\/comments?post=27559"}],"version-history":[{"count":0,"href":"https:\/\/www.europesays.com\/fr\/wp-json\/wp\/v2\/posts\/27559\/revisions"}],"wp:featuredmedia":[{"embeddable":true,"href":"https:\/\/www.europesays.com\/fr\/wp-json\/wp\/v2\/media\/27560"}],"wp:attachment":[{"href":"https:\/\/www.europesays.com\/fr\/wp-json\/wp\/v2\/media?parent=27559"}],"wp:term":[{"taxonomy":"category","embeddable":true,"href":"https:\/\/www.europesays.com\/fr\/wp-json\/wp\/v2\/categories?post=27559"},{"taxonomy":"post_tag","embeddable":true,"href":"https:\/\/www.europesays.com\/fr\/wp-json\/wp\/v2\/tags?post=27559"}],"curies":[{"name":"wp","href":"https:\/\/api.w.org\/{rel}","templated":true}]}}