{"id":275590,"date":"2025-07-26T16:39:11","date_gmt":"2025-07-26T16:39:11","guid":{"rendered":"https:\/\/www.europesays.com\/fr\/275590\/"},"modified":"2025-07-26T16:39:11","modified_gmt":"2025-07-26T16:39:11","slug":"nancy-clap-de-fin-pour-la-guinguette-solidaire-loasis","status":"publish","type":"post","link":"https:\/\/www.europesays.com\/fr\/275590\/","title":{"rendered":"Nancy. Clap de fin pour la guinguette solidaire \u00ab\u00a0L\u2019oasis\u00a0\u00bb"},"content":{"rendered":"<p>A voir son succ\u00e8s et les sourires sur les visages des visiteurs, beaucoup auraient sans doute bien aim\u00e9 jouer un peu les prolongations\u2026 <\/p>\n<p>Mais c\u2019est ainsi, <a href=\"https:\/\/www.estrepublicain.fr\/societe\/2025\/07\/08\/solidaires-familiales-festives-les-guinguettes-ambiancent-l-ete-a-leur-facon\" target=\"_blank\" rel=\"noopener\">la guinguette solidaire L\u2019Oasis<\/a> , ouverte depuis le 13\u00a0juin dernier au parc Olry, a ferm\u00e9 comme pr\u00e9vu ses portes ce samedi 26\u00a0juillet apr\u00e8s une ultime journ\u00e9e festive marqu\u00e9e notamment par un concert de rock celtique propos\u00e9 par Karin.<\/p>\n<p>Ce contenu est bloqu\u00e9 car vous n&rsquo;avez pas accept\u00e9 les cookies et autres traceurs.<\/p>\n<p>En cliquant sur \u00ab J\u2019accepte \u00bb, les cookies et autres traceurs seront d\u00e9pos\u00e9s et vous pourrez visualiser les contenus  (<a href=\"\" class=\"consentModule_policy\" target=\"_blank\" title=\"Consulter la politique de protection des donn\u00e9es du fournisseur\">plus d&rsquo;informations<\/a>).<\/p>\n<p>En cliquant sur \u00ab J\u2019accepte tous les cookies \u00bb, vous autorisez des d\u00e9p\u00f4ts de cookies et autres traceurs pour le stockage de vos donn\u00e9es sur nos sites et applications \u00e0 des fins de personnalisation et de ciblage publicitaire.<\/p>\n<p class=\"consentModule_secondaryText\">Vous gardez la possibilit\u00e9 de retirer votre consentement \u00e0 tout moment en consultant notre <a href=\"https:\/\/www.estrepublicain.fr\/protection-des-donnees\" target=\"_blank\" title=\"Consulter notre politique de protection des donn\u00e9es\" rel=\"noopener\">politique de protection des donn\u00e9es<\/a>. <br \/>&#13;<br \/>\n            <a href=\"https:\/\/www.estrepublicain.fr\/culture-loisirs\/2025\/07\/26\/javascript:Didomi.notice.show()\" class=\"consentModule_cmp\" target=\"_blank\" rel=\"noopener\">G\u00e9rer mes choix<\/a>&#13;\n        <\/p>\n<p>&#13;<br \/>\n                        J&rsquo;accepte&#13;<br \/>\n            J&rsquo;accepte tous les cookies&#13;\n        <\/p>\n<p>Une fin r\u00e9ussie malgr\u00e9 une m\u00e9t\u00e9o mena\u00e7ante, et un essai transform\u00e9 pour la ville de Nancy, qui a lanc\u00e9 cette guinguette d\u2019un genre nouveau, plac\u00e9 sous le signe de la solidarit\u00e9.<\/p>\n<p>Ouverte les jeudis, vendredis et samedis, cette guinguette \u00e9tait ainsi occup\u00e9e chaque semaine par une association diff\u00e9rente charg\u00e9e de l\u2019organisation et l\u2019animation, mais qui pouvait garder les b\u00e9n\u00e9fices du week-end pour financer des futures actions. Original, comme le concept des \u00ab\u00a0consommations suspendues\u00a0\u00bb donnant la possibilit\u00e9 aux clients qui le souhaitent d\u2019offrir au moment de payer une deuxi\u00e8me boisson \u00e0 une personne n\u2019ayant pas les moyens. Parfaitement dans l\u2019esprit \u00ab\u00a0solidaire\u00a0\u00bb\u2026<\/p>\n<p>  \u00abVraiment sympa comme ambiance\u00a0\u00bb<\/p>\n<p>Pour ce dernier week-end, c\u2019est le Secours Populaire 54 qui \u00e9tait aux manettes. Au programme\u00a0? De quoi se d\u00e9salt\u00e9rer et se rassasier dans un cadre bucolique, bien install\u00e9 sur du mat\u00e9riel de \u00ab\u00a0r\u00e9cup\u00a0\u00bb et diff\u00e9rents stands proposant des articles de brocantes, des cr\u00e9ations d\u2019artistes ou encore des bijoux malgaches.<\/p>\n<p><a href=\"https:\/\/www.estrepublicain.fr\/culture-loisirs\/2025\/07\/20\/jj-le-clown-anime-le-parc-de-la-mairie-les-vendredis\" target=\"_blank\" rel=\"noopener\">JJ le clown<\/a> a, quant \u00e0 lui, assur\u00e9 l\u2019animation dans l\u2019apr\u00e8s-midi avec des jeux et des \u00e9nigmes pour triturer les m\u00e9ninges des visiteurs. \u00ab\u00a0On est venus un peu par hasard car on a une amie qui est \u00e0 la maternit\u00e9, c\u2019est mignon ces petits si\u00e8ges, ces tables\u00a0\u00bb confiait Estelle en sirotant une boisson fra\u00eeche, \u00ab\u00a0c\u2019est vraiment sympa comme ambiance\u00a0\u00bb.<\/p>\n<p>  Plus long l\u2019ann\u00e9e prochaine\u00a0?<\/p>\n<p>\u00ab\u00a0C\u2019\u00e9tait int\u00e9ressant car cela a permis aux gens de d\u00e9couvrir diff\u00e9rentes associations caritatives\u00a0\u00bb confiait pour sa part Raymond Catala, b\u00e9n\u00e9vole au Secours Populaire 54, \u00ab\u00a0on a eu du monde, surtout apr\u00e8s 18h quand il faisait un peu moins chaud. Et ce vendredi, le public a beaucoup dans\u00e9 avec l\u2019animation country. C\u2019\u00e9tait assez fabuleux\u00a0\u00bb.<\/p>\n<p>De quoi avoir le sourire \u00e0 l\u2019heure du baisser de rideau. Et imaginer que si elle \u00e9tait reconduite l\u2019an prochain, la guinguette s\u2019\u00e9tende au mois d\u2019ao\u00fbt\u2026<\/p>\n","protected":false},"excerpt":{"rendered":"A voir son succ\u00e8s et les sourires sur les visages des visiteurs, beaucoup auraient sans doute bien aim\u00e9&hellip;\n","protected":false},"author":2,"featured_media":275591,"comment_status":"","ping_status":"","sticky":false,"template":"","format":"standard","meta":{"footnotes":""},"categories":[9635],"tags":[1111,11,1687,1704,1777,674,3326,1011,27,775,1702,1703,12,25],"class_list":{"0":"post-275590","1":"post","2":"type-post","3":"status-publish","4":"format-standard","5":"has-post-thumbnail","7":"category-nancy","8":"tag-actu","9":"tag-actualites","10":"tag-culture-loisirs","11":"tag-edition-nancy-et-agglomeration","12":"tag-eu","13":"tag-europe","14":"tag-fete-locale","15":"tag-fr","16":"tag-france","17":"tag-grand-est","18":"tag-nancy","19":"tag-nancy-ville-54b","20":"tag-news","21":"tag-republique-francaise"},"share_on_mastodon":{"url":"https:\/\/pubeurope.com\/@fr\/114920525944317736","error":""},"_links":{"self":[{"href":"https:\/\/www.europesays.com\/fr\/wp-json\/wp\/v2\/posts\/275590","targetHints":{"allow":["GET"]}}],"collection":[{"href":"https:\/\/www.europesays.com\/fr\/wp-json\/wp\/v2\/posts"}],"about":[{"href":"https:\/\/www.europesays.com\/fr\/wp-json\/wp\/v2\/types\/post"}],"author":[{"embeddable":true,"href":"https:\/\/www.europesays.com\/fr\/wp-json\/wp\/v2\/users\/2"}],"replies":[{"embeddable":true,"href":"https:\/\/www.europesays.com\/fr\/wp-json\/wp\/v2\/comments?post=275590"}],"version-history":[{"count":0,"href":"https:\/\/www.europesays.com\/fr\/wp-json\/wp\/v2\/posts\/275590\/revisions"}],"wp:featuredmedia":[{"embeddable":true,"href":"https:\/\/www.europesays.com\/fr\/wp-json\/wp\/v2\/media\/275591"}],"wp:attachment":[{"href":"https:\/\/www.europesays.com\/fr\/wp-json\/wp\/v2\/media?parent=275590"}],"wp:term":[{"taxonomy":"category","embeddable":true,"href":"https:\/\/www.europesays.com\/fr\/wp-json\/wp\/v2\/categories?post=275590"},{"taxonomy":"post_tag","embeddable":true,"href":"https:\/\/www.europesays.com\/fr\/wp-json\/wp\/v2\/tags?post=275590"}],"curies":[{"name":"wp","href":"https:\/\/api.w.org\/{rel}","templated":true}]}}