{"id":275598,"date":"2025-07-26T16:45:10","date_gmt":"2025-07-26T16:45:10","guid":{"rendered":"https:\/\/www.europesays.com\/fr\/275598\/"},"modified":"2025-07-26T16:45:10","modified_gmt":"2025-07-26T16:45:10","slug":"decouvrez-des-pepites-et-tresors-de-la-rue-aux-ours-nouveau-quartier-des-brocanteurs-de-rouen","status":"publish","type":"post","link":"https:\/\/www.europesays.com\/fr\/275598\/","title":{"rendered":"D\u00e9couvrez des p\u00e9pites et tr\u00e9sors de la rue aux Ours, \u00ab\u00a0nouveau\u00a0\u00bb quartier des brocanteurs de Rouen"},"content":{"rendered":"<p>            Par<br \/>\n        <strong><br \/>\n            <a href=\"https:\/\/actu.fr\/auteur\/fmass\" title=\"Consulter tous les articles de Fabien Massin\" rel=\"nofollow noopener\" target=\"_blank\">Fabien Massin<\/a><br \/>\n        <\/strong><\/p>\n<p>        Publi\u00e9 le<\/p>\n<p>            26 juil. 2025 \u00e0 18h12        <\/p>\n<p>Il y a le <a href=\"https:\/\/actu.fr\/normandie\/rouen_76540\/clou-de-la-sainte-croix-encrier-chien-decouvrez-les-pepites-insolites-des-antiquaires-de-rouen_60795306.html\" rel=\"nofollow noopener\" target=\"_blank\">fameux quartier des antiquaires<\/a> de <a href=\"https:\/\/actu.fr\/normandie\/rouen_76540\" rel=\"nofollow noopener\" target=\"_blank\">Rouen (Seine-Maritime)<\/a>, rue Damiette, il y a d\u00e9sormais le quartier des brocanteurs, avec l\u2019installation ces derni\u00e8res ann\u00e9es de plusieurs boutiques sp\u00e9cialis\u00e9es, <strong>rue aux Ours<\/strong>.\u00a0<\/p>\n<p>Une signal\u00e9tique \u00ab\u00a0quartier des brocanteurs\u00a0\u00bb<\/p>\n<p class=\" wall-content\">Depuis une dizaine d\u2019ann\u00e9es, sont arriv\u00e9es ainsi La brocante, Art\u2019Antik (galerie tourn\u00e9e vers les antiquit\u00e9s), SBS collections, Les trois brocantes, <a href=\"https:\/\/actu.fr\/normandie\/rouen_76540\/video-une-nouvelle-brocante-ouvre-ses-portes-rue-aux-ours-a-rouen_61339188.html\" rel=\"nofollow noopener\" target=\"_blank\">L\u2019autre brocante<\/a> ou encore la boutique de brocante. Et la ville a bien not\u00e9 cette \u00e9volution de la rue en installant une signal\u00e9tique aux deux entr\u00e9es de la rue, indiquant la direction du \u00ab\u00a0quartier des brocanteurs\u00a0\u00bb.\u00a0<\/p>\n<p class=\" wall-content\">\u00ab\u00a0On s\u2019est tous connus sur le march\u00e9 de la place Saint-Marc,<strong> l\u00e0-bas c\u2019est le noyau, <\/strong>explique Bertrand, \u00e0 SBS collections depuis 10 ans, et dans le m\u00e9tier depuis 27 ans. On est tous copains, et dans les diff\u00e9rentes boutiques on est souvent plusieurs \u00e0 la tenir. L\u2019union fait la force, on partage les charges et on se relaye sur place, \u00e7a nous d\u00e9gage du temps.\u00a0\u00bb<\/p>\n<p class=\" wall-content\"><strong>\u2022 Voici quelques p\u00e9pites que l\u2019on peut trouver dans l\u2019une des brocantes :<\/strong><\/p>\n<p>Suivez l\u2019actualit\u00e9 de Rouen sur notre <a href=\"https:\/\/www.whatsapp.com\/channel\/0029VaKfnf99hXF2ddApFB1D\" rel=\"nofollow noopener\" target=\"_blank\">cha\u00eene WhatsApp<\/a> et sur notre <a href=\"https:\/\/www.tiktok.com\/@76actu.fr?lang=fr\" rel=\"nofollow noopener\" target=\"_blank\">compte TikTok<\/a><\/p>\n<p class=\" wall-content\">Suivez toute l\u2019actualit\u00e9 de vos villes et m\u00e9dias favoris en vous inscrivant \u00e0 <a href=\"https:\/\/moncompte.actu.fr\" title=\"D\u00e9couvez Mon Actu\" rel=\"nofollow noopener\" data-trk=\"{&quot;cta&quot;:{&quot;action&quot;:&quot;https:\\\/\\\/moncompte.actu.fr&quot;,&quot;category&quot;:&quot;mon compte&quot;,&quot;from&quot;:&quot;article footer&quot;,&quot;name&quot;:&quot;Mon actu&quot;,&quot;type&quot;:&quot;cta&quot;}}\" target=\"_blank\">Mon Actu<\/a>.<\/p>\n<p>                    <script async src=\"\/\/www.tiktok.com\/embed.js\"><\/script><\/p>\n","protected":false},"excerpt":{"rendered":"Par Fabien Massin Publi\u00e9 le 26 juil. 2025 \u00e0 18h12 Il y a le fameux quartier des antiquaires&hellip;\n","protected":false},"author":2,"featured_media":275599,"comment_status":"","ping_status":"","sticky":false,"template":"","format":"standard","meta":{"footnotes":""},"categories":[9587],"tags":[1111,11,1477,6961,1777,674,1011,27,1757,1652,12,5161,25,9590],"class_list":{"0":"post-275598","1":"post","2":"type-post","3":"status-publish","4":"format-standard","5":"has-post-thumbnail","7":"category-rouen","8":"tag-actu","9":"tag-actualites","10":"tag-artisanat","11":"tag-brocante","12":"tag-eu","13":"tag-europe","14":"tag-fr","15":"tag-france","16":"tag-insolite","17":"tag-loisirs-culture","18":"tag-news","19":"tag-normandie","20":"tag-republique-francaise","21":"tag-rouen"},"share_on_mastodon":{"url":"https:\/\/pubeurope.com\/@fr\/114920549411223450","error":""},"_links":{"self":[{"href":"https:\/\/www.europesays.com\/fr\/wp-json\/wp\/v2\/posts\/275598","targetHints":{"allow":["GET"]}}],"collection":[{"href":"https:\/\/www.europesays.com\/fr\/wp-json\/wp\/v2\/posts"}],"about":[{"href":"https:\/\/www.europesays.com\/fr\/wp-json\/wp\/v2\/types\/post"}],"author":[{"embeddable":true,"href":"https:\/\/www.europesays.com\/fr\/wp-json\/wp\/v2\/users\/2"}],"replies":[{"embeddable":true,"href":"https:\/\/www.europesays.com\/fr\/wp-json\/wp\/v2\/comments?post=275598"}],"version-history":[{"count":0,"href":"https:\/\/www.europesays.com\/fr\/wp-json\/wp\/v2\/posts\/275598\/revisions"}],"wp:featuredmedia":[{"embeddable":true,"href":"https:\/\/www.europesays.com\/fr\/wp-json\/wp\/v2\/media\/275599"}],"wp:attachment":[{"href":"https:\/\/www.europesays.com\/fr\/wp-json\/wp\/v2\/media?parent=275598"}],"wp:term":[{"taxonomy":"category","embeddable":true,"href":"https:\/\/www.europesays.com\/fr\/wp-json\/wp\/v2\/categories?post=275598"},{"taxonomy":"post_tag","embeddable":true,"href":"https:\/\/www.europesays.com\/fr\/wp-json\/wp\/v2\/tags?post=275598"}],"curies":[{"name":"wp","href":"https:\/\/api.w.org\/{rel}","templated":true}]}}