{"id":275616,"date":"2025-07-26T16:58:10","date_gmt":"2025-07-26T16:58:10","guid":{"rendered":"https:\/\/www.europesays.com\/fr\/275616\/"},"modified":"2025-07-26T16:58:10","modified_gmt":"2025-07-26T16:58:10","slug":"les-verites-de-kermit-lynch-limportateur-mythique-de-vins-francais-aux-etats-unis","status":"publish","type":"post","link":"https:\/\/www.europesays.com\/fr\/275616\/","title":{"rendered":"les v\u00e9rit\u00e9s de Kermit Lynch, l\u2019importateur mythique de vins fran\u00e7ais aux \u00c9tats-Unis"},"content":{"rendered":"<p>    Kermit Lynch, dans sa maison en Provence.<br \/>\n                Jimmy Hayes<\/p>\n<p><strong>RENCONTRE &#8211;<\/strong> Reconnu comme l\u2019un des ambassadeurs les plus influents des vins fran\u00e7ais aux \u00c9tats-Unis, Kermit Lynch appara\u00eet aujourd\u2019hui comme l\u2019un des observateurs les plus \u00e0 m\u00eame de porter un regard sans concession sur un monde du vin plong\u00e9 dans la tourmente.<\/p>\n<p class=\"fig-paragraph\">Une qu\u00eate obsessionnelle de puret\u00e9. C\u2019est ainsi que Jim Harrison d\u00e9crit la trajectoire de\u00a0<a href=\"https:\/\/avis-vin.lefigaro.fr\/domaines-et-vignerons\/kermit-lynch-ecrivain-cela-me-convient-20171225\" target=\"_blank\" data-fig-type=\"Article\" rel=\"noopener\" data-gtm-custom-categorie=\"navigation\" data-gtm-custom-action=\"crossclick\" data-gtm-custom-label=\"Contextuel\" data-gtm-event=\"customEventSPE\" data-fig-domain=\"AVIS_VIN\">Kermit Lynch, le plus c\u00e9l\u00e8bre des importateurs de vins fran\u00e7ais aux \u00c9tats-Unis<\/a>, dans la pr\u00e9face de l\u2019ouvrage Mes aventures sur les routes du vin, paru en 1988, r\u00e9\u00e9dit\u00e9 depuis. Plus de trois d\u00e9cennies apr\u00e8s sa parution, le r\u00e9cit du n\u00e9gociant californien n\u2019a rien perdu de sa superbe, et c\u2019est avec la m\u00eame ferveur qu\u2019il continue aujourd\u2019hui \u00e0 officier depuis sa r\u00e9sidence secr\u00e8te situ\u00e9e pr\u00e8s de Cassis, en Provence. \u00c2g\u00e9 de 83 ans, il nous accueille ce jour-l\u00e0 dans son salon, pr\u00eat \u00e0 d\u00e9boucher un blanc corse 2013 d\u2019Antoine Arena, vigneron embl\u00e9matique de\u00a0<a href=\"https:\/\/avis-vin.lefigaro.fr\/connaitre-deguster\/tout-savoir-sur-le-vin\/guide-des-regions-et-des-appellations\/corse\/appellation-patrimonio\" target=\"_blank\" rel=\"noopener\" data-gtm-custom-categorie=\"navigation\" data-gtm-custom-action=\"crossclick\" data-gtm-custom-label=\"Contextuel\" data-gtm-event=\"customEventSPE\">Patrimonio<\/a>. \u00ab\u00c0 l\u2019\u00e9poque, je d\u00e9plorais le manque de structure du\u00a0<a href=\"https:\/\/avis-vin.lefigaro.fr\/connaitre-deguster\/tout-savoir-sur-le-vin\/guide-des-cepages\/biancu-gentille\" target=\"_blank\" rel=\"noopener\" data-gtm-custom-categorie=\"navigation\" data-gtm-custom-action=\"crossclick\" data-gtm-custom-label=\"Contextuel\" data-gtm-event=\"customEventSPE\">biancu gentile<\/a> \u00a0corse. Je m\u2019en suis ouvert \u00e0 Antoine, et lui ai sugg\u00e9r\u00e9 humblement de jouer sur l\u2019assemblage en ajoutant du\u00a0<a href=\"https:\/\/avis-vin.lefigaro.fr\/connaitre-deguster\/tout-savoir-sur-le-vin\/guide-des-cepages\/vermentino\" target=\"_blank\" rel=\"noopener\" data-gtm-custom-categorie=\"navigation\" data-gtm-custom-action=\"crossclick\" data-gtm-custom-label=\"Contextuel\" data-gtm-event=\"customEventSPE\">vermentino<\/a> . Et voil\u00e0 le r\u00e9sultat. C\u2019est un bel hommage\u00bb, glisse-t-il non sans malice en nous servant un premier verre.<\/p>\n<p class=\"fig-paragraph\">Cette humilit\u00e9, touchante, appara\u00eet d\u2019autant plus remarquable lorsque l\u2019on sait qu\u2019il aura \u00e9t\u00e9 l\u2019un des premiers \u00e0 tenir t\u00eate aux cadors internationaux du monde du vin \u2013 \u00e0 commencer par le c\u00e9l\u00e8bre Robert Parker, critique de vins am\u00e9ricain rendu c\u00e9l\u00e8bre pour avoir impos\u00e9 sa grille de notation et ses crit\u00e8res de d\u00e9gustation \u00e0 l\u2019ensemble du vignoble fran\u00e7ais \u00e0 partir du d\u00e9but des ann\u00e9es 1980, sur lequel il porte aujourd\u2019hui\u2026<\/p>\n<p class=\"fig-premium-paywall__infos\">\n        Cet article est r\u00e9serv\u00e9 aux abonn\u00e9s.        Il vous reste 82% \u00e0 d\u00e9couvrir.\n    <\/p>\n<p>                <img  data- alt=\"Le Figaro\" class=\"fig-img--complete fig-img\"\/><\/p>\n<p class=\"fig-premium-paywall__title\">Vous avez envie de lire la suite ?<\/p>\n<p class=\"fig-premium-paywall__subtitle\">D\u00e9bloquez tous les articles imm\u00e9diatement.<\/p>\n<p class=\"fig-premium-paywall__connect\">\n                D\u00e9j\u00e0 abonn\u00e9\u00a0?                <a class=\"fig-premium-paywall__connect-link\" href=\"https:\/\/connect.lefigaro.fr\/login?client=vin_web&amp;type=main&amp;redirect_uri=https%3A%2F%2Favis-vin.lefigaro.fr%2Feconomie-du-vin%2Fbordeaux-s-est-plie-a-parker-pour-l-argent-les-verites-de-kermit-lynch-l-importateur-mythique-de-vins-francais-aux-etats-unis-20250726\" data-js-gtm=\"{&quot;customCategorie&quot;: &quot;conversion&quot;, &quot;customAction&quot;: &quot;before_Landing_Connexion_paywall_manuel&quot;, &quot;customLabel&quot;: &quot;YXZpcy12aW4ubGVmaWdhcm8uZnJfXzFmMDRiNWVhLTJjODItNjM4MC1hNzIyLTJiNTgwYWY5MjY4Yl9fQXJ0aWNsZQ==_\u00abBordeaux s\u2019est pli\u00e9 \u00e0 Parker pour l\u2019argent\u00bb\u00a0: les v\u00e9rit\u00e9s de Kermit Lynch, l\u2019importateur mythique de vins fran\u00e7ais aux \u00c9tats-Unis_424&quot;, &quot;customIDSPE&quot;: &quot;YXZpcy12aW4ubGVmaWdhcm8uZnJfXzFmMDRiNWVhLTJjODItNjM4MC1hNzIyLTJiNTgwYWY5MjY4Yl9fQXJ0aWNsZQ==&quot;, &quot;event&quot;: &quot;customEventSPE&quot;}\" target=\"_blank\" rel=\"noopener\"><br \/>\n                    Connectez-vous<br \/>\n                <\/a>\n            <\/p>\n","protected":false},"excerpt":{"rendered":"Kermit Lynch, dans sa maison en Provence. Jimmy Hayes RENCONTRE &#8211; Reconnu comme l\u2019un des ambassadeurs les plus&hellip;\n","protected":false},"author":2,"featured_media":275617,"comment_status":"","ping_status":"","sticky":false,"template":"","format":"standard","meta":{"footnotes":""},"categories":[2817],"tags":[1111,11,1997,1777,674,21821,1011,27,12,2219,25],"class_list":{"0":"post-275616","1":"post","2":"type-post","3":"status-publish","4":"format-standard","5":"has-post-thumbnail","7":"category-bordeaux","8":"tag-actu","9":"tag-actualites","10":"tag-bordeaux","11":"tag-eu","12":"tag-europe","13":"tag-exportations","14":"tag-fr","15":"tag-france","16":"tag-news","17":"tag-nouvelle-aquitaine","18":"tag-republique-francaise"},"share_on_mastodon":{"url":"https:\/\/pubeurope.com\/@fr\/114920600648410576","error":""},"_links":{"self":[{"href":"https:\/\/www.europesays.com\/fr\/wp-json\/wp\/v2\/posts\/275616","targetHints":{"allow":["GET"]}}],"collection":[{"href":"https:\/\/www.europesays.com\/fr\/wp-json\/wp\/v2\/posts"}],"about":[{"href":"https:\/\/www.europesays.com\/fr\/wp-json\/wp\/v2\/types\/post"}],"author":[{"embeddable":true,"href":"https:\/\/www.europesays.com\/fr\/wp-json\/wp\/v2\/users\/2"}],"replies":[{"embeddable":true,"href":"https:\/\/www.europesays.com\/fr\/wp-json\/wp\/v2\/comments?post=275616"}],"version-history":[{"count":0,"href":"https:\/\/www.europesays.com\/fr\/wp-json\/wp\/v2\/posts\/275616\/revisions"}],"wp:featuredmedia":[{"embeddable":true,"href":"https:\/\/www.europesays.com\/fr\/wp-json\/wp\/v2\/media\/275617"}],"wp:attachment":[{"href":"https:\/\/www.europesays.com\/fr\/wp-json\/wp\/v2\/media?parent=275616"}],"wp:term":[{"taxonomy":"category","embeddable":true,"href":"https:\/\/www.europesays.com\/fr\/wp-json\/wp\/v2\/categories?post=275616"},{"taxonomy":"post_tag","embeddable":true,"href":"https:\/\/www.europesays.com\/fr\/wp-json\/wp\/v2\/tags?post=275616"}],"curies":[{"name":"wp","href":"https:\/\/api.w.org\/{rel}","templated":true}]}}