{"id":275622,"date":"2025-07-26T17:01:09","date_gmt":"2025-07-26T17:01:09","guid":{"rendered":"https:\/\/www.europesays.com\/fr\/275622\/"},"modified":"2025-07-26T17:01:09","modified_gmt":"2025-07-26T17:01:09","slug":"toulouse-en-prend-sept-dans-la-tronche-en-amical-contre-leipzig-amical-rb-leipzig-toulouse-7-0","status":"publish","type":"post","link":"https:\/\/www.europesays.com\/fr\/275622\/","title":{"rendered":"Toulouse en prend sept dans la tronche en amical contre Leipzig &#8211; Amical &#8211; RB Leipzig-Toulouse (7-0)"},"content":{"rendered":"<p>Elle va \u00eatre belle la saison toulousaine !<\/p>\n<p><strong>Confront\u00e9 au RB Leipzig en match amical<\/strong> ce samedi, Toulouse s\u2019est fait foudroyer fa\u00e7on Br\u00e9sil-Allemagne 2014. <strong>Le T\u00e9f\u00e9c\u00e9 s\u2019est inclin\u00e9 7-0 face au club allemand<\/strong> \u00e0 Villingen-Schwenningen. Les Violets n\u2019ont toujours pas gagn\u00e9 dans cette pr\u00e9paration, eux qui avaient fait match nul face \u00e0 Pau (0-0) et perdu face \u00e0 QPR (1-2).<\/p>\n<p>Priv\u00e9s de Zakaria Aboukhlal \u2013 <a target=\"_blank\" href=\"https:\/\/www.sofoot.com\/breves\/zakaria-aboukhlal-va-signer-en-italie\" rel=\"nofollow noopener\">en partance pour le Torino<\/a> \u2013 et du capitaine Vincent Sierro, les hommes de Carles Mart\u00ednez Novell ont rapidement compris qu\u2019ils allaient passer une apr\u00e8s-midi compliqu\u00e9e, avec cinq buts encaiss\u00e9s d\u00e8s les 40 premi\u00e8res minutes de jeu. Lo\u00efs Openda a plant\u00e9 un doubl\u00e9, tandis que Xaver Schlager, El Chadaille Bitshiabu, Johan Bakayoko, Yan Diomande et Ezechiel Banzuzi ont eux aussi trouv\u00e9 le chemin des filets. Mercredi, les Toulousains effectueront un stage en Autriche et affronteront le club saoudien d\u2019Al-Nassr.<\/p>\n<p>Il s\u2019agira de mieux d\u00e9fendre face \u00e0 Cristiano Ronaldo.<\/p>\n<p>\u00a0<\/p>\n<p>\t\t\t\t\t\t\t\t\t\t<a class=\"lien-connexe\" href=\"https:\/\/www.sofoot.com\/breves\/en-amical-a-grodig-en-autriche-logc-nice-simpose-face-a-feyenoord-mais-perd-contre-sankt-pauli\" rel=\"nofollow noopener\" target=\"_blank\">Nice s&rsquo;impose face \u00e0 Feyenoord&#8230; mais perd contre Sankt Pauli<\/a>\t\t\t\t\t<\/p>\n","protected":false},"excerpt":{"rendered":"Elle va \u00eatre belle la saison toulousaine ! Confront\u00e9 au RB Leipzig en match amical ce samedi, Toulouse&hellip;\n","protected":false},"author":2,"featured_media":275623,"comment_status":"","ping_status":"","sticky":false,"template":"","format":"standard","meta":{"footnotes":""},"categories":[2816],"tags":[1111,47,11,61,69,65,64,1777,674,63,1011,27,68,66,12,62,2680,70,25,67,2312],"class_list":{"0":"post-275622","1":"post","2":"type-post","3":"status-publish","4":"format-standard","5":"has-post-thumbnail","7":"category-toulouse","8":"tag-actu","9":"tag-actualite","10":"tag-actualites","11":"tag-actus-football","12":"tag-bundesliga","13":"tag-championnats-europeens","14":"tag-equipe-de-france","15":"tag-eu","16":"tag-europe","17":"tag-football","18":"tag-fr","19":"tag-france","20":"tag-ligua","21":"tag-ligue-1","22":"tag-news","23":"tag-news-foot","24":"tag-occitanie","25":"tag-premier-league","26":"tag-republique-francaise","27":"tag-serie-a","28":"tag-toulouse"},"share_on_mastodon":{"url":"https:\/\/pubeurope.com\/@fr\/114920612340623519","error":""},"_links":{"self":[{"href":"https:\/\/www.europesays.com\/fr\/wp-json\/wp\/v2\/posts\/275622","targetHints":{"allow":["GET"]}}],"collection":[{"href":"https:\/\/www.europesays.com\/fr\/wp-json\/wp\/v2\/posts"}],"about":[{"href":"https:\/\/www.europesays.com\/fr\/wp-json\/wp\/v2\/types\/post"}],"author":[{"embeddable":true,"href":"https:\/\/www.europesays.com\/fr\/wp-json\/wp\/v2\/users\/2"}],"replies":[{"embeddable":true,"href":"https:\/\/www.europesays.com\/fr\/wp-json\/wp\/v2\/comments?post=275622"}],"version-history":[{"count":0,"href":"https:\/\/www.europesays.com\/fr\/wp-json\/wp\/v2\/posts\/275622\/revisions"}],"wp:featuredmedia":[{"embeddable":true,"href":"https:\/\/www.europesays.com\/fr\/wp-json\/wp\/v2\/media\/275623"}],"wp:attachment":[{"href":"https:\/\/www.europesays.com\/fr\/wp-json\/wp\/v2\/media?parent=275622"}],"wp:term":[{"taxonomy":"category","embeddable":true,"href":"https:\/\/www.europesays.com\/fr\/wp-json\/wp\/v2\/categories?post=275622"},{"taxonomy":"post_tag","embeddable":true,"href":"https:\/\/www.europesays.com\/fr\/wp-json\/wp\/v2\/tags?post=275622"}],"curies":[{"name":"wp","href":"https:\/\/api.w.org\/{rel}","templated":true}]}}