{"id":275624,"date":"2025-07-26T17:03:17","date_gmt":"2025-07-26T17:03:17","guid":{"rendered":"https:\/\/www.europesays.com\/fr\/275624\/"},"modified":"2025-07-26T17:03:17","modified_gmt":"2025-07-26T17:03:17","slug":"lille-larchitecture-derriere-la-fete","status":"publish","type":"post","link":"https:\/\/www.europesays.com\/fr\/275624\/","title":{"rendered":"Lille : l&rsquo;architecture derri\u00e8re la f\u00eate"},"content":{"rendered":"<p>\nDes confettis emprisonn\u00e9s dans du b\u00e9ton, un bar-voiture \u00e9ph\u00e9m\u00e8re, des installations techniques pour diffuser du son\u2026 L&rsquo;exposition \u00ab L&rsquo;envers de la f\u00eate \u00bb pr\u00e9sent\u00e9e \u00e0 Lille (Nord) jusqu&rsquo;au 7 septembre par le Waao, centre d&rsquo;architecture et d&rsquo;urbanisme, en partenariat avec le Bazaar St So (tiers-lieu d\u00e9di\u00e9 \u00e0 l&rsquo;\u00e9conomie cr\u00e9ative, avec 350 r\u00e9sidents), met en lumi\u00e8re les coulisses de la f\u00eate et ses temporalit\u00e9s. \u00ab Cette discr\u00e8te et \u00e9ph\u00e9m\u00e8re architecture de libert\u00e9, que l&rsquo;on retrouve dans les th\u00e9\u00e2tres, les discoth\u00e8ques ou les grands festivals, g\u00e9n\u00e8re des configurations sociales \u00e0 partir de configurations spatiales \u00bb, explique L\u00e9onie Debraband\u00e8re, directrice du Waao. Ici, le \u00ab Ball Theater \u00bb, boule \u00e0 facettes immersive cr\u00e9\u00e9e en 2023 par l&rsquo;agence Studio Muoto pour la biennale d&rsquo;architecture de Venise, s&rsquo;est vu ajouter une enseigne syndicale et des \u00e9crans mettant en sc\u00e8ne les dispositifs techniques et sc\u00e9nographiques, souvent invisibles durant la f\u00eate.<\/p>\n","protected":false},"excerpt":{"rendered":"Des confettis emprisonn\u00e9s dans du b\u00e9ton, un bar-voiture \u00e9ph\u00e9m\u00e8re, des installations techniques pour diffuser du son\u2026 L&rsquo;exposition \u00ab&hellip;\n","protected":false},"author":2,"featured_media":275625,"comment_status":"","ping_status":"","sticky":false,"template":"","format":"standard","meta":{"footnotes":""},"categories":[2815],"tags":[1111,11,1350,1777,674,3293,1011,27,811,8071,1307,12,1308,15932,25,1352],"class_list":{"0":"post-275624","1":"post","2":"type-post","3":"status-publish","4":"format-standard","5":"has-post-thumbnail","7":"category-lille","8":"tag-actu","9":"tag-actualites","10":"tag-architecture","11":"tag-eu","12":"tag-europe","13":"tag-exposition","14":"tag-fr","15":"tag-france","16":"tag-hauts-de-france","17":"tag-hauts-de-france-et-nor","18":"tag-lille","19":"tag-news","20":"tag-nord","21":"tag-profession","22":"tag-republique-francaise","23":"tag-urbanisme"},"share_on_mastodon":{"url":"https:\/\/pubeurope.com\/@fr\/114920620319177978","error":""},"_links":{"self":[{"href":"https:\/\/www.europesays.com\/fr\/wp-json\/wp\/v2\/posts\/275624","targetHints":{"allow":["GET"]}}],"collection":[{"href":"https:\/\/www.europesays.com\/fr\/wp-json\/wp\/v2\/posts"}],"about":[{"href":"https:\/\/www.europesays.com\/fr\/wp-json\/wp\/v2\/types\/post"}],"author":[{"embeddable":true,"href":"https:\/\/www.europesays.com\/fr\/wp-json\/wp\/v2\/users\/2"}],"replies":[{"embeddable":true,"href":"https:\/\/www.europesays.com\/fr\/wp-json\/wp\/v2\/comments?post=275624"}],"version-history":[{"count":0,"href":"https:\/\/www.europesays.com\/fr\/wp-json\/wp\/v2\/posts\/275624\/revisions"}],"wp:featuredmedia":[{"embeddable":true,"href":"https:\/\/www.europesays.com\/fr\/wp-json\/wp\/v2\/media\/275625"}],"wp:attachment":[{"href":"https:\/\/www.europesays.com\/fr\/wp-json\/wp\/v2\/media?parent=275624"}],"wp:term":[{"taxonomy":"category","embeddable":true,"href":"https:\/\/www.europesays.com\/fr\/wp-json\/wp\/v2\/categories?post=275624"},{"taxonomy":"post_tag","embeddable":true,"href":"https:\/\/www.europesays.com\/fr\/wp-json\/wp\/v2\/tags?post=275624"}],"curies":[{"name":"wp","href":"https:\/\/api.w.org\/{rel}","templated":true}]}}