{"id":275630,"date":"2025-07-26T17:06:10","date_gmt":"2025-07-26T17:06:10","guid":{"rendered":"https:\/\/www.europesays.com\/fr\/275630\/"},"modified":"2025-07-26T17:06:10","modified_gmt":"2025-07-26T17:06:10","slug":"deux-dealeurs-sans-papiers-arretes-a-la-guillotiere-grace-a-la-videoprotection","status":"publish","type":"post","link":"https:\/\/www.europesays.com\/fr\/275630\/","title":{"rendered":"deux dealeurs sans papiers arr\u00eat\u00e9s \u00e0 La Guilloti\u00e8re gr\u00e2ce \u00e0 la\u00a0vid\u00e9oprotection"},"content":{"rendered":"<p itemprop=\"description\"><strong>Ils ont \u00e9t\u00e9 rep\u00e9r\u00e9s par les forces de l\u2019ordre via les cam\u00e9ras de la Ville.<\/strong><\/p>\n<p>Le point de deal, situ\u00e9 entre les places Pierre-Simon-Ballanche et Gabriel-P\u00e9ri, \u00e9tait sous surveillance depuis plusieurs jours, apr\u00e8s des interpellations pr\u00e9c\u00e9dentes. <\/p>\n<p>Vendredi 25 juillet, vers 20h30, deux individus ont \u00e9t\u00e9 vus en train de vendre de la drogue par les policiers de la brigade sp\u00e9cialis\u00e9e de terrain, gr\u00e2ce aux images transmises par le centre de supervision urbain (CSU).<\/p>\n<p>\u00c2g\u00e9s de 18 et 28 ans, les deux hommes, en situation irr\u00e9guli\u00e8re et sans domicile fixe, ont \u00e9t\u00e9 interpell\u00e9s et plac\u00e9s en garde \u00e0 vue. Lors de l\u2019intervention, un acheteur, un Villeurbannais de 29 ans, porteur de r\u00e9sine de cannabis, a lui aussi \u00e9t\u00e9 arr\u00eat\u00e9.<\/p>\n<p>L\u2019enqu\u00eate a permis la saisie de 15 sachets de cannabis, principalement de la r\u00e9sine, dont 14 dissimul\u00e9s \u00e0 proximit\u00e9 de la place Ballanche et un en possession d\u2019un des vendeurs.<\/p>\n","protected":false},"excerpt":{"rendered":"Ils ont \u00e9t\u00e9 rep\u00e9r\u00e9s par les forces de l\u2019ordre via les cam\u00e9ras de la Ville. Le point de&hellip;\n","protected":false},"author":2,"featured_media":275631,"comment_status":"","ping_status":"","sticky":false,"template":"","format":"standard","meta":{"footnotes":""},"categories":[1889],"tags":[1111,11,2813,2190,2430,1109,251,1112,2811,1777,674,118,1011,27,1922,1110,1114,2428,2810,12,241,316,25,2812,517,800],"class_list":{"0":"post-275630","1":"post","2":"type-post","3":"status-publish","4":"format-standard","5":"has-post-thumbnail","7":"category-lyon","8":"tag-actu","9":"tag-actualites","10":"tag-article","11":"tag-asvel","12":"tag-auvergne-rhone-alpes","13":"tag-breves","14":"tag-culture","15":"tag-depeches","16":"tag-economique","17":"tag-eu","18":"tag-europe","19":"tag-faits-divers","20":"tag-fr","21":"tag-france","22":"tag-info","23":"tag-informations","24":"tag-infos","25":"tag-lyon","26":"tag-lyonmag","27":"tag-news","28":"tag-ol","29":"tag-politique","30":"tag-republique-francaise","31":"tag-sociale","32":"tag-sport","33":"tag-transports"},"share_on_mastodon":{"url":"https:\/\/pubeurope.com\/@fr\/114920632071997862","error":""},"_links":{"self":[{"href":"https:\/\/www.europesays.com\/fr\/wp-json\/wp\/v2\/posts\/275630","targetHints":{"allow":["GET"]}}],"collection":[{"href":"https:\/\/www.europesays.com\/fr\/wp-json\/wp\/v2\/posts"}],"about":[{"href":"https:\/\/www.europesays.com\/fr\/wp-json\/wp\/v2\/types\/post"}],"author":[{"embeddable":true,"href":"https:\/\/www.europesays.com\/fr\/wp-json\/wp\/v2\/users\/2"}],"replies":[{"embeddable":true,"href":"https:\/\/www.europesays.com\/fr\/wp-json\/wp\/v2\/comments?post=275630"}],"version-history":[{"count":0,"href":"https:\/\/www.europesays.com\/fr\/wp-json\/wp\/v2\/posts\/275630\/revisions"}],"wp:featuredmedia":[{"embeddable":true,"href":"https:\/\/www.europesays.com\/fr\/wp-json\/wp\/v2\/media\/275631"}],"wp:attachment":[{"href":"https:\/\/www.europesays.com\/fr\/wp-json\/wp\/v2\/media?parent=275630"}],"wp:term":[{"taxonomy":"category","embeddable":true,"href":"https:\/\/www.europesays.com\/fr\/wp-json\/wp\/v2\/categories?post=275630"},{"taxonomy":"post_tag","embeddable":true,"href":"https:\/\/www.europesays.com\/fr\/wp-json\/wp\/v2\/tags?post=275630"}],"curies":[{"name":"wp","href":"https:\/\/api.w.org\/{rel}","templated":true}]}}