{"id":275637,"date":"2025-07-26T17:11:25","date_gmt":"2025-07-26T17:11:25","guid":{"rendered":"https:\/\/www.europesays.com\/fr\/275637\/"},"modified":"2025-07-26T17:11:25","modified_gmt":"2025-07-26T17:11:25","slug":"quatre-bulgares-bientot-juges-pour-des-tags-sur-le-memorial-de-la-shoah-a-paris","status":"publish","type":"post","link":"https:\/\/www.europesays.com\/fr\/275637\/","title":{"rendered":"Quatre Bulgares bient\u00f4t jug\u00e9s pour des tags sur le M\u00e9morial de la Shoah \u00e0 Paris"},"content":{"rendered":"<p>Quatre hommes de nationalit\u00e9 bulgare seront jug\u00e9s \u00e0 l&rsquo;automne en France dans l&rsquo;affaire des \u00ab\u00a0mains rouges\u00a0\u00bb tagu\u00e9es en mai 2024 sur le M\u00e9morial de la Shoah situ\u00e9 \u00e0 Paris, a indiqu\u00e9 samedi le Parquet, confirmant une information de la cha\u00eene franceinfo.<\/p>\n<p><a href=\"https:\/\/www.france24.com\/fr\/info-en-continu\/20240514-des-mains-rouges-tagu\u00e9es-sur-le-m\u00e9morial-de-la-shoah-et-des-fa\u00e7ades-\u00e0-paris\" rel=\"nofollow noopener\" target=\"_blank\" data-ylk=\"slk:L&#039;affaire des &quot;mains rouges&quot; tagu\u00e9es sur le M\u00e9morial de la Shoah;elm:context_link;itc:0;sec:content-canvas\" class=\"link \">L&rsquo;affaire des \u00ab\u00a0mains rouges\u00a0\u00bb tagu\u00e9es sur le M\u00e9morial de la Shoah<\/a>, en mai 2024, va se poursuivre au tribunal correctionnel de Paris. Quatre hommes de nationalit\u00e9 bulgare vont compara\u00eetre devant la justice fran\u00e7aise \u00e0 ce sujet \u00e0 l&rsquo;automne prochain, a indiqu\u00e9 samedi 26 juillet le parquet, confirmant <a href=\"https:\/\/www.franceinfo.fr\/faits-divers\/info-franceinfo-tags-de-mains-rouges-au-memorial-de-la-shoah-quatre-hommes-de-nationalite-bulgare-seront-juges-en-fin-d-annee_7399162.html\" rel=\"nofollow noopener\" target=\"_blank\" data-ylk=\"slk:une information de franceinfo;elm:context_link;itc:0;sec:content-canvas\" class=\"link \">une information de franceinfo<\/a>.<\/p>\n<p>Trois d&rsquo;entre eux sont en d\u00e9tention provisoire depuis leur extradition depuis la Croatie et la Bulgarie, \u00ab\u00a0la quatri\u00e8me personne, en fuite, fait l&rsquo;objet d&rsquo;un mandat d&rsquo;arr\u00eat et pourra \u00eatre jug\u00e9e en son absence\u00a0\u00bb, a pr\u00e9cis\u00e9 le parquet.<\/p>\n<p>Une juge d&rsquo;instruction a ordonn\u00e9 jeudi que trois suspects soient jug\u00e9s pour d\u00e9gradations en r\u00e9union et en raison de la pr\u00e9tendue appartenance \u00e0 une race, ethnie ou religion, ainsi que pour association de malfaiteurs, a-t-il d\u00e9taill\u00e9.<\/p>\n<p>\u00c0 lire aussi<a href=\"https:\/\/www.france24.com\/fr\/france\/20250703-france-actes-antimusulmans-bondissent-75-actes-antis\u00e9mites-niveau-tr\u00e8s-\u00e9lev\u00e9\" class=\"link \" rel=\"nofollow noopener\" target=\"_blank\" data-ylk=\"slk:France : les actes antimusulmans bondissent de 75 %, les actes antis\u00e9mites \u00e0 un niveau &quot;tr\u00e8s \u00e9lev\u00e9&quot;;elm:context_link;itc:0;sec:content-canvas\">France : les actes antimusulmans bondissent de 75 %, les actes antis\u00e9mites \u00e0 un niveau \u00ab\u00a0tr\u00e8s \u00e9lev\u00e9\u00a0\u00bb<\/a><\/p>\n<p>La quatri\u00e8me personne, soup\u00e7onn\u00e9e \u00ab\u00a0d&rsquo;avoir effectu\u00e9 les r\u00e9servations d&rsquo;h\u00e9bergement et de transports des auteurs principaux, est poursuivie pour la complicit\u00e9 des d\u00e9gradations aggrav\u00e9es et pour association de malfaiteurs\u00a0\u00bb, a-t-il ajout\u00e9.<\/p>\n<p>Dans la nuit du 13 au 14 mai 2024, <a href=\"https:\/\/www.france24.com\/fr\/info-en-continu\/20240514-des-mains-rouges-tagu\u00e9es-sur-le-m\u00e9morial-de-la-shoah-et-des-fa\u00e7ades-\u00e0-paris\" rel=\"nofollow noopener\" target=\"_blank\" data-ylk=\"slk:35 tags repr\u00e9sentants des &quot;mains rouges&quot;;elm:context_link;itc:0;sec:content-canvas\" class=\"link \">35 tags repr\u00e9sentants des \u00ab\u00a0mains rouges\u00a0\u00bb<\/a> \u2013 symbole pouvant \u00eatre li\u00e9 au lynchage de soldats isra\u00e9liens \u00e0 Ramallah, en Cisjordanie occup\u00e9e, en 2000 \u2013 ont \u00e9t\u00e9 peints sur le Mur des Justes du M\u00e9morial de la Shoah \u00e0 Paris.<\/p>\n<p>La Russie soup\u00e7onn\u00e9e d&rsquo;\u00eatre derri\u00e8re cette \u00ab\u00a0action de d\u00e9stabilisation de la France\u00a0\u00bb<\/p>\n<p>Il leur est \u00e9galement reproch\u00e9 \u00ab\u00a0plusieurs dizaines de tags similaires\u00a0\u00bb sur des murs dans les IVe et Ve arrondissements de la capitale.<\/p>\n<p>Les suspects ont \u00e9t\u00e9 identifi\u00e9s gr\u00e2ce \u00e0 l&rsquo;analyse des images de vid\u00e9osurveillance, de leurs lignes t\u00e9l\u00e9phoniques, des r\u00e9servations de vols et d&rsquo;un h\u00f4tel.<\/p>\n<p>Au cours de l&rsquo;information judiciaire s&rsquo;est dessin\u00e9e \u00ab\u00a0l&rsquo;hypoth\u00e8se que cette action \u00e9tait susceptible de correspondre \u00e0 une action de d\u00e9stabilisation de la France orchestr\u00e9e par les services de renseignement russe\u00a0\u00bb, a indiqu\u00e9 le parquet.<\/p>\n<p>\u00c0 lire aussi<a href=\"https:\/\/www.france24.com\/fr\/france\/20240522-m\u00e9morial-de-la-shoah-\u00e0-paris-la-russie-soup\u00e7onn\u00e9e-d-\u00eatre-derri\u00e8re-les-tags-de-mains-rouges\" class=\"link \" rel=\"nofollow noopener\" target=\"_blank\" data-ylk=\"slk:M\u00e9morial de la Shoah \u00e0 Paris : la Russie soup\u00e7onn\u00e9e d&#039;\u00eatre derri\u00e8re les tags de mains rouges;elm:context_link;itc:0;sec:content-canvas\">M\u00e9morial de la Shoah \u00e0 Paris : la Russie soup\u00e7onn\u00e9e d&rsquo;\u00eatre derri\u00e8re les tags de mains rouges<\/a><\/p>\n<p>Cette action s&rsquo;int\u00e9grait dans \u00ab\u00a0une strat\u00e9gie plus large visant \u00e0 diffuser de fausses informations et \u00e9galement \u00e0 diviser l&rsquo;opinion fran\u00e7aise ou attiser les tensions internes en faisant appel \u00e0 des &lsquo;proxies&rsquo;, c&rsquo;est-\u00e0-dire des personnes qui ne travaillent pas pour ces services mais sont r\u00e9mun\u00e9r\u00e9es par eux pour des t\u00e2ches ponctuelles par le biais d&rsquo;interm\u00e9diaires, notamment dans des pays voisins de la Russie\u00a0\u00bb, a-t-il ajout\u00e9.<\/p>\n<p>Le service Viginum, charg\u00e9 de la lutte contre les ing\u00e9rences num\u00e9riques \u00e9trang\u00e8res, avait \u00ab\u00a0observ\u00e9 une instrumentalisation de cette affaire par des acteurs li\u00e9s \u00e0 la Russie\u00a0\u00bb.<\/p>\n<p>Une premi\u00e8re audience est fix\u00e9e le 11 septembre, le proc\u00e8s sur le fond pourrait se tenir fin octobre, selon le parquet.<\/p>\n<p>Avec AFP<\/p>\n","protected":false},"excerpt":{"rendered":"Quatre hommes de nationalit\u00e9 bulgare seront jug\u00e9s \u00e0 l&rsquo;automne en France dans l&rsquo;affaire des \u00ab\u00a0mains rouges\u00a0\u00bb tagu\u00e9es en&hellip;\n","protected":false},"author":2,"featured_media":275638,"comment_status":"","ping_status":"","sticky":false,"template":"","format":"standard","meta":{"footnotes":""},"categories":[1888],"tags":[1111,1928,11,1927,5815,1777,674,1011,27,17056,12,1926,626,1925,15860,25,34787],"class_list":{"0":"post-275637","1":"post","2":"type-post","3":"status-publish","4":"format-standard","5":"has-post-thumbnail","7":"category-paris","8":"tag-actu","9":"tag-actu-paris","10":"tag-actualites","11":"tag-actualites-paris","12":"tag-association-de-malfaiteurs","13":"tag-eu","14":"tag-europe","15":"tag-fr","16":"tag-france","17":"tag-memorial-de-la-shoah","18":"tag-news","19":"tag-news-paris","20":"tag-paris","21":"tag-paris-news","22":"tag-parquet","23":"tag-republique-francaise","24":"tag-tribunal-correctionnel-de-paris"},"share_on_mastodon":{"url":"https:\/\/pubeurope.com\/@fr\/114920651780622432","error":""},"_links":{"self":[{"href":"https:\/\/www.europesays.com\/fr\/wp-json\/wp\/v2\/posts\/275637","targetHints":{"allow":["GET"]}}],"collection":[{"href":"https:\/\/www.europesays.com\/fr\/wp-json\/wp\/v2\/posts"}],"about":[{"href":"https:\/\/www.europesays.com\/fr\/wp-json\/wp\/v2\/types\/post"}],"author":[{"embeddable":true,"href":"https:\/\/www.europesays.com\/fr\/wp-json\/wp\/v2\/users\/2"}],"replies":[{"embeddable":true,"href":"https:\/\/www.europesays.com\/fr\/wp-json\/wp\/v2\/comments?post=275637"}],"version-history":[{"count":0,"href":"https:\/\/www.europesays.com\/fr\/wp-json\/wp\/v2\/posts\/275637\/revisions"}],"wp:featuredmedia":[{"embeddable":true,"href":"https:\/\/www.europesays.com\/fr\/wp-json\/wp\/v2\/media\/275638"}],"wp:attachment":[{"href":"https:\/\/www.europesays.com\/fr\/wp-json\/wp\/v2\/media?parent=275637"}],"wp:term":[{"taxonomy":"category","embeddable":true,"href":"https:\/\/www.europesays.com\/fr\/wp-json\/wp\/v2\/categories?post=275637"},{"taxonomy":"post_tag","embeddable":true,"href":"https:\/\/www.europesays.com\/fr\/wp-json\/wp\/v2\/tags?post=275637"}],"curies":[{"name":"wp","href":"https:\/\/api.w.org\/{rel}","templated":true}]}}