{"id":275645,"date":"2025-07-26T17:15:13","date_gmt":"2025-07-26T17:15:13","guid":{"rendered":"https:\/\/www.europesays.com\/fr\/275645\/"},"modified":"2025-07-26T17:15:13","modified_gmt":"2025-07-26T17:15:13","slug":"le-pape-leon-evoque-la-guerre-en-ukraine-avec-un-representant-de-leglise-orthodoxe-russe-26-07-2025-a-1838","status":"publish","type":"post","link":"https:\/\/www.europesays.com\/fr\/275645\/","title":{"rendered":"Le pape L\u00e9on \u00e9voque la guerre en Ukraine avec un repr\u00e9sentant de l&rsquo;\u00c9glise orthodoxe russe &#8211; 26\/07\/2025 \u00e0 18:38"},"content":{"rendered":"<p>        <img fetchpriority=\"high\" decoding=\"async\" src=\"https:\/\/www.europesays.com\/fr\/wp-content\/uploads\/2025\/07\/2d3f69783fb62a6d7eec69861fa8b301-760x507.jpg\" alt=\"Le pape L\u00e9on XIII aux c\u00f4t\u00e9s du m\u00e9tropolite Antoine de Volokolamsk\" loading=\"eager\" width=\"760\" height=\"507\" style=\"max-width: 100%!important; height: auto;\"\/><\/p>\n<p class=\"c-image-news__legend\">Le pape L\u00e9on XIII aux c\u00f4t\u00e9s du m\u00e9tropolite Antoine de Volokolamsk<\/p>\n<p>\n Le pape L\u00e9on a discut\u00e9 de la guerre en Ukraine samedi avec le m\u00e9tropolite russe Antoine, responsable du d\u00e9partement des relations eccl\u00e9siastiques ext\u00e9rieures du Patriarcat de Moscou, s&rsquo;effor\u00e7ant d&rsquo;apaiser des liens qui se sont tendus depuis le d\u00e9but de la guerre contre Kyiv d\u00e9clench\u00e9e par la Russie, d\u00e9but 2022.\n<\/p>\n<p>\n L\u00e9on a rencontr\u00e9 le m\u00e9tropolite russe Antoine, ainsi que cinq autres eccl\u00e9siastiques de haut rang, lors d&rsquo;une audience organis\u00e9e dans la matin\u00e9e, a d\u00e9clar\u00e9 le Vatican.\n<\/p>\n<p>\n \u00ab\u00a0Au cours de la conversation, de nombreuses questions ont \u00e9t\u00e9 soulev\u00e9es concernant l&rsquo;\u00e9tat du dialogue entre orthodoxes et catholiques, ainsi que les conflits en cours dans le monde, y compris en Ukraine et au Moyen-Orient\u00a0\u00bb, a d\u00e9clar\u00e9 l&rsquo;\u00c9glise orthodoxe russe dans un communiqu\u00e9.\n<\/p>\n<p>\n L\u00e9on a lanc\u00e9 \u00e0 plusieurs reprises des appels \u00e0 la paix dans les conflits en cours dans le monde depuis son accession \u00e0 la papaut\u00e9, en mai, et a indiqu\u00e9 d\u00e9but juillet au pr\u00e9sident ukrainien Volodimir Zelensky que le Vatican \u00e9tait pr\u00eat \u00e0 accueillir des pourparlers de paix entre la Russie et l&rsquo;Ukraine.\n<\/p>\n<p>\n Des responsables russes ont toutefois d\u00e9clar\u00e9 qu&rsquo;ils ne consid\u00e9raient pas le Vatican comme un lieu s\u00e9rieux pour des pourparlers car le Saint-Si\u00e8ge est entour\u00e9 par l&rsquo;Italie, membre de l&rsquo;Otan, qui a soutenu l&rsquo;Ukraine et pris part aux sanctions de l&rsquo;Union europ\u00e9enne contre la Russie.\n<\/p>\n<p>\n Alors que le chef de l&rsquo;\u00c9glise orthodoxe russe, le patriarche Cyrille, a soutenu avec enthousiasme l&rsquo;invasion de l&rsquo;Ukraine, le communiqu\u00e9 publi\u00e9 samedi indique que celui-ci a transmis ses f\u00e9licitations \u00e0 L\u00e9on pour son \u00e9lection.\n<\/p>\n<p>\n \u00ab\u00a0Le pape L\u00e9on XIV a exprim\u00e9 sa gratitude \u00e0 sa saintet\u00e9 le patriarche Cyrille pour ses v\u0153ux et a soulign\u00e9 l&rsquo;importance de d\u00e9velopper les relations avec l&rsquo;\u00c9glise orthodoxe russe\u00a0\u00bb, ajoute le document de l&rsquo;\u00c9glise orthodoxe russe.\n<\/p>\n<p>\n (Reportage Sara Rossi et Fylyp Lebediev)<\/p>\n","protected":false},"excerpt":{"rendered":"Le pape L\u00e9on XIII aux c\u00f4t\u00e9s du m\u00e9tropolite Antoine de Volokolamsk Le pape L\u00e9on a discut\u00e9 de la&hellip;\n","protected":false},"author":2,"featured_media":275646,"comment_status":"","ping_status":"","sticky":false,"template":"","format":"standard","meta":{"footnotes":""},"categories":[1590],"tags":[400,11,398,408,405,1777,674,403,402,399,404,12,401,406,220,407],"class_list":{"0":"post-275645","1":"post","2":"type-post","3":"status-publish","4":"format-standard","5":"has-post-thumbnail","7":"category-ukraine","8":"tag-action-cac-40","9":"tag-actualites","10":"tag-bourse-de-paris","11":"tag-boursorama","12":"tag-cotations","13":"tag-eu","14":"tag-europe","15":"tag-indices-devises","16":"tag-investir","17":"tag-investissement","18":"tag-marche-boursier","19":"tag-news","20":"tag-sicav","21":"tag-trackers","22":"tag-ukraine","23":"tag-warrants"},"share_on_mastodon":{"url":"https:\/\/pubeurope.com\/@fr\/114920667505332096","error":""},"_links":{"self":[{"href":"https:\/\/www.europesays.com\/fr\/wp-json\/wp\/v2\/posts\/275645","targetHints":{"allow":["GET"]}}],"collection":[{"href":"https:\/\/www.europesays.com\/fr\/wp-json\/wp\/v2\/posts"}],"about":[{"href":"https:\/\/www.europesays.com\/fr\/wp-json\/wp\/v2\/types\/post"}],"author":[{"embeddable":true,"href":"https:\/\/www.europesays.com\/fr\/wp-json\/wp\/v2\/users\/2"}],"replies":[{"embeddable":true,"href":"https:\/\/www.europesays.com\/fr\/wp-json\/wp\/v2\/comments?post=275645"}],"version-history":[{"count":0,"href":"https:\/\/www.europesays.com\/fr\/wp-json\/wp\/v2\/posts\/275645\/revisions"}],"wp:featuredmedia":[{"embeddable":true,"href":"https:\/\/www.europesays.com\/fr\/wp-json\/wp\/v2\/media\/275646"}],"wp:attachment":[{"href":"https:\/\/www.europesays.com\/fr\/wp-json\/wp\/v2\/media?parent=275645"}],"wp:term":[{"taxonomy":"category","embeddable":true,"href":"https:\/\/www.europesays.com\/fr\/wp-json\/wp\/v2\/categories?post=275645"},{"taxonomy":"post_tag","embeddable":true,"href":"https:\/\/www.europesays.com\/fr\/wp-json\/wp\/v2\/tags?post=275645"}],"curies":[{"name":"wp","href":"https:\/\/api.w.org\/{rel}","templated":true}]}}