{"id":275647,"date":"2025-07-26T17:16:11","date_gmt":"2025-07-26T17:16:11","guid":{"rendered":"https:\/\/www.europesays.com\/fr\/275647\/"},"modified":"2025-07-26T17:16:11","modified_gmt":"2025-07-26T17:16:11","slug":"usa-la-nasa-annonce-le-licenciement-de-3-000-employes","status":"publish","type":"post","link":"https:\/\/www.europesays.com\/fr\/275647\/","title":{"rendered":"USA: La Nasa annonce le licenciement de 3.000 employ\u00e9s"},"content":{"rendered":"<p>\t\t<img width=\"1200\" height=\"600\" src=\"https:\/\/www.europesays.com\/fr\/wp-content\/uploads\/2025\/07\/NASA.jpg\" class=\"attachment-full size-full wp-post-image\" alt=\"\" data-main-img=\"1\" decoding=\"async\" fetchpriority=\"high\"   data-attachment-id=\"608418\" data-permalink=\"https:\/\/www.lesiteinfo.com\/monde\/608417-la-nasa-fait-une-grande-decouverte.html\/attachment\/nasa-3\" data-orig-file=\"https:\/\/www.europesays.com\/fr\/wp-content\/uploads\/2025\/07\/NASA.jpg\" data-orig-size=\"1200,600\" data-comments-opened=\"0\" data-image-meta=\"{&quot;aperture&quot;:&quot;0&quot;,&quot;credit&quot;:&quot;&quot;,&quot;camera&quot;:&quot;&quot;,&quot;caption&quot;:&quot;&quot;,&quot;created_timestamp&quot;:&quot;0&quot;,&quot;copyright&quot;:&quot;&quot;,&quot;focal_length&quot;:&quot;0&quot;,&quot;iso&quot;:&quot;0&quot;,&quot;shutter_speed&quot;:&quot;0&quot;,&quot;title&quot;:&quot;&quot;,&quot;orientation&quot;:&quot;1&quot;}\" data-image-title=\"NASA\" data-image-description=\"\" data-image-caption=\"\" data-medium-file=\"https:\/\/www.lesiteinfo.com\/wp-content\/uploads\/2024\/02\/NASA-200x100.jpg\" data-large-file=\"https:\/\/www.lesiteinfo.com\/wp-content\/uploads\/2024\/02\/NASA-660x330.jpg\"\/><\/p>\n<p>\t\t\t Par LeSiteinfo avec MAP <\/p>\n<p>L\u2019agence spatiale am\u00e9ricaine, la Nasa, a annonc\u00e9 le licenciement de pr\u00e8s de 3.000 de ses employ\u00e9s.<\/p>\n<p>Dans un communiqu\u00e9, l\u2019agence a fait savoir qu\u2019environ 3.000 personnes ont particip\u00e9 \u00e0 la deuxi\u00e8me vague de son programme de licenciements diff\u00e9r\u00e9s, qui s\u2019est achev\u00e9e vendredi.<\/p>\n<p>Si l\u2019on ajoute les 870 personnes qui ont particip\u00e9 au premier cycle de ce programme et les d\u00e9parts r\u00e9guliers du personnel, l\u2019agence spatiale am\u00e9ricaine voit ses effectifs passer de 18.000 employ\u00e9s fin janvier \u00e0 14.000, soit une baisse de 20%.<\/p>\n<p>Ceux qui ont d\u00e9cid\u00e9 de quitter la Nasa dans le cadre du programme seront plac\u00e9s en cong\u00e9s jusqu\u2019\u00e0 leur date de d\u00e9part. Un porte-parole de l\u2019agence a indiqu\u00e9 que les chiffres pouvaient sensiblement changer ces prochaines semaines.<\/p>\n","protected":false},"excerpt":{"rendered":"Par LeSiteinfo avec MAP L\u2019agence spatiale am\u00e9ricaine, la Nasa, a annonc\u00e9 le licenciement de pr\u00e8s de 3.000 de&hellip;\n","protected":false},"author":2,"featured_media":275648,"comment_status":"","ping_status":"","sticky":false,"template":"","format":"standard","meta":{"footnotes":""},"categories":[1589],"tags":[11,73,1866,12,1864,1865,1863,308],"class_list":{"0":"post-275647","1":"post","2":"type-post","3":"status-publish","4":"format-standard","5":"has-post-thumbnail","7":"category-etats-unis","8":"tag-actualites","9":"tag-etats-unis","10":"tag-etats-unis-damerique","11":"tag-news","12":"tag-united-states","13":"tag-united-states-of-america","14":"tag-us","15":"tag-usa"},"share_on_mastodon":{"url":"https:\/\/pubeurope.com\/@fr\/114920671384545221","error":""},"_links":{"self":[{"href":"https:\/\/www.europesays.com\/fr\/wp-json\/wp\/v2\/posts\/275647","targetHints":{"allow":["GET"]}}],"collection":[{"href":"https:\/\/www.europesays.com\/fr\/wp-json\/wp\/v2\/posts"}],"about":[{"href":"https:\/\/www.europesays.com\/fr\/wp-json\/wp\/v2\/types\/post"}],"author":[{"embeddable":true,"href":"https:\/\/www.europesays.com\/fr\/wp-json\/wp\/v2\/users\/2"}],"replies":[{"embeddable":true,"href":"https:\/\/www.europesays.com\/fr\/wp-json\/wp\/v2\/comments?post=275647"}],"version-history":[{"count":0,"href":"https:\/\/www.europesays.com\/fr\/wp-json\/wp\/v2\/posts\/275647\/revisions"}],"wp:featuredmedia":[{"embeddable":true,"href":"https:\/\/www.europesays.com\/fr\/wp-json\/wp\/v2\/media\/275648"}],"wp:attachment":[{"href":"https:\/\/www.europesays.com\/fr\/wp-json\/wp\/v2\/media?parent=275647"}],"wp:term":[{"taxonomy":"category","embeddable":true,"href":"https:\/\/www.europesays.com\/fr\/wp-json\/wp\/v2\/categories?post=275647"},{"taxonomy":"post_tag","embeddable":true,"href":"https:\/\/www.europesays.com\/fr\/wp-json\/wp\/v2\/tags?post=275647"}],"curies":[{"name":"wp","href":"https:\/\/api.w.org\/{rel}","templated":true}]}}