{"id":275649,"date":"2025-07-26T17:17:10","date_gmt":"2025-07-26T17:17:10","guid":{"rendered":"https:\/\/www.europesays.com\/fr\/275649\/"},"modified":"2025-07-26T17:17:10","modified_gmt":"2025-07-26T17:17:10","slug":"gaza-la-france-lallemagne-et-le-royaume-uni-lancent-un-nouvel-appel-en-faveur-dun-cessez-le-feu","status":"publish","type":"post","link":"https:\/\/www.europesays.com\/fr\/275649\/","title":{"rendered":"Gaza : la France, l&rsquo;Allemagne et le Royaume-Uni lancent un nouvel appel en faveur d&rsquo;un cessez-le-feu"},"content":{"rendered":"<p>            <img decoding=\"async\" class=\"c-ad__placeholder__logo\" src=\"https:\/\/static.euronews.com\/website\/images\/logos\/logo-euronews-grey-6-180x22.svg\" width=\"180\" height=\"22\" alt=\"\" loading=\"lazy\"\/><br \/>\n            PUBLICIT\u00c9<\/p>\n<p>Les dirigeants de la France, de l&rsquo;Allemagne et du Royaume-Uni, connus sous le nom de E3, ont lanc\u00e9 samedi un nouvel appel \u00e0 la fin de la guerre de Gaza, d\u00e9crivant la situation dans l&rsquo;enclave assi\u00e9g\u00e9e comme \u00e9pouvantable.<\/p>\n<p>Selon un communiqu\u00e9 du gouvernement britannique, le Premier ministre Keir Starmer, le pr\u00e9sident fran\u00e7ais Emmanuel Macron et le chancelier allemand Friedrich Merz se sont entretenus samedi matin par t\u00e9l\u00e9phone.<\/p>\n<p>Ils ont soulign\u00e9 l&rsquo;urgence d&rsquo;un cessez-le-feu imm\u00e9diat, la n\u00e9cessit\u00e9 pour Isra\u00ebl de lever toutes les restrictions sur l&rsquo;aide et de fournir d&rsquo;urgence \u00e0 ceux qui souffrent \u00e0 Gaza la nourriture dont ils ont si d\u00e9sesp\u00e9r\u00e9ment besoin, selon le communiqu\u00e9.<\/p>\n<p>\u00ab\u00a0Ils ont discut\u00e9 de leur intention de travailler en \u00e9troite collaboration sur un plan, en s&rsquo;appuyant sur leur collaboration \u00e0 ce jour, qui ouvrirait la voie \u00e0 une solution \u00e0 long terme et \u00e0 la s\u00e9curit\u00e9 dans la r\u00e9gion\u00a0\u00bb, ajoute le communiqu\u00e9.<\/p>\n<p>L&rsquo;appel de samedi fait suite \u00e0 celui de vendredi, o\u00f9 les alli\u00e9s europ\u00e9ens ont demand\u00e9 un cessez-le-feu imm\u00e9diat, d\u00e9clarant que \u00ab\u00a0le refus d&rsquo;apporter une aide humanitaire essentielle \u00e0 la population civile est inacceptable\u00a0\u00bb.<\/p>\n<p>Quelle pourrait \u00eatre l&rsquo;action des pays de l&rsquo;E3 ?<\/p>\n<p>Les dirigeants ont d\u00e9clar\u00e9 qu&rsquo;ils \u00ab\u00a0sont pr\u00eats \u00e0 prendre d&rsquo;autres mesures pour soutenir un cessez-le-feu imm\u00e9diat et un processus politique qui m\u00e8ne \u00e0 une s\u00e9curit\u00e9 et une paix durables pour les Isra\u00e9liens, les Palestiniens et l&rsquo;ensemble de la r\u00e9gion\u00a0\u00bb, mais ils n&rsquo;ont pas pr\u00e9cis\u00e9 ce que ces mesures pourraient \u00eatre.<\/p>\n<p>Jeudi, le pr\u00e9sident fran\u00e7ais Emmanuel Macron a annonc\u00e9 que son pays reconnaitrait un \u00c9tat palestinien en septembre, s&rsquo;attirant les foudres des \u00c9tats-Unis et d&rsquo;Isra\u00ebl.<\/p>\n<p>Dans la d\u00e9claration commune de vendredi, les dirigeants ont exhort\u00e9 toutes les parties \u00e0 mettre fin au conflit et ont \u00e9galement appel\u00e9 \u00e0 la lib\u00e9ration inconditionnelle de tous les otages retenus par le Hamas depuis le 7 octobre 2023.<\/p>\n<p>Alors que leur appel intervient dans un contexte de rupture des n\u00e9gociations sur le cessez-le-feu entre Isra\u00ebl et le Hamas, qui se sont retrouv\u00e9es au point mort apr\u00e8s que les \u00c9tats-Unis et Isra\u00ebl ont rappel\u00e9 leurs \u00e9quipes de n\u00e9gociation jeudi, Keir Starmer, Emmanuel Macron et Friedrich Merz ont soulign\u00e9 que le d\u00e9sarmement du Hamas demeurait un imp\u00e9ratif.<\/p>\n<p>\u00ab\u00a0Le Hamas ne doit jouer aucun r\u00f4le dans l&rsquo;avenir de Gaza. Nous r\u00e9affirmons notre engagement \u00e0 soutenir les efforts diplomatiques des \u00c9tats-Unis, du Qatar et de l&rsquo;\u00c9gypte\u00a0\u00bb, peut-on lire dans la d\u00e9claration commune de vendredi.<\/p>\n<p>Le spectre de la famine \u00e0 Gaza<\/p>\n<p>Cette semaine, le monde s&rsquo;est r\u00e9veill\u00e9 avec des images sinistres d&rsquo;enfants souffrant de malnutrition et mourant de faim \u00e0 Gaza.<\/p>\n<p>Les experts ont pr\u00e9venu que Gaza se rapprochait de la famine apr\u00e8s des mois de blocage total de la nourriture par Isra\u00ebl ou de distribution de quantit\u00e9s limit\u00e9es.<\/p>\n<p>Le Programme alimentaire mondial des Nations unies (PAM) indique que pr\u00e8s d&rsquo;une personne sur trois \u00e0 Gaza n&rsquo;a pas mang\u00e9 depuis plusieurs jours et pr\u00e9vient que la malnutrition augmente, avec environ 90 000 enfants et femmes ayant besoin d&rsquo;un traitement urgent.<\/p>\n<p>Au cours des trois derni\u00e8res semaines, au moins 50 personnes sont mortes de causes li\u00e9es \u00e0 la malnutrition, dont 28 adultes et 22 enfants, selon le minist\u00e8re de la Sant\u00e9 de Gaza.<\/p>\n<p>Ce chiffre est en augmentation par rapport aux 12 enfants d\u00e9c\u00e9d\u00e9s au cours des cinq mois pr\u00e9c\u00e9dents de l&rsquo;ann\u00e9e 2025, selon le minist\u00e8re.<\/p>\n<p>Le Royaume-Uni va larguer de l&rsquo;aide \u00e0 Gaza<\/p>\n<p>Samedi, le Premier ministre britannique Keir Starmer a d\u00e9clar\u00e9 que le Royaume-Uni poursuivrait \u00e9galement ses projets de collaboration avec des partenaires tels que la Jordanie pour le parachutage de l&rsquo;aide et l&rsquo;\u00e9vacuation des enfants ayant besoin d&rsquo;une assistance m\u00e9dicale.<\/p>\n<p>Dans sa d\u00e9claration sur l&rsquo;appel avec les dirigeants fran\u00e7ais et allemand, le Premier ministre britannique a d\u00e9clar\u00e9 qu&rsquo;ils \u00e9taient tous d&rsquo;accord pour dire qu&rsquo;il serait vital de s&rsquo;assurer que des plans solides sont en place pour transformer un cessez-le-feu n\u00e9cessaire de toute urgence en une paix durable.<\/p>\n<p>Ils ont convenu qu&rsquo;une fois ce plan \u00e9labor\u00e9, ils chercheraient \u00e0 impliquer d&rsquo;autres partenaires cl\u00e9s, y compris dans la r\u00e9gion, pour le faire avancer.<\/p>\n","protected":false},"excerpt":{"rendered":"PUBLICIT\u00c9 Les dirigeants de la France, de l&rsquo;Allemagne et du Royaume-Uni, connus sous le nom de E3, ont&hellip;\n","protected":false},"author":2,"featured_media":275650,"comment_status":"","ping_status":"","sticky":false,"template":"","format":"standard","meta":{"footnotes":""},"categories":[1588],"tags":[11,1073,1777,674,27,4710,665,12,3518,473,1853,1851,1850,1852],"class_list":{"0":"post-275649","1":"post","2":"type-post","3":"status-publish","4":"format-standard","5":"has-post-thumbnail","7":"category-royaume-uni","8":"tag-actualites","9":"tag-emmanuel-macron","10":"tag-eu","11":"tag-europe","12":"tag-france","13":"tag-friedrich-merz","14":"tag-gaza","15":"tag-news","16":"tag-palestine","17":"tag-royaume-uni","18":"tag-royaume-uni-de-grande-bretagne-et-dirlande-du-nord","19":"tag-uk","20":"tag-united-kingdom","21":"tag-united-kingdom-of-great-britain-and-northern-ireland"},"share_on_mastodon":{"url":"https:\/\/pubeurope.com\/@fr\/114920675403160610","error":""},"_links":{"self":[{"href":"https:\/\/www.europesays.com\/fr\/wp-json\/wp\/v2\/posts\/275649","targetHints":{"allow":["GET"]}}],"collection":[{"href":"https:\/\/www.europesays.com\/fr\/wp-json\/wp\/v2\/posts"}],"about":[{"href":"https:\/\/www.europesays.com\/fr\/wp-json\/wp\/v2\/types\/post"}],"author":[{"embeddable":true,"href":"https:\/\/www.europesays.com\/fr\/wp-json\/wp\/v2\/users\/2"}],"replies":[{"embeddable":true,"href":"https:\/\/www.europesays.com\/fr\/wp-json\/wp\/v2\/comments?post=275649"}],"version-history":[{"count":0,"href":"https:\/\/www.europesays.com\/fr\/wp-json\/wp\/v2\/posts\/275649\/revisions"}],"wp:featuredmedia":[{"embeddable":true,"href":"https:\/\/www.europesays.com\/fr\/wp-json\/wp\/v2\/media\/275650"}],"wp:attachment":[{"href":"https:\/\/www.europesays.com\/fr\/wp-json\/wp\/v2\/media?parent=275649"}],"wp:term":[{"taxonomy":"category","embeddable":true,"href":"https:\/\/www.europesays.com\/fr\/wp-json\/wp\/v2\/categories?post=275649"},{"taxonomy":"post_tag","embeddable":true,"href":"https:\/\/www.europesays.com\/fr\/wp-json\/wp\/v2\/tags?post=275649"}],"curies":[{"name":"wp","href":"https:\/\/api.w.org\/{rel}","templated":true}]}}